{"id":3731,"date":"2013-03-22T15:50:40","date_gmt":"2013-03-22T14:50:40","guid":{"rendered":"http:\/\/www.ladislavjakl.cz\/?p=3731"},"modified":"2013-03-22T15:50:40","modified_gmt":"2013-03-22T14:50:40","slug":"jakl-se-ostre-obul-do-pravicove-ods","status":"publish","type":"post","link":"https:\/\/www.ladislavjakl.cz\/?p=3731","title":{"rendered":"Jakl se ost\u0159e obul do &#8222;pravicov\u00e9&#8220; ODS!"},"content":{"rendered":"<p>Ladislav Jakl, kter\u00fd byl <a id=\"anchorbbtBubble16\">poradcem<\/a> dnes ji\u017e b\u00fdval\u00e9ho prezidenta V\u00e1clava Klause, v r\u00e1mci vyj\u00e1d\u0159en\u00ed k  v\u00fdsledk\u016fm 37. sjezdu \u010cSSD ost\u0159e zkritizoval sou\u010dasnou \u010deskou pravici,  kter\u00e1 neh\u00e1j\u00ed pravicov\u00e9 hodnoty.<\/p>\n<p><!--more--><\/p>\n<p>K soci\u00e1ln\u00ed demokracii se necht\u011bl bl\u00ed\u017ee vyjad\u0159ovat, jak uvedl pro  server EuroZpr\u00e1vy.cz. \u201eMysl\u00edm, \u017ee levicovou politiku tato strana h\u00e1j\u00ed  dob\u0159e,&#8220; uvedl Jakl. Neodolal v\u0161ak r\u00fdpnut\u00ed do \u010desk\u00e9 pravice: \u201eje\u0161t\u011b, aby  takto dob\u0159e n\u011bkdo h\u00e1jil politiku pravicovou.&#8220;<\/p>\n<p>Pravice se v posledn\u00edch letech zm\u00edt\u00e1 v krizi, o \u010dem\u017e sv\u011bd\u010d\u00ed v\u00fdzkumy  ve\u0159ejn\u00e9ho m\u00edn\u011bn\u00ed. ODS v nich ji\u017e dlouhou dobu z\u00edsk\u00e1v\u00e1 kolem 10% stejn\u011b  jako TOP 09, kter\u00e1 je mladou stranou. ODS by m\u011bla se sebou n\u011bco d\u011blat,  pokud nechce skon\u010dit v zapomn\u011bn\u00ed.<\/p>\n<p>ODS je vy\u010d\u00edt\u00e1no, \u017ee ve <a id=\"anchorbbtBubble139\">vl\u00e1d\u011b<\/a> ned\u011bl\u00e1 pravicovou politiku. P\u0159esto\u017ee by m\u011bla m\u00edt hlavn\u00ed slovo, d\u011blaj\u00ed se kroky, kter\u00e9 m\u011bla v <a id=\"anchorbbtBubble155\">programu<\/a> TOP 09, ale ODS \u0161la sv\u00fdm p\u0159edvolebn\u00edm programem proti n\u00edm.<\/p>\n<p><a href=\"http:\/\/domaci.eurozpravy.cz\/politika\/67098-jakl-se-ostre-obul-do-pravicove-ods\/\" target=\"_blank\">Zdroj<\/a><\/p>\n","protected":false},"excerpt":{"rendered":"<p>Ladislav Jakl, kter\u00fd byl poradcem dnes ji\u017e b\u00fdval\u00e9ho prezidenta V\u00e1clava Klause, v r\u00e1mci vyj\u00e1d\u0159en\u00ed k v\u00fdsledk\u016fm 37. sjezdu \u010cSSD ost\u0159e zkritizoval sou\u010dasnou \u010deskou pravici, kter\u00e1 neh\u00e1j\u00ed pravicov\u00e9 hodnoty.<\/p>\n","protected":false},"author":1,"featured_media":0,"comment_status":"open","ping_status":"open","sticky":false,"template":"","format":"standard","meta":{"ngg_post_thumbnail":0,"footnotes":""},"categories":[11],"tags":[],"class_list":["post-3731","post","type-post","status-publish","format-standard","hentry","category-ozvena"],"_links":{"self":[{"href":"https:\/\/www.ladislavjakl.cz\/index.php?rest_route=\/wp\/v2\/posts\/3731","targetHints":{"allow":["GET"]}}],"collection":[{"href":"https:\/\/www.ladislavjakl.cz\/index.php?rest_route=\/wp\/v2\/posts"}],"about":[{"href":"https:\/\/www.ladislavjakl.cz\/index.php?rest_route=\/wp\/v2\/types\/post"}],"author":[{"embeddable":true,"href":"https:\/\/www.ladislavjakl.cz\/index.php?rest_route=\/wp\/v2\/users\/1"}],"replies":[{"embeddable":true,"href":"https:\/\/www.ladislavjakl.cz\/index.php?rest_route=%2Fwp%2Fv2%2Fcomments&post=3731"}],"version-history":[{"count":2,"href":"https:\/\/www.ladislavjakl.cz\/index.php?rest_route=\/wp\/v2\/posts\/3731\/revisions"}],"predecessor-version":[{"id":3733,"href":"https:\/\/www.ladislavjakl.cz\/index.php?rest_route=\/wp\/v2\/posts\/3731\/revisions\/3733"}],"wp:attachment":[{"href":"https:\/\/www.ladislavjakl.cz\/index.php?rest_route=%2Fwp%2Fv2%2Fmedia&parent=3731"}],"wp:term":[{"taxonomy":"category","embeddable":true,"href":"https:\/\/www.ladislavjakl.cz\/index.php?rest_route=%2Fwp%2Fv2%2Fcategories&post=3731"},{"taxonomy":"post_tag","embeddable":true,"href":"https:\/\/www.ladislavjakl.cz\/index.php?rest_route=%2Fwp%2Fv2%2Ftags&post=3731"}],"curies":[{"name":"wp","href":"https:\/\/api.w.org\/{rel}","templated":true}]}}