{"id":3744,"date":"2013-03-25T13:20:26","date_gmt":"2013-03-25T12:20:26","guid":{"rendered":"http:\/\/www.ladislavjakl.cz\/?p=3744"},"modified":"2013-03-25T13:20:26","modified_gmt":"2013-03-25T12:20:26","slug":"je-cas-z-eu-odejit-chystam-referendum","status":"publish","type":"post","link":"https:\/\/www.ladislavjakl.cz\/?p=3744","title":{"rendered":"Je \u010das z EU odej\u00edt. Chyst\u00e1m referendum"},"content":{"rendered":"<p>Se spolupracovn\u00edkem b\u00fdval\u00e9ho prezidenta Ladislavem Jaklem o Institutu V\u00e1clava Klause a o pot\u0159eb\u011b odej\u00edt z EU.<\/p>\n<p><!--more--><strong><span style=\"font-size: x-small;\"><\/span><\/strong><strong>Co d\u011bl\u00e1te a  pl\u00e1nujete d\u011blat v postprezidentsk\u00e9m obdob\u00ed? Jak\u00fd je V\u00e1\u0161 \u00fakol v  Institutu V\u00e1clava Klause? Jak vypad\u00e1 nebo sp\u00ed\u0161e bude vypadat, proto\u017ee  p\u0159edpokl\u00e1d\u00e1m, \u017ee se zat\u00edm v\u0161e teprve rozb\u00edh\u00e1, V\u00e1\u0161 b\u011b\u017en\u00fd pracovn\u00ed den?<\/strong><\/p>\n<div>V  t\u011bchto chv\u00edl\u00edch tr\u00e1v\u00edm pracovn\u00ed dny hlavn\u011b nad\u00e1v\u00e1n\u00edm na to, \u017ee si mus\u00edm  zvykat na novou techniku, se kterou to neum\u00edm. V Institutu se sna\u017e\u00edme  ji\u017e n\u011bco obsahov\u00e9ho produkovat, ale nejv\u00edce se zat\u00edm zab\u00fdv\u00e1me t\u011bmi \u00fapln\u011b  neprakti\u010dt\u011bj\u0161\u00edmi v\u011bcmi, abychom to pracovi\u0161t\u011b v\u016fbec o\u017eivili.<\/p>\n<p><strong>B\u00fdval\u00fd  prezident\u016fv mluv\u010d\u00ed Radim Ochvat si po n\u00e1ro\u010dn\u00e9 slu\u017eb\u011b na Hrad\u011b jel  odpo\u010dinout do Austr\u00e1lie. Jak odpo\u010d\u00edv\u00e1te nebo pl\u00e1nujete odpo\u010d\u00edvat Vy?  Vzal jste si n\u011bjakou dovolenou, nebo pokra\u010dujete v nov\u00fdch podm\u00ednk\u00e1ch bez  zast\u00e1vky?<\/strong><\/p>\n<p>Odpo\u010d\u00edval jsem \u010dty\u0159i dny a moc mi to  prosp\u011blo. K n\u011bjak\u00e9mu v\u011bt\u0161\u00edmu odpo\u010dinku se ale snad je\u0161t\u011b dostanu. Dost  \u010dasu mi tak\u00e9 zabere sh\u00e1n\u011bn\u00ed nov\u00e9ho bydlen\u00ed.<\/p>\n<p><strong>Petr H\u00e1jek,  kter\u00fd s V\u00e1mi a s panem prezidentem bude v IVK tak\u00e9, rozj\u00ed\u017ed\u00ed novou  medi\u00e1ln\u00ed aktivitu, &#8222;kontrarevolu\u010dn\u00ed magaz\u00edn&#8220; Protiproud. Chyst\u00e1te i Vy  krom\u011b sv\u00e9ho p\u016fsoben\u00ed v IVK je\u0161t\u011b n\u011bco dal\u0161\u00edho? Nebo bude v\u00edce \u010dasu na  kapelu \u010di pivn\u011b-degusta\u010dn\u00ed aktivity?<\/strong><\/p>\n<p>Chyst\u00e1m referendum za vystoupen\u00ed \u010cesk\u00e9 republiky z Evropsk\u00e9 unie. A mysl\u00edm to v\u00e1\u017en\u011b.<\/p>\n<p><strong>Je  pravda, \u017ee jste na posledn\u00edm vystoupen\u00ed Hovor\u016f na pravici obhajoval  my\u0161lenku referenda o vystoupen\u00ed \u010cR z EU. M\u016f\u017eete ve stru\u010dnosti shrnout  pro ty, kte\u0159\u00ed p\u0159edn\u00e1\u0161ku nesly\u0161eli, pro\u010d jste p\u0159\u00edvr\u017eencem takov\u00e9ho  referenda a jak z t\u00e9to ot\u00e1zky u\u010dinit skute\u010dn\u00e9 politick\u00e9 t\u00e9ma, o kter\u00e9m  by se v\u00e1\u017en\u011b uva\u017eovalo i v mainstreamov\u00fdch stran\u00e1ch?<\/strong><\/p>\n<p>Pro\u010d?  Proto\u017ee je to po v\u00fdvoji z posledn\u00edch let podle m\u00e9ho p\u0159esv\u011bd\u010den\u00ed jedin\u00e1  cesta ke svobod\u011b, k suverenit\u011b a k rehabilitaci politiky. EU nen\u00ed  reformovateln\u00e1. Je \u010das odej\u00edt. Na ot\u00e1zku &#8222;jak&#8220; zat\u00edm neodpov\u00edm. Je\u0161t\u011b by  mi bruselofilov\u00e9 koukali do karet.<\/p>\n<p><strong>Neuva\u017eoval jste ani  na chv\u00edli, \u017ee byste t\u0159eba u\u017e s panem prezidentem nepokra\u010doval? Bylo to,  \u017ee s n\u00edm p\u016fjdete do Institutu, u\u017e od po\u010d\u00e1tku jasn\u00e9?<\/strong><\/p>\n<p>Ur\u010dit\u011b uva\u017eoval, mockr\u00e1t. Te\u010f je ale t\u0159eba Institut rozjet. Pak se uvid\u00ed.<\/p>\n<p><strong>Co by m\u011bl Institut V\u00e1clava Klause do budoucna d\u011blat? Jak\u00e9 aktivity bude vyv\u00edjet?<\/strong><\/p>\n<p>Vlastn\u011b  bude d\u011blat tot\u00e9\u017e, na co jsme byli v\u0161ichni zvykl\u00ed u V\u00e1clava Klause. Bude  \u017e\u00edt ve\u0159ejn\u00fdm \u017eivotem a aktivn\u011b promlouvat do politick\u00e9ho d\u011bn\u00ed.<\/p>\n<p><strong>Co se stane s Centrem pro ekonomiku a politiku &#8211; p\u0159esunulo se pod IVK?<\/strong><\/p>\n<p>Zat\u00edm \u00fapln\u011b ne, ale ten p\u0159esun ji\u017e prob\u00edh\u00e1.<\/p>\n<p><strong>P\u0159evezme tak\u00e9 po\u0159\u00e1d\u00e1n\u00ed pravideln\u00fdch p\u0159edn\u00e1\u0161ek, kter\u00e9 zn\u00e1me z CEPu?<\/strong><\/p>\n<p>Ano, s t\u00edm po\u010d\u00edt\u00e1me.<\/p>\n<p><strong>Jak\u00e1 bude prvn\u00ed ve\u0159ejn\u00e1 akce Institutu?<\/strong><\/p>\n<p>Vyd\u00e1n\u00ed  nov\u00e9 knihy pana prezidenta, ve kter\u00e9 jsou shrnuty v\u0161echny jeho projevy k  28. \u0159\u00edjnu. Kniha bude poprv\u00e9 prezentov\u00e1na na p\u016fd\u011b Institutu 26. b\u0159ezna.<\/p>\n<p><strong>Kolik bude m\u00edt IVK zam\u011bstnanc\u016f a kdo bude p\u016fsobit jako jeho mluv\u010d\u00ed nebo tajemn\u00edk prezidenta \u010di jak se ta funkce bude jmenovat?<\/strong><\/p>\n<p>Zam\u011bstnanc\u016f bude jen n\u011bkolik, sp\u00ed\u0161e se po\u010d\u00edt\u00e1 s extern\u00edmi spolupracovn\u00edky. Mluv\u010d\u00edho nebo tajemn\u00edka asi nebude t\u0159eba.<\/p>\n<p><strong>Po \u010dem se V\u00e1m bude po onom desetilet\u00e9m \u00fa\u0159adov\u00e1n\u00ed na Hrad\u011b st\u00fdskat?<\/strong><\/p>\n<p>Po v\u00fdhledu z okna. Ten je z Pra\u017esk\u00e9ho hradu nejkr\u00e1sn\u011bj\u0161\u00ed na sv\u011bt\u011b.<\/p>\n<p><strong>Na  Hovorech na pravici tak\u00e9 p\u0159edseda Akce D.O.S.T. Michal Sem\u00edn nazna\u010dil,  \u017ee kdyby se Suverenita a Svobodn\u00ed um\u011bli dohodnout,prezident V\u00e1clav Klaus  by k tomu nez\u016fstal nete\u010dn\u00fd. Co si o takov\u00e9 spolupr\u00e1ci mysl\u00ed prezident\u016fv  nejbli\u017e\u0161\u00ed spolupracovn\u00edk?<\/strong><\/p>\n<p>Nejsem p\u0159\u00edtelem podobn\u00e9ho  slu\u010dov\u00e1n\u00ed, to by jen rozost\u0159ilo politick\u00e9 vymezen\u00ed obou subjekt\u016f. Jsem  ale pro v\u00e1\u017enou spolupr\u00e1ci na d\u016fle\u017eit\u00fdch v\u011bcech, p\u0159edev\u0161\u00edm na onom  referendu.<\/p>\n<p><strong>Den\u00edk Pr\u00e1vo tak\u00e9 spekuluje, \u017ee by se prezident mohl uch\u00e1zet o voli\u010dskou p\u0159\u00edze\u0148 ve volb\u00e1ch do Evropsk\u00e9ho parlamentu&#8230;<\/strong><\/p>\n<p>Nenech\u00e1m si vnucovat t\u00e9mata od denn\u00edho tisku. A\u0165 si o tom spekuluj\u00ed, kdy\u017e je to bav\u00ed.<\/p>\n<p><strong>Myslel  jsem, \u017ee do Bruselu odch\u00e1zej\u00ed v drtiv\u011b v\u011bt\u0161in\u011b jen vyslou\u017eil\u00ed politici,  kte\u0159\u00ed u\u017e doma nemaj\u00ed co \u0159\u00edci (\u010dest v\u00fdjimk\u00e1m). Nen\u00ed m\u00edsto V\u00e1clava Klause  sp\u00ed\u0161e doma ne\u017e v europarlamentu, kter\u00fd ostatn\u011b tak \u010dasto kritizoval a  kter\u00fd je ve sv\u00e9 podstat\u011b i ned\u016fle\u017eit\u00fd, proto\u017ee nejde o skute\u010dn\u00e9 centrum  moci?<\/strong><\/p>\n<p>M\u016fj osobn\u00ed n\u00e1zor je, \u017ee do europarlamentu m\u016f\u017ee j\u00edt leda masochista.<\/p>\n<p><strong>Uva\u017eujete i Vy o n\u011bjak\u00e9m politick\u00e9m anga\u017em\u00e1 ve stran\u011b, kter\u00e1 V\u00e1m je bl\u00edzk\u00e1?<\/strong><\/p>\n<p>Nic takov\u00e9ho nevylu\u010duji, ale zat\u00edm m\u00e1m jin\u00e9 starosti.<\/p>\n<p><strong>D\u011bkuji za odpov\u011bdi.<\/strong><\/div>\n<div>\n<a href=\"http:\/\/www.prvnizpravy.cz\/zpravy\/z-domova\/jakl-je-cas-z-eu-odejit--chystam-referendum\/\" target=\"_blank\">Zdroj<\/a><em><\/em><\/div>\n","protected":false},"excerpt":{"rendered":"<p>Se spolupracovn\u00edkem b\u00fdval\u00e9ho prezidenta Ladislavem Jaklem o Institutu V\u00e1clava Klause a o pot\u0159eb\u011b odej\u00edt z EU.<\/p>\n","protected":false},"author":1,"featured_media":0,"comment_status":"open","ping_status":"open","sticky":false,"template":"","format":"standard","meta":{"ngg_post_thumbnail":0,"footnotes":""},"categories":[13],"tags":[],"class_list":["post-3744","post","type-post","status-publish","format-standard","hentry","category-rozhovory"],"_links":{"self":[{"href":"https:\/\/www.ladislavjakl.cz\/index.php?rest_route=\/wp\/v2\/posts\/3744","targetHints":{"allow":["GET"]}}],"collection":[{"href":"https:\/\/www.ladislavjakl.cz\/index.php?rest_route=\/wp\/v2\/posts"}],"about":[{"href":"https:\/\/www.ladislavjakl.cz\/index.php?rest_route=\/wp\/v2\/types\/post"}],"author":[{"embeddable":true,"href":"https:\/\/www.ladislavjakl.cz\/index.php?rest_route=\/wp\/v2\/users\/1"}],"replies":[{"embeddable":true,"href":"https:\/\/www.ladislavjakl.cz\/index.php?rest_route=%2Fwp%2Fv2%2Fcomments&post=3744"}],"version-history":[{"count":2,"href":"https:\/\/www.ladislavjakl.cz\/index.php?rest_route=\/wp\/v2\/posts\/3744\/revisions"}],"predecessor-version":[{"id":3746,"href":"https:\/\/www.ladislavjakl.cz\/index.php?rest_route=\/wp\/v2\/posts\/3744\/revisions\/3746"}],"wp:attachment":[{"href":"https:\/\/www.ladislavjakl.cz\/index.php?rest_route=%2Fwp%2Fv2%2Fmedia&parent=3744"}],"wp:term":[{"taxonomy":"category","embeddable":true,"href":"https:\/\/www.ladislavjakl.cz\/index.php?rest_route=%2Fwp%2Fv2%2Fcategories&post=3744"},{"taxonomy":"post_tag","embeddable":true,"href":"https:\/\/www.ladislavjakl.cz\/index.php?rest_route=%2Fwp%2Fv2%2Ftags&post=3744"}],"curies":[{"name":"wp","href":"https:\/\/api.w.org\/{rel}","templated":true}]}}