{"id":377,"date":"2010-05-31T13:51:12","date_gmt":"2010-05-31T12:51:12","guid":{"rendered":"http:\/\/www.ladislavjakl.cz\/?p=377"},"modified":"2010-06-01T08:17:19","modified_gmt":"2010-06-01T07:17:19","slug":"jakl-je-rad-ze-ve-snemovne-nebudou-zeleni-extremiste","status":"publish","type":"post","link":"https:\/\/www.ladislavjakl.cz\/?p=377","title":{"rendered":"Jakl je r\u00e1d, \u017ee ve sn\u011bmovn\u011b nebudou zelen\u00ed extremist\u00e9"},"content":{"rendered":"<p>Prezident\u016fv tajemn\u00edk  Ladislav Jakl pova\u017euje Stranu zelen\u00fdch ze extremisty a je r\u00e1d, \u017ee se  zelen\u00ed nedostali do nov\u00e9 sn\u011bmovny. Vyplynulo to z jeho dne\u0161n\u00edho  vyj\u00e1d\u0159en\u00ed v \u010cesk\u00e9 televizi.<\/p>\n<p><!--more--><\/p>\n<p><span>&#8222;Pro m\u011b jedno z t\u011bch sd\u011blen\u00ed (z voleb) je, \u017ee  parlament opou\u0161t\u00ed jedna z extremistick\u00fdch stran, co\u017e je pro m\u011b docela  p\u0159\u00edjemn\u00e1 z\u00e1le\u017eitost,&#8220; uvedl v \u010cT. Kdy\u017e moder\u00e1tor poznamenal, \u017ee je  zjevn\u00e9, \u017ee Jakl nar\u00e1\u017e\u00ed pr\u00e1v\u011b na zelen\u00e9, prezident\u016fv tajemn\u00edk odv\u011btil:  &#8222;Jak jste to uh\u00e1dl, pane redaktore?&#8220;<\/span><\/p>\n<p>Nen\u00ed to poprv\u00e9, co to mezi zelen\u00fdmi a n\u011bk\u00fdm z Pra\u017esk\u00e9ho hradu  zajisk\u0159ilo. Nap\u0159\u00edklad v dubnu, kdy p\u0159edseda Strany zelen\u00fdch Ond\u0159ej Li\u0161ka  nedostal pozv\u00e1nku na recepci po podpisu rusko-americk\u00e9 odzbrojovac\u00ed  smlouvy START, Li\u0161ka se tehdy kv\u016fli tomu dostal do sporu pr\u00e1v\u011b s  tajemn\u00edkem prezidenta Jaklem.<\/p>\n<p>Zdroj: \u010cesk\u00e9 noviny (\u010cTK)<\/p>\n","protected":false},"excerpt":{"rendered":"<p>Prezident\u016fv tajemn\u00edk Ladislav Jakl pova\u017euje Stranu zelen\u00fdch ze extremisty a je r\u00e1d, \u017ee se zelen\u00ed nedostali do nov\u00e9 sn\u011bmovny. Vyplynulo to z jeho dne\u0161n\u00edho vyj\u00e1d\u0159en\u00ed v \u010cesk\u00e9 televizi.<\/p>\n","protected":false},"author":1,"featured_media":0,"comment_status":"open","ping_status":"open","sticky":false,"template":"","format":"standard","meta":{"ngg_post_thumbnail":0,"footnotes":""},"categories":[11],"tags":[],"class_list":["post-377","post","type-post","status-publish","format-standard","hentry","category-ozvena"],"_links":{"self":[{"href":"https:\/\/www.ladislavjakl.cz\/index.php?rest_route=\/wp\/v2\/posts\/377","targetHints":{"allow":["GET"]}}],"collection":[{"href":"https:\/\/www.ladislavjakl.cz\/index.php?rest_route=\/wp\/v2\/posts"}],"about":[{"href":"https:\/\/www.ladislavjakl.cz\/index.php?rest_route=\/wp\/v2\/types\/post"}],"author":[{"embeddable":true,"href":"https:\/\/www.ladislavjakl.cz\/index.php?rest_route=\/wp\/v2\/users\/1"}],"replies":[{"embeddable":true,"href":"https:\/\/www.ladislavjakl.cz\/index.php?rest_route=%2Fwp%2Fv2%2Fcomments&post=377"}],"version-history":[{"count":3,"href":"https:\/\/www.ladislavjakl.cz\/index.php?rest_route=\/wp\/v2\/posts\/377\/revisions"}],"predecessor-version":[{"id":379,"href":"https:\/\/www.ladislavjakl.cz\/index.php?rest_route=\/wp\/v2\/posts\/377\/revisions\/379"}],"wp:attachment":[{"href":"https:\/\/www.ladislavjakl.cz\/index.php?rest_route=%2Fwp%2Fv2%2Fmedia&parent=377"}],"wp:term":[{"taxonomy":"category","embeddable":true,"href":"https:\/\/www.ladislavjakl.cz\/index.php?rest_route=%2Fwp%2Fv2%2Fcategories&post=377"},{"taxonomy":"post_tag","embeddable":true,"href":"https:\/\/www.ladislavjakl.cz\/index.php?rest_route=%2Fwp%2Fv2%2Ftags&post=377"}],"curies":[{"name":"wp","href":"https:\/\/api.w.org\/{rel}","templated":true}]}}