{"id":3774,"date":"2013-04-08T09:57:19","date_gmt":"2013-04-08T07:57:19","guid":{"rendered":"http:\/\/www.ladislavjakl.cz\/?p=3774"},"modified":"2013-04-08T10:01:56","modified_gmt":"2013-04-08T08:01:56","slug":"eurohujeri-si-nevsimli-ze-brusel-kteremu-podlezaji-uz-se-kaci","status":"publish","type":"post","link":"https:\/\/www.ladislavjakl.cz\/?p=3774","title":{"rendered":"Eurohuje\u0159i si nev\u0161imli, \u017ee Brusel, kter\u00e9mu podl\u00e9zaj\u00ed, u\u017e se k\u00e1c\u00ed"},"content":{"rendered":"<p>(L. Jakl v Radio\u017eurn\u00e1lu o vyv\u011b\u0161en\u00ed europl\u00e1tna na Hrad\u011b)<\/p>\n<p><!--more--><\/p>\n<p style=\"text-align: center;\">\n<p style=\"text-align: center;\"><object classid=\"clsid:d27cdb6e-ae6d-11cf-96b8-444553540000\" width=\"280\" height=\"40\" codebase=\"http:\/\/download.macromedia.com\/pub\/shockwave\/cabs\/flash\/swflash.cab#version=6,0,40,0\"><param name=\"src\" value=\"https:\/\/www.ladislavjakl.cz\/data\/JAKL_231_39_6.swf\" \/><embed type=\"application\/x-shockwave-flash\" width=\"280\" height=\"40\" src=\"https:\/\/www.ladislavjakl.cz\/data\/JAKL_231_39_6.swf\"><\/embed><\/object><\/p>\n<p style=\"text-align: center;\">\n<p><a href=\"http:\/\/zpravy.rozhlas.cz\/zpravy\/politika\/_zprava\/nad-prazskym-hradem-zavlala-vlajka-evropske-unie-vztycili-ji-zeman-s-barrosem--1195268\" target=\"_blank\">Zdroj<\/a><\/p>\n","protected":false},"excerpt":{"rendered":"<p>(L. Jakl v Radio\u017eurn\u00e1lu o vyv\u011b\u0161en\u00ed europl\u00e1tna na Hrad\u011b)<\/p>\n","protected":false},"author":1,"featured_media":0,"comment_status":"open","ping_status":"open","sticky":false,"template":"","format":"standard","meta":{"ngg_post_thumbnail":0,"footnotes":""},"categories":[13],"tags":[],"class_list":["post-3774","post","type-post","status-publish","format-standard","hentry","category-rozhovory"],"_links":{"self":[{"href":"https:\/\/www.ladislavjakl.cz\/index.php?rest_route=\/wp\/v2\/posts\/3774","targetHints":{"allow":["GET"]}}],"collection":[{"href":"https:\/\/www.ladislavjakl.cz\/index.php?rest_route=\/wp\/v2\/posts"}],"about":[{"href":"https:\/\/www.ladislavjakl.cz\/index.php?rest_route=\/wp\/v2\/types\/post"}],"author":[{"embeddable":true,"href":"https:\/\/www.ladislavjakl.cz\/index.php?rest_route=\/wp\/v2\/users\/1"}],"replies":[{"embeddable":true,"href":"https:\/\/www.ladislavjakl.cz\/index.php?rest_route=%2Fwp%2Fv2%2Fcomments&post=3774"}],"version-history":[{"count":6,"href":"https:\/\/www.ladislavjakl.cz\/index.php?rest_route=\/wp\/v2\/posts\/3774\/revisions"}],"predecessor-version":[{"id":3777,"href":"https:\/\/www.ladislavjakl.cz\/index.php?rest_route=\/wp\/v2\/posts\/3774\/revisions\/3777"}],"wp:attachment":[{"href":"https:\/\/www.ladislavjakl.cz\/index.php?rest_route=%2Fwp%2Fv2%2Fmedia&parent=3774"}],"wp:term":[{"taxonomy":"category","embeddable":true,"href":"https:\/\/www.ladislavjakl.cz\/index.php?rest_route=%2Fwp%2Fv2%2Fcategories&post=3774"},{"taxonomy":"post_tag","embeddable":true,"href":"https:\/\/www.ladislavjakl.cz\/index.php?rest_route=%2Fwp%2Fv2%2Ftags&post=3774"}],"curies":[{"name":"wp","href":"https:\/\/api.w.org\/{rel}","templated":true}]}}