{"id":3781,"date":"2013-04-08T16:32:59","date_gmt":"2013-04-08T14:32:59","guid":{"rendered":"http:\/\/www.ladislavjakl.cz\/?p=3781"},"modified":"2013-04-08T16:33:43","modified_gmt":"2013-04-08T14:33:43","slug":"po-roce-aktualnejsi-nez-lonivandas-a-pehe-jako-ryby-ve-vode","status":"publish","type":"post","link":"https:\/\/www.ladislavjakl.cz\/?p=3781","title":{"rendered":"Po roce aktu\u00e1ln\u011bj\u0161\u00ed ne\u017e loni<br>Vandas a Pehe jako ryby ve vod\u011b"},"content":{"rendered":"<p>Kdy\u017e si n\u011bkdo vezme na oble\u010den\u00ed nevhodnou n\u00e1\u0161ivku, budou ho policist\u00e9 honit po poli a popotahovat u soud\u016f. Zato usilovat rovnou o st\u00e1tn\u00ed p\u0159evrat se u n\u00e1s sm\u00ed.<\/p>\n<p><!--more-->Sta\u010d\u00ed, kdy\u017e si za\u010dnete \u0159\u00edkat t\u0159eba Rohansk\u00e1 v\u00fdzva. Nebo uloup\u00edte n\u00e1zev n\u011bjak\u00e9ho hezk\u00e9ho m\u011bste\u010dka, t\u0159eba n\u011bkde na pomez\u00ed Han\u00e9 a Vala\u0161ska. Pak m\u016f\u017eete klidn\u011b hl\u00e1sat t\u0159\u00eddn\u00ed nen\u00e1vist, vyhro\u017eovat politick\u00fdmi procesy, podn\u011bcovat k n\u00e1sil\u00ed, usilovat o svr\u017een\u00ed demokraticky zvolen\u00fdch instituc\u00ed a o nastolen\u00ed sv\u00e9 diktatury. A nikdo v\u00e1s nebude vy\u0161et\u0159ovat \u010di vinit z extremismu. Naopak v\u00e1m daj\u00ed ohromn\u00fd prostor v m\u00e9di\u00edch a za\u010dne v\u00e1m podku\u0159ovat kdejak\u00e1 z\u00e1jmov\u00e1 skupina \u010di kdejak\u00fd kari\u00e9ristick\u00fd exhibicionista.<\/p>\n<p>Ne, nemysl\u00edm, \u017ee tihle extremist\u00e9 skute\u010dn\u011b mohou prov\u00e9st n\u00e1siln\u00fd proti\u00fastavn\u00ed pu\u010d, t\u0159eba\u017ee po n\u011bm ve\u0159ejn\u011b volaj\u00ed. Pod\u00edlej\u00ed se v\u0161ak na vytv\u00e1\u0159en\u00ed atmosf\u00e9ry nen\u00e1visti. Z t\u00e9to situace pak t\u011b\u017e\u00ed lid\u00e9, jako je Tom\u00e1\u0161 Vandas \u010di Ji\u0159\u00ed Pehe. Sou\u010dasn\u00e9 napjat\u00e9 prost\u0159ed\u00ed dop\u0159\u00e1v\u00e1 takov\u00fdmto lidem sluchu a tito lid\u00e9 pak d\u00e1l eskaluj\u00ed nap\u011bt\u00ed, ve kter\u00e9m se c\u00edt\u00ed jako ryby ve vod\u011b. A tak po\u0159\u00e1d dokola.<\/p>\n<p>P\u016fvodn\u00ed \u010dl\u00e1nek byl publikov\u00e1n 24.4.2012 <a href=\"https:\/\/www.ladislavjakl.cz\/?p=1756\" target=\"_self\">ZDE<\/a><\/p>\n","protected":false},"excerpt":{"rendered":"<p>Kdy\u017e si n\u011bkdo vezme na oble\u010den\u00ed nevhodnou n\u00e1\u0161ivku, budou ho policist\u00e9 honit po poli a popotahovat u soud\u016f. Zato usilovat rovnou o st\u00e1tn\u00ed p\u0159evrat se u n\u00e1s sm\u00ed.<\/p>\n","protected":false},"author":1,"featured_media":0,"comment_status":"open","ping_status":"open","sticky":false,"template":"","format":"standard","meta":{"ngg_post_thumbnail":0,"footnotes":""},"categories":[1],"tags":[],"class_list":["post-3781","post","type-post","status-publish","format-standard","hentry","category-publikovane-clanky"],"_links":{"self":[{"href":"https:\/\/www.ladislavjakl.cz\/index.php?rest_route=\/wp\/v2\/posts\/3781","targetHints":{"allow":["GET"]}}],"collection":[{"href":"https:\/\/www.ladislavjakl.cz\/index.php?rest_route=\/wp\/v2\/posts"}],"about":[{"href":"https:\/\/www.ladislavjakl.cz\/index.php?rest_route=\/wp\/v2\/types\/post"}],"author":[{"embeddable":true,"href":"https:\/\/www.ladislavjakl.cz\/index.php?rest_route=\/wp\/v2\/users\/1"}],"replies":[{"embeddable":true,"href":"https:\/\/www.ladislavjakl.cz\/index.php?rest_route=%2Fwp%2Fv2%2Fcomments&post=3781"}],"version-history":[{"count":2,"href":"https:\/\/www.ladislavjakl.cz\/index.php?rest_route=\/wp\/v2\/posts\/3781\/revisions"}],"predecessor-version":[{"id":3783,"href":"https:\/\/www.ladislavjakl.cz\/index.php?rest_route=\/wp\/v2\/posts\/3781\/revisions\/3783"}],"wp:attachment":[{"href":"https:\/\/www.ladislavjakl.cz\/index.php?rest_route=%2Fwp%2Fv2%2Fmedia&parent=3781"}],"wp:term":[{"taxonomy":"category","embeddable":true,"href":"https:\/\/www.ladislavjakl.cz\/index.php?rest_route=%2Fwp%2Fv2%2Fcategories&post=3781"},{"taxonomy":"post_tag","embeddable":true,"href":"https:\/\/www.ladislavjakl.cz\/index.php?rest_route=%2Fwp%2Fv2%2Ftags&post=3781"}],"curies":[{"name":"wp","href":"https:\/\/api.w.org\/{rel}","templated":true}]}}