{"id":3784,"date":"2013-04-08T16:34:46","date_gmt":"2013-04-08T14:34:46","guid":{"rendered":"http:\/\/www.ladislavjakl.cz\/?p=3784"},"modified":"2013-04-09T13:51:11","modified_gmt":"2013-04-09T11:51:11","slug":"l-jakl-pro-idnes-o-margaret-thatcherove","status":"publish","type":"post","link":"https:\/\/www.ladislavjakl.cz\/?p=3784","title":{"rendered":"L. Jakl pro iHned o Margaret Thatcherov\u00e9"},"content":{"rendered":"<p><img loading=\"lazy\" decoding=\"async\" class=\"alignleft\" title=\"Ladislav Jakl &amp; Margaret Thatcher\" src=\"https:\/\/www.ladislavjakl.cz\/wp-content\/uploads\/2013\/04\/000004-264x176.jpg\" alt=\"Ladislav Jakl &amp; Margaret Thatcher\" width=\"117\" height=\"78\" \/>Pro mne byla kl\u00ed\u010dovou osobnost\u00ed modern\u00edch d\u011bjin. Nejen konzistenc\u00ed a proz\u00edravost\u00ed sv\u00fdch n\u00e1zor\u016f, ale tak\u00e9 schopnost\u00ed je dob\u0159e prodat a dokonce s nimi opakovan\u011b vyhr\u00e1t volby a realizovat je pak v praxi.<\/p>\n<p><!--more-->Nikdy jsem nepropadl marnivosti v podob\u011b focen\u00ed se se slavn\u00fdmi, ale zrovna tu fotku, jak si s n\u00ed pod\u00e1v\u00e1m ruku, jsem hrd\u011b za\u0159adil do sv\u00e9 knihy. Jen mi je l\u00edto, \u017ee nem\u00e1 srovnateln\u00e9 pokra\u010dovatele, a to dokonce ani na britsk\u00e9 politick\u00e9 sc\u00e9n\u011b. Proto se Evropa stala op\u011bt smeti\u0161t\u011bm socialistick\u00e9ho rezav\u00e9ho haraburd\u00ed, kter\u00e9 \u010dek\u00e1, a\u017e zas jednou p\u0159ijde n\u011bkdo, kdo by vyhl\u00e1sil \u017eeleznou ned\u011bli.<\/p>\n<p>L. J.<\/p>\n<p><a href=\"https:\/\/www.ladislavjakl.cz\/wp-content\/uploads\/2013\/04\/000004.JPG\"><img loading=\"lazy\" decoding=\"async\" class=\"aligncenter size-medium wp-image-3786\" title=\"Ladislav Jakl &amp; Margaret Thatcher\" src=\"https:\/\/www.ladislavjakl.cz\/wp-content\/uploads\/2013\/04\/000004-264x176.jpg\" alt=\"Ladislav Jakl &amp; Margaret Thatcher\" width=\"264\" height=\"176\" srcset=\"https:\/\/www.ladislavjakl.cz\/wp-content\/uploads\/2013\/04\/000004-264x176.jpg 264w, https:\/\/www.ladislavjakl.cz\/wp-content\/uploads\/2013\/04\/000004-1024x686.jpg 1024w\" sizes=\"auto, (max-width: 264px) 100vw, 264px\" \/><\/a><\/p>\n","protected":false},"excerpt":{"rendered":"<p>Pro mne byla kl\u00ed\u010dovou osobnost\u00ed modern\u00edch d\u011bjin. Nejen konzistenc\u00ed a proz\u00edravost\u00ed sv\u00fdch n\u00e1zor\u016f, ale tak\u00e9 schopnost\u00ed je dob\u0159e prodat a dokonce s nimi opakovan\u011b vyhr\u00e1t volby a realizovat je pak v praxi.<\/p>\n","protected":false},"author":1,"featured_media":0,"comment_status":"open","ping_status":"open","sticky":false,"template":"","format":"standard","meta":{"ngg_post_thumbnail":0,"footnotes":""},"categories":[18],"tags":[],"class_list":["post-3784","post","type-post","status-publish","format-standard","hentry","category-postrehy"],"_links":{"self":[{"href":"https:\/\/www.ladislavjakl.cz\/index.php?rest_route=\/wp\/v2\/posts\/3784","targetHints":{"allow":["GET"]}}],"collection":[{"href":"https:\/\/www.ladislavjakl.cz\/index.php?rest_route=\/wp\/v2\/posts"}],"about":[{"href":"https:\/\/www.ladislavjakl.cz\/index.php?rest_route=\/wp\/v2\/types\/post"}],"author":[{"embeddable":true,"href":"https:\/\/www.ladislavjakl.cz\/index.php?rest_route=\/wp\/v2\/users\/1"}],"replies":[{"embeddable":true,"href":"https:\/\/www.ladislavjakl.cz\/index.php?rest_route=%2Fwp%2Fv2%2Fcomments&post=3784"}],"version-history":[{"count":5,"href":"https:\/\/www.ladislavjakl.cz\/index.php?rest_route=\/wp\/v2\/posts\/3784\/revisions"}],"predecessor-version":[{"id":3791,"href":"https:\/\/www.ladislavjakl.cz\/index.php?rest_route=\/wp\/v2\/posts\/3784\/revisions\/3791"}],"wp:attachment":[{"href":"https:\/\/www.ladislavjakl.cz\/index.php?rest_route=%2Fwp%2Fv2%2Fmedia&parent=3784"}],"wp:term":[{"taxonomy":"category","embeddable":true,"href":"https:\/\/www.ladislavjakl.cz\/index.php?rest_route=%2Fwp%2Fv2%2Fcategories&post=3784"},{"taxonomy":"post_tag","embeddable":true,"href":"https:\/\/www.ladislavjakl.cz\/index.php?rest_route=%2Fwp%2Fv2%2Ftags&post=3784"}],"curies":[{"name":"wp","href":"https:\/\/api.w.org\/{rel}","templated":true}]}}