{"id":3793,"date":"2013-04-11T11:08:48","date_gmt":"2013-04-11T09:08:48","guid":{"rendered":"http:\/\/www.ladislavjakl.cz\/?p=3793"},"modified":"2013-04-11T11:08:48","modified_gmt":"2013-04-11T09:08:48","slug":"l-jakl-v-ceske-televizi-potisici-vyvraci-narceni-ze-je-nepritelem-obcanskych-organizovanych-aktivit","status":"publish","type":"post","link":"https:\/\/www.ladislavjakl.cz\/?p=3793","title":{"rendered":"L. Jakl v \u010cesk\u00e9 televizi potis\u00edc\u00ed vyvrac\u00ed na\u0159\u010den\u00ed, \u017ee je nep\u0159\u00edtelem ob\u010dansk\u00fdch organizovan\u00fdch aktivit"},"content":{"rendered":"<p>Zdroj a video v \u010dl\u00e1nku.<\/p>\n<p><!--more--><\/p>\n<p><a href=\"http:\/\/www.ceskatelevize.cz\/porady\/10116287760-politicke-spektrum\/\" target=\"_blank\">Zdroj<\/a><\/p>\n","protected":false},"excerpt":{"rendered":"<p>Zdroj a video v \u010dl\u00e1nku.<\/p>\n","protected":false},"author":1,"featured_media":0,"comment_status":"open","ping_status":"open","sticky":false,"template":"","format":"standard","meta":{"ngg_post_thumbnail":0,"footnotes":""},"categories":[13,12],"tags":[],"class_list":["post-3793","post","type-post","status-publish","format-standard","hentry","category-rozhovory","category-video"],"_links":{"self":[{"href":"https:\/\/www.ladislavjakl.cz\/index.php?rest_route=\/wp\/v2\/posts\/3793","targetHints":{"allow":["GET"]}}],"collection":[{"href":"https:\/\/www.ladislavjakl.cz\/index.php?rest_route=\/wp\/v2\/posts"}],"about":[{"href":"https:\/\/www.ladislavjakl.cz\/index.php?rest_route=\/wp\/v2\/types\/post"}],"author":[{"embeddable":true,"href":"https:\/\/www.ladislavjakl.cz\/index.php?rest_route=\/wp\/v2\/users\/1"}],"replies":[{"embeddable":true,"href":"https:\/\/www.ladislavjakl.cz\/index.php?rest_route=%2Fwp%2Fv2%2Fcomments&post=3793"}],"version-history":[{"count":1,"href":"https:\/\/www.ladislavjakl.cz\/index.php?rest_route=\/wp\/v2\/posts\/3793\/revisions"}],"predecessor-version":[{"id":3794,"href":"https:\/\/www.ladislavjakl.cz\/index.php?rest_route=\/wp\/v2\/posts\/3793\/revisions\/3794"}],"wp:attachment":[{"href":"https:\/\/www.ladislavjakl.cz\/index.php?rest_route=%2Fwp%2Fv2%2Fmedia&parent=3793"}],"wp:term":[{"taxonomy":"category","embeddable":true,"href":"https:\/\/www.ladislavjakl.cz\/index.php?rest_route=%2Fwp%2Fv2%2Fcategories&post=3793"},{"taxonomy":"post_tag","embeddable":true,"href":"https:\/\/www.ladislavjakl.cz\/index.php?rest_route=%2Fwp%2Fv2%2Ftags&post=3793"}],"curies":[{"name":"wp","href":"https:\/\/api.w.org\/{rel}","templated":true}]}}