{"id":3798,"date":"2013-04-12T12:54:28","date_gmt":"2013-04-12T10:54:28","guid":{"rendered":"http:\/\/www.ladislavjakl.cz\/?p=3798"},"modified":"2013-04-12T12:54:28","modified_gmt":"2013-04-12T10:54:28","slug":"ceska-pozice-babiscino-udoli","status":"publish","type":"post","link":"https:\/\/www.ladislavjakl.cz\/?p=3798","title":{"rendered":"\u010cesk\u00e1 pozice: Babi\u0161\u010dino \u00fadol\u00ed"},"content":{"rendered":"<p>Server \u010cesk\u00e1 pozice pohrd\u00e1 v\u0161emi z\u00e1kladn\u00edmi pravidly novin\u00e1\u0159sk\u00e9 etiky a profesionality. M\u016f\u017ee si to dovolit. Presti\u017e u \u010dten\u00e1\u0159\u016f jejich \u0161\u00e9fredaktora v\u016fbec nezaj\u00edm\u00e1, za to placen nen\u00ed. Je placen \u0159epkov\u00fdm baronem Babi\u0161em za to, \u017ee vede jeho z\u00e1jmovou agendu a na objedn\u00e1vku diskredituje lidi, kte\u0159\u00ed maj\u00ed na tuto agendu odli\u0161n\u00e9 n\u00e1zory.<\/p>\n<p><!--more--><\/p>\n<p>I\u0161tv\u00e1n L\u00e9k\u00f3 se t\u00edm netaj\u00ed a p\u0159iznal mi to i v\u00a0SMS. Nem\u00e1 s\u00a0t\u00edm \u017e\u00e1dn\u00fd mor\u00e1ln\u00ed probl\u00e9m, proto\u017ee podle n\u011bj jin\u00ed lid\u00e9 pr\u00fd tak\u00e9 u\u017e\u00edvaj\u00ed ne\u010destn\u00e9 metody, tak pro\u010d by je nemohl u\u017e\u00edvat on a jeho \u010cesk\u00e1 pozice. Nu, dobr\u00e1. Pak je ale nam\u00edst\u011b, aby se o tom v\u011bd\u011blo.<\/p>\n<p>\u010cesk\u00e1 pozice se nap\u0159\u00edklad se zv\u00fd\u0161enou l\u00e1skou a p\u00e9\u010d\u00ed v\u011bnuje m\u00e9 osob\u011b. Jej\u00ed redaktor Petr Mat\u011bj\u010dek p\u00ed\u0161e u\u017e n\u011bkolik m\u011bs\u00edc\u016f o \u00fatoku, kter\u00fd proti mn\u011b vede m\u00edstop\u0159edseda pir\u00e1tsk\u00e9 strany Jakub Mich\u00e1lek. Mat\u011bj\u010dek nereferuje o tomto sporu jako novin\u00e1\u0159. S\u00a0Mich\u00e1lkem m\u00e1 \u00fazk\u00e9 osobn\u00ed vazby a spor trvale interpretuje pouze z\u00a0pozic jedn\u00e9 strany sporu, tedy pana Mich\u00e1lka. A p\u0159itom klidn\u011b l\u017ee, pomlouv\u00e1, \u0161kod\u00ed. Je to jeho pr\u00e1ce. Naposled t\u0159eba l\u017eiv\u011b napsal, \u017ee pr\u00fd se ukr\u00fdv\u00e1m p\u0159ed \u00fa\u0159edn\u00edky \u00da\u0159adu pro ochranu osobn\u00edch \u00fadaj\u016f. \u010cl\u00e1nek nazval posm\u011b\u0161n\u011b \u201eL\u00e1\u010fo, neschov\u00e1vej se.\u201c C\u00edlem textu nen\u00ed objektivn\u011b sezn\u00e1mit \u010dten\u00e1\u0159e s\u00a0podstatou sporu, ale pouze vykreslit mou osobu \u010dten\u00e1\u0159\u016fm jako zl\u00e9ho a \u0161patn\u00e9ho \u010dlov\u011bka. Prost\u011b mi ubl\u00ed\u017eit.<\/p>\n<p>Proto\u017ee ne\u0161lo o prvn\u00ed p\u0159\u00edpad, napsal jsem panu \u0161\u00e9fredaktorovi a pt\u00e1m se ho, jestli mu je jedno, \u017ee jeho novin\u00e1\u0159 evidentn\u011b spolupracuje s\u00a0jednou stranou sporu na po\u0161kozen\u00ed druh\u00e9 strany sporu, nebo jestli je to \u00fakol, za kter\u00fd berou pen\u00edze od Babi\u0161e. Ve sv\u00e9 odpov\u011bdi L\u00e9k\u00f3 p\u0159iznal to druh\u00e9. Ale nevid\u00ed v\u00a0tom probl\u00e9m, proto\u017ee kdysi pr\u00fd n\u011bjac\u00ed lid\u00e9 kolem V\u00e1clava Klause cht\u011bli po Babi\u0161ovi pen\u00edze za podpis z\u00e1kona.<\/p>\n<p>L\u00e9k\u00f3 mi doslova napsal: \u201eTo vis, ted vam babisovy pen\u00edze vadi, ale kdz kluci kolem vk chteli po nem 1 mio eur za podpis z\u00e1kona, tak to bylo ok. Co? A dej u\u017e mi pokoj!\u201c No, nev\u00edm, od \u010deho mu m\u00e1m d\u00e1t pokoj. J\u00e1 po n\u011bm nikdy nic necht\u011bl, zato on m\u011b obt\u011b\u017eoval sv\u00fdmi dotazy minim\u00e1ln\u011b 15 let.<\/p>\n<p>Mil\u00fd I\u0161tv\u00e1ne, pokud by n\u011bjac\u00ed kluci \u201ekolem\u201c V\u00e1clava Klause cht\u011bli po Babi\u0161ovi pen\u00edze za podpis z\u00e1kona, tak by to pro mne osobn\u011b O. K. ur\u010dit\u011b nebylo. Pokud by to ov\u0161em byla pravda. Ale pokud by to pravda byla, jist\u011b by s\u00a0t\u00edm Babi\u0161 a jeho mluv\u010d\u00ed pro \u0161pinavou pr\u00e1ci L\u00e9k\u00f3 u\u017e d\u00e1vno vystartovali. Stejn\u011b tak pro mne O. K. nebylo, kdy\u017e se Babi\u0161 sna\u017eil odradit p\u0159edsedu Svobodn\u00fdch Petra Macha od kritiky z\u00e1kona navy\u0161uj\u00edc\u00edho povinn\u00fd pod\u00edl biopaliv v\u00a0pohonn\u00fdch hmot\u00e1ch svazkem bankovek nab\u00edzen\u00fdch jako sponzorsk\u00fd p\u0159\u00edsp\u011bvek jeho stran\u011b. Na to toti\u017e sv\u011bdectv\u00ed je. Stejn\u011b tak pro mne O. K. nebylo, kdy\u017e poprv\u00e9 v\u00a0d\u011bjin\u00e1ch demokracie zasedl pouh\u00fd jeden den p\u0159ed volbami u\u017e rozpu\u0161t\u011bn\u00fd \u010desk\u00fd parlament, aby p\u0159ehlasoval prezidentsk\u00e9 veto z\u00e1kona o biopalivech. Kdo na tom z\u00e1kon\u011b vyd\u011blal? A kolik takov\u00e9 svol\u00e1n\u00ed sch\u016fze st\u00e1lo? Necht\u011bla by to zjistit \u010cesk\u00e1 pozice? Ta m\u00e1 p\u0159ece ty prav\u00e9 kontakty.<\/p>\n<p>Hnusn\u00e9 na tom nen\u00ed jen \u0161\u00ed\u0159en\u00ed pomluv o pen\u011bz\u00edch za podpis z\u00e1kona, ale ten cynick\u00fd L\u00e9k\u016fv alibismus ve stylu: my m\u016f\u017eeme nespravedliv\u011b a z\u00e1ludn\u011b odrovnat kohokoli, proto\u017ee vy jste tak\u00e9 p\u011bkn\u00ed pt\u00e1\u010dci. Ale vypr\u00e1v\u011bjte to n\u011bkomu, jako je L\u00e9k\u00f3, kter\u00fd m\u011b u\u017e p\u0159ed lety z\u00e1soboval esemeskami o \u00fadajn\u00e9m prodeji milost\u00ed a jak mi o tom v\u0161e zjist\u00ed. A pak kde nic tu nic.<\/p>\n<p>Sm\u00ed\u0159\u00edme se s\u00a0t\u00edm, \u017ee si medi\u00e1ln\u00ed prostor rozparceluj\u00ed vlivn\u00e9 finan\u010dn\u00ed skupiny, aby se t\u00edm staly je\u0161t\u011b vlivn\u011bj\u0161\u00edmi? Nebo se u\u017e ozveme? I s\u00a0rizikem, \u017ee se n\u00e1m budou mst\u00edt?<\/p>\n<p>(ps\u00e1no pro Protiproud)<\/p>\n<p>L. J.<\/p>\n","protected":false},"excerpt":{"rendered":"<p>Server \u010cesk\u00e1 pozice pohrd\u00e1 v\u0161emi z\u00e1kladn\u00edmi pravidly novin\u00e1\u0159sk\u00e9 etiky a profesionality. M\u016f\u017ee si to dovolit. Presti\u017e u \u010dten\u00e1\u0159\u016f jejich \u0161\u00e9fredaktora v\u016fbec nezaj\u00edm\u00e1, za to placen nen\u00ed. Je placen \u0159epkov\u00fdm baronem Babi\u0161em za to, \u017ee vede jeho z\u00e1jmovou agendu a na objedn\u00e1vku diskredituje lidi, kte\u0159\u00ed maj\u00ed na tuto agendu odli\u0161n\u00e9 n\u00e1zory.<\/p>\n","protected":false},"author":1,"featured_media":0,"comment_status":"open","ping_status":"open","sticky":false,"template":"","format":"standard","meta":{"ngg_post_thumbnail":0,"footnotes":""},"categories":[6],"tags":[],"class_list":["post-3798","post","type-post","status-publish","format-standard","hentry","category-co-jsem-nerekl"],"_links":{"self":[{"href":"https:\/\/www.ladislavjakl.cz\/index.php?rest_route=\/wp\/v2\/posts\/3798","targetHints":{"allow":["GET"]}}],"collection":[{"href":"https:\/\/www.ladislavjakl.cz\/index.php?rest_route=\/wp\/v2\/posts"}],"about":[{"href":"https:\/\/www.ladislavjakl.cz\/index.php?rest_route=\/wp\/v2\/types\/post"}],"author":[{"embeddable":true,"href":"https:\/\/www.ladislavjakl.cz\/index.php?rest_route=\/wp\/v2\/users\/1"}],"replies":[{"embeddable":true,"href":"https:\/\/www.ladislavjakl.cz\/index.php?rest_route=%2Fwp%2Fv2%2Fcomments&post=3798"}],"version-history":[{"count":1,"href":"https:\/\/www.ladislavjakl.cz\/index.php?rest_route=\/wp\/v2\/posts\/3798\/revisions"}],"predecessor-version":[{"id":3799,"href":"https:\/\/www.ladislavjakl.cz\/index.php?rest_route=\/wp\/v2\/posts\/3798\/revisions\/3799"}],"wp:attachment":[{"href":"https:\/\/www.ladislavjakl.cz\/index.php?rest_route=%2Fwp%2Fv2%2Fmedia&parent=3798"}],"wp:term":[{"taxonomy":"category","embeddable":true,"href":"https:\/\/www.ladislavjakl.cz\/index.php?rest_route=%2Fwp%2Fv2%2Fcategories&post=3798"},{"taxonomy":"post_tag","embeddable":true,"href":"https:\/\/www.ladislavjakl.cz\/index.php?rest_route=%2Fwp%2Fv2%2Ftags&post=3798"}],"curies":[{"name":"wp","href":"https:\/\/api.w.org\/{rel}","templated":true}]}}