{"id":3802,"date":"2013-04-17T13:23:18","date_gmt":"2013-04-17T11:23:18","guid":{"rendered":"http:\/\/www.ladislavjakl.cz\/?p=3802"},"modified":"2013-04-17T13:24:03","modified_gmt":"2013-04-17T11:24:03","slug":"klausuv-jakl-rozsekl-bitvu-o-ustav-s-tim-havlovcem-hermanem-jste-uplne-vedle","status":"publish","type":"post","link":"https:\/\/www.ladislavjakl.cz\/?p=3802","title":{"rendered":"Klaus\u016fv Jakl rozsekl bitvu o \u00fastav: S t\u00edm havlovcem Hermanem jste \u00fapln\u011b vedle"},"content":{"rendered":"<p>Do spor\u016f o odvol\u00e1n\u00ed \u0159editele \u00dastavu pro studium totalitn\u00edch re\u017eim\u016f vstoupil i n\u011bkdej\u0161\u00ed prezidentsk\u00fd tajemn\u00edk Ladislav Jakl. Zn\u00e1m\u00fd pravicov\u00fd glos\u00e1tor ov\u0161em rozru\u0161il dosavadn\u00ed sch\u00e9ma, podle kter\u00e9ho pravicov\u00e9 strany odvolan\u00e9ho Daniela Hermana h\u00e1jily, kde\u017eto levice podporovala Radu \u00fastavu, kter\u00e1 se jej rozhodla odvolat.<\/p>\n<p><!--more--><br \/>\nP\u0159edseda vl\u00e1dy a ODS Petr Ne\u010das mluvil v souvislosti s Hermanov\u00fdm odvol\u00e1n\u00edm o tom, \u017ee se \u00dastav pro studium totalitn\u00edch re\u017eim\u016f zm\u011bnil v \u00dastav marxismu- leninismu. Jeho spolustran\u00edci zd\u016fraz\u0148ovali vazby n\u011bkter\u00fdch \u010dlen\u016f rady na \u010cSSD a p\u0159edseda poslaneck\u00e9 frakce Marek Benda mluvil o snaze levice ovl\u00e1dnout archiv bezpe\u010dnostn\u00edch slo\u017eek, kter\u00fd pod \u00fastav pat\u0159\u00ed. Ji\u017e d\u0159\u00edve Hermana srdnat\u011b h\u00e1jil ned\u00e1vn\u00fd m\u00edstop\u0159edseda strany Alexander Vondra.<\/p>\n<p>Levicov\u00ed politici se do v\u011bcn\u00ed debaty p\u0159\u00edli\u0161 nezapojovali, pouze zd\u016fraz\u0148ovali, \u017ee je kompetenc\u00ed rady vyb\u00edrat a odvol\u00e1vat \u0159editele \u00fastavu. Mluvili rovn\u011b\u017e o tom, \u017ee by se m\u011bla d\u00e1t \u0161ance vybran\u00e9 nov\u00e9 \u0159editelce Pavle Foglov\u00e9, kterou pravice kritizovala.<\/p>\n<p>Do p\u0159ehledn\u00e9ho sporu v\u0161ak r\u00e1zn\u011b vstoupil b\u00fdval\u00fd tajemn\u00edk prezidenta V\u00e1clava Klause Ladislav Jakl. Ten p\u0159es Parlamentn\u00edListy.cz ODS vzk\u00e1zal, \u017ee se svou podporou Daniela Hermana je \u00fapln\u011b vedle. \u201eHerman je havlovec,\u201c zavrhl b\u00fdval\u00e9ho \u0159editele \u00daSTR p\u0159i\u0159azen\u00edm k V\u00e1clavu Havlovi, kter\u00e9ho ji\u017e v minulosti \u010dasto kritizoval. A nov\u00e1 \u0159editelka Foglov\u00e1 pr\u00fd rozhodn\u011b nen\u00ed \u017e\u00e1dn\u00e1 socanka.<\/p>\n<p><a href=\"http:\/\/www.parlamentnilisty.cz\/zpravy\/Klausuv-Jakl-rozsekl-bitvu-o-ustav-S-tim-havlovcem-Hermanem-jste-uplne-vedle-268697\" target=\"_blank\">Zdroj<\/a><\/p>\n","protected":false},"excerpt":{"rendered":"<p>Do spor\u016f o odvol\u00e1n\u00ed \u0159editele \u00dastavu pro studium totalitn\u00edch re\u017eim\u016f vstoupil i n\u011bkdej\u0161\u00ed prezidentsk\u00fd tajemn\u00edk Ladislav Jakl. Zn\u00e1m\u00fd pravicov\u00fd glos\u00e1tor ov\u0161em rozru\u0161il dosavadn\u00ed sch\u00e9ma, podle kter\u00e9ho pravicov\u00e9 strany odvolan\u00e9ho Daniela Hermana h\u00e1jily, kde\u017eto levice podporovala Radu \u00fastavu, kter\u00e1 se jej rozhodla odvolat.<\/p>\n","protected":false},"author":1,"featured_media":0,"comment_status":"open","ping_status":"open","sticky":false,"template":"","format":"standard","meta":{"ngg_post_thumbnail":0,"footnotes":""},"categories":[11],"tags":[],"class_list":["post-3802","post","type-post","status-publish","format-standard","hentry","category-ozvena"],"_links":{"self":[{"href":"https:\/\/www.ladislavjakl.cz\/index.php?rest_route=\/wp\/v2\/posts\/3802","targetHints":{"allow":["GET"]}}],"collection":[{"href":"https:\/\/www.ladislavjakl.cz\/index.php?rest_route=\/wp\/v2\/posts"}],"about":[{"href":"https:\/\/www.ladislavjakl.cz\/index.php?rest_route=\/wp\/v2\/types\/post"}],"author":[{"embeddable":true,"href":"https:\/\/www.ladislavjakl.cz\/index.php?rest_route=\/wp\/v2\/users\/1"}],"replies":[{"embeddable":true,"href":"https:\/\/www.ladislavjakl.cz\/index.php?rest_route=%2Fwp%2Fv2%2Fcomments&post=3802"}],"version-history":[{"count":2,"href":"https:\/\/www.ladislavjakl.cz\/index.php?rest_route=\/wp\/v2\/posts\/3802\/revisions"}],"predecessor-version":[{"id":3804,"href":"https:\/\/www.ladislavjakl.cz\/index.php?rest_route=\/wp\/v2\/posts\/3802\/revisions\/3804"}],"wp:attachment":[{"href":"https:\/\/www.ladislavjakl.cz\/index.php?rest_route=%2Fwp%2Fv2%2Fmedia&parent=3802"}],"wp:term":[{"taxonomy":"category","embeddable":true,"href":"https:\/\/www.ladislavjakl.cz\/index.php?rest_route=%2Fwp%2Fv2%2Fcategories&post=3802"},{"taxonomy":"post_tag","embeddable":true,"href":"https:\/\/www.ladislavjakl.cz\/index.php?rest_route=%2Fwp%2Fv2%2Ftags&post=3802"}],"curies":[{"name":"wp","href":"https:\/\/api.w.org\/{rel}","templated":true}]}}