{"id":3805,"date":"2013-04-17T13:26:34","date_gmt":"2013-04-17T11:26:34","guid":{"rendered":"http:\/\/www.ladislavjakl.cz\/?p=3805"},"modified":"2013-04-17T13:26:34","modified_gmt":"2013-04-17T11:26:34","slug":"babiscino-udoli-pomluv-jakl-napsal-o-webu-co-po-nem-pry-jde","status":"publish","type":"post","link":"https:\/\/www.ladislavjakl.cz\/?p=3805","title":{"rendered":"Babi\u0161\u010dino \u00fadol\u00ed pomluv. Jakl napsal o webu, co po n\u011bm pr\u00fd jde"},"content":{"rendered":"<p>Server \u010cesk\u00e1 pozice postr\u00e1d\u00e1 z\u00e1kladn\u00ed pravidla novin\u00e1\u0159sk\u00e9 etiky a profesionality. Presti\u017e u \u010dten\u00e1\u0159\u016f toti\u017e \u0161\u00e9fredaktora serveru v\u016fbec nezaj\u00edm\u00e1, kdy\u017e je placen \u201e\u0159epkov\u00fdm baronem\u201c Andrejem Babi\u0161em. Pouk\u00e1zal na to b\u00fdval\u00fd prezidentsk\u00fd tajemn\u00edk Ladislav Jakl.<br \/>\n<!--more--><br \/>\n\u010cesk\u00e1 pozice se s velkou pe\u010dlivost\u00ed v\u011bnuje pr\u00e1v\u011b Ladislavu Jaklovi. Za zm\u00ednku stoj\u00ed nap\u0159\u00edklad \u010dl\u00e1nky o tom, jak proti Jaklovi \u00fadajn\u011b vystupuje m\u00edstop\u0159edseda pir\u00e1tsk\u00e9 strany Jakub Mich\u00e1lek. Redaktor Petr Mat\u011bj\u010dek pr\u00fd nereferuje o sporu jako novin\u00e1\u0159, m\u00e1 toti\u017e \u00fazk\u00e9 vazby na Mich\u00e1lka. Ve sv\u00fdch \u010dl\u00e1nc\u00edch pak podle Jakla l\u017ee, pomlouv\u00e1 a \u0161kod\u00ed.<\/p>\n<p>Cel\u00fd text Ladislava Jakla si m\u016f\u017eete p\u0159e\u010d\u00edst <a href=\"https:\/\/www.ladislavjakl.cz\/?p=3798\" target=\"_blank\"><strong>ZDE<\/strong><\/a><\/p>\n<p><strong>\u010cl\u00e1nky \u010cesk\u00e9 pozice m\u011b maj\u00ed vykreslit jako zl\u00e9ho a \u0161patn\u00e9ho \u010dlov\u011bka<\/strong><\/p>\n<p>Jakl odm\u00edt\u00e1, \u017ee by se skr\u00fdval p\u0159ed \u00fa\u0159edn\u00edky \u00da\u0159adu pro ochranu osobn\u00edch \u00fadaj\u016f, jak vypl\u00fdv\u00e1 z \u010dl\u00e1nku \u201eL\u00e1\u010fo, neschov\u00e1vej se\u201c. Text m\u00e1 podle n\u011bj za c\u00edl vykreslit jeho osobu jako zl\u00e9ho a \u0161patn\u00e9ho \u010dlov\u011bka.<\/p>\n<p>V \u010dl\u00e1nku, psan\u00e9m pro web Protiproud, se mimo jin\u00e9 p\u00ed\u0161e: \u201eMu\u017e, jeho\u017e ide\u00e1lem je svoboda \u010dlov\u011bka, se na sv\u00e9m blogu vysm\u00edval \u017eadatel\u016fm, kte\u0159\u00ed se prost\u0159ednictv\u00edm z\u00e1kona o svobodn\u00e9m p\u0159\u00edstupu informac\u00ed sna\u017eili nahl\u00e9dnout do z\u00e1kulis\u00ed novoro\u010dn\u00ed amnestie vyhl\u00e1\u0161en\u00e9 V\u00e1clavem Klausem.\u201c Poukazuje se tak\u00e9 na to, \u017ee Jakl m\u011bl zve\u0159ejnit na sv\u00e9m webu informace, kter\u00e9 spadaj\u00ed pod z\u00e1kon o ochran\u011b osobn\u00edch \u00fadaj\u016f.<\/p>\n<p><strong>To v\u00ed\u0161, te\u010f v\u00e1m Babi\u0161ovy pen\u00edze vad\u00ed<\/strong><\/p>\n<p>Jakl kv\u016fli tomu napsal \u0161\u00e9fredaktorovi Istv\u00e1nu L\u00e9kovi. Vy\u010d\u00edtal mu, \u017ee jeho novin\u00e1\u0159 evidentn\u011b spolupracuje jen s jednou stranou sporu a po\u0161kozuje stranu druhou. Zeptal se ho tak\u00e9, zda za to dost\u00e1v\u00e1 zaplaceno od Babi\u0161e.<\/p>\n<p>L\u00e9ko odepsal: \u201eTo vis, ted vam babisovy pen\u00edze vadi, ale kdyz kluci kolem vk chteli po nem 1 mio eur za podpis z\u00e1kona, tak to bylo ok. Co? A dej u\u017e mi pokoj!\u201c<\/p>\n<p><strong>Babi\u0161 nab\u00edzel p\u0159\u00edsp\u011bvek stran\u011b za vynech\u00e1n\u00ed kritiky biopaliv<\/strong><\/p>\n<p>Tajemn\u00edk b\u00fdval\u00e9ho prezidenta ale odm\u00edt\u00e1, \u017ee by k tomu do\u0161lo. Pokud by \u201ekluci kolem V\u00e1clava Klause\u201c cht\u011bli po Babi\u0161ovi pen\u00edze za podpis z\u00e1kona, pr\u00fd by to pro Jakla rozhodn\u011b O.K. nebylo. Na druhou stranu pouk\u00e1zal na p\u0159\u00edpad, kdy se Babi\u0161 sna\u017eil odradit p\u0159edsedu Svobodn\u00fdch Petra Macha od kritiky z\u00e1kona navy\u0161uj\u00edc\u00edho povinn\u00fd pod\u00edl biopaliv v pohonn\u00fdch hmot\u00e1ch. Nab\u00edzel mu \u00fadajn\u011b sponzorsk\u00fd dar pro jeho stranu.<\/p>\n<p>Jaklovi vad\u00ed p\u0159edev\u0161\u00edm cynismus \u0161\u00e9fredaktora L\u00e9ka. \u201eMy m\u016f\u017eeme nespravedliv\u011b a z\u00e1ludn\u011b odrovnat kohokoli, proto\u017ee vy jste tak\u00e9 p\u011bkn\u00ed pt\u00e1\u010dci,\u201c popisuje Jakl styl \u010cesk\u00e9 pozice.<\/p>\n<p><strong>Sm\u00ed\u0159\u00edme se s t\u00edm, \u017ee si medi\u00e1ln\u00ed prostor rozparceluj\u00ed vlivn\u00e9 finan\u010dn\u00ed skupiny?<\/strong><\/p>\n<p>Jakl se tedy pt\u00e1, zda se sm\u00ed\u0159it s t\u00edm, \u017ee si medi\u00e1ln\u00ed prostor rozparceluj\u00ed vlivn\u00e9 finan\u010dn\u00ed skupiny, aby se t\u00edm staly je\u0161t\u011b vlivn\u011bj\u0161\u00edmi? Lid\u00e9 se mohou ozvat, ale nesou riziko, \u017ee se jim budou mst\u00edt.<\/p>\n<p><a href=\"http:\/\/www.parlamentnilisty.cz\/zpravy\/Babiscino-udoli-pomluv-Jakl-napsal-o-webu-co-po-nem-pry-jde-268849\" target=\"_blank\">Zdroj<\/a><\/p>\n","protected":false},"excerpt":{"rendered":"<p>Server \u010cesk\u00e1 pozice postr\u00e1d\u00e1 z\u00e1kladn\u00ed pravidla novin\u00e1\u0159sk\u00e9 etiky a profesionality. Presti\u017e u \u010dten\u00e1\u0159\u016f toti\u017e \u0161\u00e9fredaktora serveru v\u016fbec nezaj\u00edm\u00e1, kdy\u017e je placen \u201e\u0159epkov\u00fdm baronem\u201c Andrejem Babi\u0161em. Pouk\u00e1zal na to b\u00fdval\u00fd prezidentsk\u00fd tajemn\u00edk Ladislav Jakl.<\/p>\n","protected":false},"author":1,"featured_media":0,"comment_status":"open","ping_status":"open","sticky":false,"template":"","format":"standard","meta":{"ngg_post_thumbnail":0,"footnotes":""},"categories":[11],"tags":[],"class_list":["post-3805","post","type-post","status-publish","format-standard","hentry","category-ozvena"],"_links":{"self":[{"href":"https:\/\/www.ladislavjakl.cz\/index.php?rest_route=\/wp\/v2\/posts\/3805","targetHints":{"allow":["GET"]}}],"collection":[{"href":"https:\/\/www.ladislavjakl.cz\/index.php?rest_route=\/wp\/v2\/posts"}],"about":[{"href":"https:\/\/www.ladislavjakl.cz\/index.php?rest_route=\/wp\/v2\/types\/post"}],"author":[{"embeddable":true,"href":"https:\/\/www.ladislavjakl.cz\/index.php?rest_route=\/wp\/v2\/users\/1"}],"replies":[{"embeddable":true,"href":"https:\/\/www.ladislavjakl.cz\/index.php?rest_route=%2Fwp%2Fv2%2Fcomments&post=3805"}],"version-history":[{"count":1,"href":"https:\/\/www.ladislavjakl.cz\/index.php?rest_route=\/wp\/v2\/posts\/3805\/revisions"}],"predecessor-version":[{"id":3806,"href":"https:\/\/www.ladislavjakl.cz\/index.php?rest_route=\/wp\/v2\/posts\/3805\/revisions\/3806"}],"wp:attachment":[{"href":"https:\/\/www.ladislavjakl.cz\/index.php?rest_route=%2Fwp%2Fv2%2Fmedia&parent=3805"}],"wp:term":[{"taxonomy":"category","embeddable":true,"href":"https:\/\/www.ladislavjakl.cz\/index.php?rest_route=%2Fwp%2Fv2%2Fcategories&post=3805"},{"taxonomy":"post_tag","embeddable":true,"href":"https:\/\/www.ladislavjakl.cz\/index.php?rest_route=%2Fwp%2Fv2%2Ftags&post=3805"}],"curies":[{"name":"wp","href":"https:\/\/api.w.org\/{rel}","templated":true}]}}