{"id":3807,"date":"2013-04-17T13:27:31","date_gmt":"2013-04-17T11:27:31","guid":{"rendered":"http:\/\/www.ladislavjakl.cz\/?p=3807"},"modified":"2013-04-17T13:31:07","modified_gmt":"2013-04-17T11:31:07","slug":"odpoved-ladislava-jakla-na-dopis-tomase-rotbauera","status":"publish","type":"post","link":"https:\/\/www.ladislavjakl.cz\/?p=3807","title":{"rendered":"Odpov\u011b\u010f Ladislava Jakla na dopis Tom\u00e1\u0161e Rotbauera"},"content":{"rendered":"<p style=\"margin: 10px 0px; padding: 0px; border: 0px; outline: 0px; font-size: 14px; vertical-align: baseline; background-color: transparent; color: #333333; font-family: sans-serif; line-height: 20.15625px; text-align: left;\">V Praze dne 16. dubna 2013<\/p>\n<p style=\"margin: 10px 0px; padding: 0px; border: 0px; outline: 0px; font-size: 14px; vertical-align: baseline; background-color: transparent; color: #333333; font-family: sans-serif; line-height: 20.15625px;\">V\u00e1\u017een\u00fd pane Rotbauere,<\/p>\n<p style=\"margin: 10px 0px; padding: 0px; border: 0px; outline: 0px; font-size: 14px; vertical-align: baseline; background-color: transparent; color: #333333; font-family: sans-serif; line-height: 20.15625px;\">z\u00a0\u00fa\u0159adu prezidenta republiky n\u00e1m p\u0159edali V\u00e1\u0161 dopis panu exprezidentovi V\u00e1clavu Klausovi, k\u00a0n\u011bmu\u017e na protest proti vyhl\u00e1\u0161en\u00e9 amnestii p\u0159ikl\u00e1d\u00e1te medaili, kterou jste obdr\u017eel za zadr\u017een\u00ed pachatel\u016f trestn\u00e9 \u010dinnosti.<\/p>\n<p style=\"margin: 10px 0px; padding: 0px; border: 0px; outline: 0px; font-size: 14px; vertical-align: baseline; background-color: transparent; color: #333333; font-family: sans-serif; line-height: 20.15625px;\"><!--more--><\/p>\n<p style=\"margin: 10px 0px; padding: 0px; border: 0px; outline: 0px; font-size: 14px; vertical-align: baseline; background-color: transparent; color: #333333; font-family: sans-serif; line-height: 20.15625px;\">Amnestie je sporn\u00fdm aktem v\u017edy. V\u017edy toti\u017e (a jinak to b\u00fdt u amnestie nem\u016f\u017ee) odpou\u0161t\u00ed tresty n\u011bkter\u00fdm vin\u00edk\u016fm. Proto tak\u00e9 byla vyhl\u00e1\u0161ena a\u017e 15 let od t\u00e9 posledn\u00ed. Amnestie v\u0161ak je leg\u00e1ln\u00ed n\u00e1stroj, obsa\u017een\u00fd v\u00a0na\u0161em \u00fastavn\u00edm po\u0159\u00e1dku, a tam obsa\u017een\u00fd je proto, aby se n\u011bkdy pou\u017eil. Prominut\u00ed a odpu\u0161t\u011bn\u00ed toti\u017e k\u00a0na\u0161\u00ed civilizaci pat\u0159\u00ed stejn\u011b jako pr\u00e1vo a spravedlnost.<\/p>\n<p style=\"margin: 10px 0px; padding: 0px; border: 0px; outline: 0px; font-size: 14px; vertical-align: baseline; background-color: transparent; color: #333333; font-family: sans-serif; line-height: 20.15625px;\">Prezident Klaus svou amnesti\u00ed prominul jen velmi drobn\u00e9 tresty, za kter\u00e9 se v\u00a0mnoha jin\u00fdch zem\u00edch do v\u011bzen\u00ed ani nechod\u00ed. Jestli\u017ee tyto drobn\u00e9 tresty obdr\u017eeli pachatel\u00e9, kte\u0159\u00ed si ve Va\u0161ich o\u010d\u00edch zaslou\u017eili trest vy\u0161\u0161\u00ed, nen\u00ed to probl\u00e9m amnestie, ale na\u0161eho trestn\u00edho pr\u00e1va a justi\u010dn\u00ed praxe. V\u0161ichni tito lid\u00e9 by byli stejn\u011b propu\u0161t\u011bni o n\u011bkolik t\u00fddn\u016f \u010di m\u011bs\u00edc\u016f pozd\u011bji.<\/p>\n<p style=\"margin: 10px 0px; padding: 0px; border: 0px; outline: 0px; font-size: 14px; vertical-align: baseline; background-color: transparent; color: #333333; font-family: sans-serif; line-height: 20.15625px;\">Propu\u0161t\u011bn\u00ed t\u011bchto osob rozhodn\u011b nebylo znev\u00e1\u017een\u00edm pr\u00e1ce policist\u016f. D\u00edky policist\u016fm byl vynesen v\u00fdrok o vin\u011b a doty\u010dn\u00ed dob\u0159e v\u011bd\u00ed, co je \u010dek\u00e1, pokud se nepou\u010d\u00ed. \u017de se n\u011bjak\u00e9 procento nepou\u010d\u00ed, to je prost\u011b nevyhnuteln\u00fd fakt p\u0159i tak velk\u00e9m po\u010dtu lid\u00ed.<\/p>\n<p style=\"margin: 10px 0px; padding: 0px; border: 0px; outline: 0px; font-size: 14px; vertical-align: baseline; background-color: transparent; color: #333333; font-family: sans-serif; line-height: 20.15625px;\">Pokud V\u00e1m \u2013 patrn\u011b pod vlivem neobjektivn\u00edch m\u00e9di\u00ed \u2013 vad\u00ed aboli\u010dn\u00ed \u010d\u00e1st amnestie, pak v\u011bzte, \u017ee \u0161lo v\u00fdhradn\u011b o p\u0159\u00edpady, kde ji\u017e nejsp\u00ed\u0161 nebyla \u017e\u00e1dn\u00e1 nad\u011bje na nalezen\u00ed spravedlnosti. V\u00a0mnoh\u00fdch zem\u00edch se na \u010dlov\u011bka, kter\u00e9mu vy\u0161et\u0159ovatel\u00e9 a soudci nedok\u00e1zali prok\u00e1zat vinu, mus\u00ed pohl\u00ed\u017eet jako na nevinn\u00e9ho. Zde \u0161lo o p\u0159\u00edpady vlekouc\u00ed se t\u0159eba p\u016fl generace. Za nimi stoj\u00ed stovky zni\u010den\u00fdch osud\u016f lid\u00ed, kter\u00fdm nikdo nikdy vinu neprok\u00e1zal a neprok\u00e1zal by jim ji podle v\u0161eho ani nikdy v\u00a0budoucnu. Bu\u010f jejich vina byla sporn\u00e1, nebo justice neodvedla svou pr\u00e1ci. I v\u00a0tomto p\u0159\u00edpad\u011b je \u00favaha, zda je pro st\u00e1t \u00fa\u010deln\u00e9 tyto kauzy d\u00e1le v\u00e9st, velmi opr\u00e1vn\u011bn\u00e1.<\/p>\n<p style=\"margin: 10px 0px; padding: 0px; border: 0px; outline: 0px; font-size: 14px; vertical-align: baseline; background-color: transparent; color: #333333; font-family: sans-serif; line-height: 20.15625px;\">Svou medaili jste nedostal jako n\u011bjak\u00fd osobn\u00ed d\u00e1rek. Je to ocen\u011bn\u00ed od na\u0161\u00ed spole\u010dnosti. Proto se nem\u00e1 vracet, jako vracej\u00ed zhrzen\u00ed milenci dopisy sv\u00e9 b\u00fdval\u00e9 mil\u00e9. I politici maj\u00ed r\u016fzn\u00e9 n\u00e1zory a vyd\u00e1vaj\u00ed r\u016fzn\u00e1 rozhodnut\u00ed, kter\u00e1 se n\u011bkomu l\u00edb\u00ed, n\u011bkomu ne. I amnestii bylo mo\u017en\u00e9 vyhl\u00e1sit jinak, jindy nebo v\u016fbec ne. To ale neznamen\u00e1, \u017ee zvolen\u00e9 rozhodnut\u00ed je nep\u0159ijateln\u00e9 a jin\u00e9 je jedin\u00e9 spr\u00e1vn\u00e9. To bychom nemuseli volit, kdyby v\u0161ichni \u00fastavn\u00ed \u010dinitel\u00e9 museli vyd\u00e1vat jen jedno z\u00e1vazn\u00e9 rozhodnut\u00ed a nemohli by sami zv\u00e1\u017eit r\u016fzn\u00e9 varianty.<\/p>\n<p style=\"margin: 10px 0px; padding: 0px; border: 0px; outline: 0px; font-size: 14px; vertical-align: baseline; background-color: transparent; color: #333333; font-family: sans-serif; line-height: 20.15625px;\">Medaili V\u00e1m pan V\u00e1clav Klaus vrac\u00ed zp\u011bt, proto\u017ee si ji zaslou\u017e\u00edte. Na politick\u00e9 gesto ov\u0161em m\u00e1te pr\u00e1vo. A nejsp\u00ed\u0161 se V\u00e1m za n\u011bj dostane i p\u0159im\u011b\u0159en\u00e9 pozornosti t\u011bch m\u00e9di\u00ed, kter\u00e1 kampa\u0148 kolem amnestie vyvolala.<\/p>\n<p style=\"margin: 10px 0px; padding: 0px; border: 0px; outline: 0px; font-size: 14px; vertical-align: baseline; background-color: transparent; color: #333333; font-family: sans-serif; line-height: 20.15625px;\">Ladislav Jakl<\/p>\n<p style=\"margin: 10px 0px; padding: 0px; border: 0px; outline: 0px; font-size: 14px; vertical-align: baseline; background-color: transparent; color: #333333; font-family: sans-serif; line-height: 20.15625px;\"><a href=\"http:\/\/www.klaus.cz\/clanky\/3346\" target=\"_blank\">Zdroj<\/a><\/p>\n<div style=\"margin: 1.5em 0px 0px; padding: 0px; border-width: 1px 0px 0px; border-top-style: solid; border-top-color: #d4d2d2; outline: 0px; font-size: 14px; vertical-align: baseline; background-color: transparent; clear: both; color: #333333; font-family: sans-serif; line-height: 20.15625px;\"><a style=\"margin: 0px; padding: 0px; border: 0px; outline: 0px; vertical-align: baseline; background-color: transparent; color: #4c4c4c;\" title=\"Vytisknout str\u00e1nku za pomoci tiskov\u00fdch styl\u016f. Pokud nem\u00e1te funk\u010dn\u00ed javascript, pou\u017eijte volbu sv\u00e9ho prohl\u00ed\u017ee\u010de\"><\/a><\/div>\n","protected":false},"excerpt":{"rendered":"<p>V Praze dne 16. dubna 2013 V\u00e1\u017een\u00fd pane Rotbauere, z\u00a0\u00fa\u0159adu prezidenta republiky n\u00e1m p\u0159edali V\u00e1\u0161 dopis panu exprezidentovi V\u00e1clavu Klausovi, k\u00a0n\u011bmu\u017e na protest proti vyhl\u00e1\u0161en\u00e9 amnestii p\u0159ikl\u00e1d\u00e1te medaili, kterou jste obdr\u017eel za zadr\u017een\u00ed pachatel\u016f trestn\u00e9 \u010dinnosti.<\/p>\n","protected":false},"author":1,"featured_media":0,"comment_status":"open","ping_status":"open","sticky":false,"template":"","format":"standard","meta":{"ngg_post_thumbnail":0,"footnotes":""},"categories":[19],"tags":[],"class_list":["post-3807","post","type-post","status-publish","format-standard","hentry","category-jakl-leaks"],"_links":{"self":[{"href":"https:\/\/www.ladislavjakl.cz\/index.php?rest_route=\/wp\/v2\/posts\/3807","targetHints":{"allow":["GET"]}}],"collection":[{"href":"https:\/\/www.ladislavjakl.cz\/index.php?rest_route=\/wp\/v2\/posts"}],"about":[{"href":"https:\/\/www.ladislavjakl.cz\/index.php?rest_route=\/wp\/v2\/types\/post"}],"author":[{"embeddable":true,"href":"https:\/\/www.ladislavjakl.cz\/index.php?rest_route=\/wp\/v2\/users\/1"}],"replies":[{"embeddable":true,"href":"https:\/\/www.ladislavjakl.cz\/index.php?rest_route=%2Fwp%2Fv2%2Fcomments&post=3807"}],"version-history":[{"count":3,"href":"https:\/\/www.ladislavjakl.cz\/index.php?rest_route=\/wp\/v2\/posts\/3807\/revisions"}],"predecessor-version":[{"id":3809,"href":"https:\/\/www.ladislavjakl.cz\/index.php?rest_route=\/wp\/v2\/posts\/3807\/revisions\/3809"}],"wp:attachment":[{"href":"https:\/\/www.ladislavjakl.cz\/index.php?rest_route=%2Fwp%2Fv2%2Fmedia&parent=3807"}],"wp:term":[{"taxonomy":"category","embeddable":true,"href":"https:\/\/www.ladislavjakl.cz\/index.php?rest_route=%2Fwp%2Fv2%2Fcategories&post=3807"},{"taxonomy":"post_tag","embeddable":true,"href":"https:\/\/www.ladislavjakl.cz\/index.php?rest_route=%2Fwp%2Fv2%2Ftags&post=3807"}],"curies":[{"name":"wp","href":"https:\/\/api.w.org\/{rel}","templated":true}]}}