{"id":381,"date":"2010-06-01T12:34:32","date_gmt":"2010-06-01T11:34:32","guid":{"rendered":"http:\/\/www.ladislavjakl.cz\/?p=381"},"modified":"2010-06-01T12:34:32","modified_gmt":"2010-06-01T11:34:32","slug":"nesnesitelna-lehkost-lhani","status":"publish","type":"post","link":"https:\/\/www.ladislavjakl.cz\/?p=381","title":{"rendered":"Nesnesiteln\u00e1 lehkost lhan\u00ed"},"content":{"rendered":"<p>POLEMIKA<br \/>\nP\u0159edseda Strany zelen\u00fdch Ond\u0159ej Li\u0161ka \u00fato\u010d\u00ed ve sv\u00e9m \u010dl\u00e1nku Rasov\u00e1 hygiena (LN 12. 5.) na ob\u010danskou iniciativu D. O. S. T. \u010cl\u00e1nek za\u010d\u00edn\u00e1 jako polemikou s koment\u00e1torem LN Martinem Weissem, kter\u00fd pr\u00fd o Li\u0161kovi napsal, \u017ee sv\u00e9 odp\u016frce cejchuje na neonacisty.<\/p>\n<p><!--more-->Li\u0161ka to pop\u00edr\u00e1, vz\u00e1p\u011bt\u00ed v\u0161ak pumpuje do \u010dten\u00e1\u0159\u016f text, kter\u00fd nen\u00ed ni\u010d\u00edm jin\u00fdm ne\u017e takov\u00fdm \u201ecejchov\u00e1n\u00edm\u201c. R\u00e1d bych podal \u010dten\u00e1\u0159\u016fm LN z\u00e1kladn\u00ed informace o na\u0161\u00ed iniciativ\u011b.<\/p>\n<p>Co je a co nen\u00ed D. O. S. T.<br \/>\nIniciativa D. O. S. T. vznikla jako peti\u010dn\u00ed akce. Obsah jej\u00edho textu \u2013 manifestu D. O. S. T. \u2013 nazna\u010duj\u00ed p\u00edsmena v n\u00e1zvu, kter\u00e1 jsou zkratkami slov: d\u016fv\u011bra, objektivita, svoboda a tradice. Lze ho shrnout do dvou \u010d\u00e1st\u00ed: jednak je to varov\u00e1n\u00ed p\u0159ed ideologizac\u00ed ve\u0159ejn\u00e9ho \u017eivota a jednak obhajoba tzv. konzervativn\u00edch hodnot. Pr\u00e1v\u011b toto zam\u011b\u0159en\u00ed je trnem v oku ideolog\u016fm Li\u0161kova typu a je motivac\u00ed jeho \u00fato\u010dn\u00e9ho \u010dl\u00e1nku. Proto\u017ee neum\u00ed proti my\u0161lenk\u00e1m D. O. S. T. argumentovat, nepou\u0161t\u00ed se do boje s nimi, ale rad\u011bji mezi stovkami signat\u00e1\u0159\u016f vybere osoby, kter\u00e9 je mo\u017en\u00e9 n\u011bjak skandalizovat a po\u0161pinit tak celou iniciativu. Ignoruje fakt, \u017ee petici m\u016f\u017ee podepsat kdokoli a mohou se pod n\u00ed sej\u00edt podpisy lid\u00ed velmi r\u016fzn\u00fdch, kter\u00e9 spojuje pr\u00e1v\u011b jen spole\u010dn\u00fd souhlas s textem. Paralelou je tu Charta 77, mezi jej\u00edmi\u017e signat\u00e1\u0159i byli demokrat\u00e9 i reformn\u00ed komunist\u00e9, katol\u00edci i trockisti. Je mi a\u017e trapn\u00e9 tohle vysv\u011btlovat, ale jeliko\u017e se Li\u0161ka tv\u00e1\u0159\u00ed, \u017ee to nev\u00ed, je to asi pot\u0159eba. Pokusy o skandalizaci D. O. S. T. skrze n\u011bkter\u00e9 signat\u00e1\u0159e se ostatn\u011b objevily ji\u017e d\u0159\u00edve, a proto jsme po\u010d\u00e1tkem leto\u0161n\u00edho roku p\u0159etvo\u0159ili iniciativu v ob\u010dansk\u00e9 sdru\u017een\u00ed s jasn\u011b definovan\u00fdm \u010dlenstv\u00edm. T\u00edm zoufaleji vyzn\u00edvaj\u00ed Li\u0161kou uv\u00e1d\u011bn\u00e9 citace mn\u011b zcela nezn\u00e1m\u00fdch text\u016f signat\u00e1\u0159e Kretschmera, je\u017e jsou evidentn\u011b vytrhan\u00e9 z kontextu a s \u010dinnost\u00ed D. O. S. T. nijak nesouvis\u00ed. (Pan Kretschmer nen\u00ed \u201eideologem\u201c D. O. S. T. ani jeho \u0159\u00e1dn\u00fdm \u010dlenem!)<br \/>\nSnaha po\u0161kodit n\u00e1s za ka\u017edou cenu m\u011b ov\u0161em nep\u0159ekvapuje. P\u0159ed \u010dtrn\u00e1cti dny po\u0159\u00e1dal D. O. S. T. p\u0159ed s\u00eddlem vl\u00e1dy shrom\u00e1\u017ed\u011bn\u00ed \u017e\u00e1daj\u00edc\u00ed odchod \u201ezmocn\u011bnce pro lidsk\u00e1 pr\u00e1va\u201c Michaela Koc\u00e1ba z vl\u00e1dy a zru\u0161en\u00ed jeho resortu. Ond\u0159ej Li\u0161ka tehdy p\u0159i\u0161el s n\u011bkolika aktivisty toto shrom\u00e1\u017ed\u011bn\u00ed naru\u0161it. N\u011bkte\u0159\u00ed z nich p\u0159itom nesli transparenty se skand\u00e1ln\u00edmi hesly (nap\u0159\u00edklad \u201eDost \u017did\u016f a buzerant\u016f ve vl\u00e1d\u011b!\u201c) a sna\u017eili se vm\u00edsit mezi n\u00e1s. Na\u0161t\u011bst\u00ed jsme si toho hned v\u0161imli a vyk\u00e1zali Li\u0161kovy aktivisty na opa\u010dn\u00fd chodn\u00edk. V\u00edce snad ani nen\u00ed t\u0159eba k metod\u00e1m t\u011bchto \u201eochr\u00e1nc\u016f lidsk\u00fdch pr\u00e1v\u201c uv\u00e1d\u011bt.<br \/>\nNev\u00edm, zda tito lid\u00e9 rozd\u00e1vaj\u00ed nef\u00e9rov\u00e9 \u00fadery z cynismu, nebo sami v\u011b\u0159\u00ed, \u017ee konaj\u00ed dobro. Pokud plat\u00ed to druh\u00e9, sv\u011bd\u010d\u00ed to o chor\u00e9m pohledu na sv\u011bt, kdy v odp\u016frc\u00edch vid\u00edte zlosyny a v\u0161ude tu\u0161\u00edte spiknut\u00ed. Mo\u017en\u00e1 Li\u0161ka takov\u00fdm stihomamem trp\u00ed. (Nasv\u011bd\u010dovalo by tomu nap\u0159\u00edklad jeho ozna\u010den\u00ed prezidentova tajemn\u00edka Jakla za patrona D. O. S. T.).<br \/>\nNa Facebooku koluje seznam osob, kter\u00e9 pr\u00fd si zasluhuj\u00ed smrt, proto\u017ee nepodporuj\u00ed multikulturn\u00ed agendu. Tento seznam osobnost\u00ed \u201ena odst\u0159el\u201c, na n\u011bm\u017e je mimo jin\u00e9 i prezident republiky s man\u017eelkou, litom\u011b\u0159ick\u00fd biskup Baxant, poslankyn\u011b Dund\u00e1\u010dkov\u00e1 aj., dala dohromady skupinka zn\u00e1m\u00e1 jako \u201eZelen\u00e1 levice\u201c. Kdybych trp\u011bl podobn\u00fdm stihomamem jako Li\u0161ka, musel bych se asi domn\u00edvat, \u017ee ji tajn\u011b \u0159\u00edd\u00ed on (nebo Koc\u00e1b) a patronem toho v\u0161eho je V\u00e1clav Havel. J\u00e1 si to nemysl\u00edm. Stihomamem netrp\u00edm. Mo\u017en\u00e1 je ale na\u010dase, aby si i lid\u00e9 jako Ond\u0159ej Li\u0161ka uv\u011bdomili, co svou chorobnou podez\u00edravost\u00ed a stereotypn\u00edmi pomluvami zp\u016fsobuj\u00ed. Komu a \u010demu nahr\u00e1vaj\u00ed.<br \/>\nPetr Bahn\u00edk, m\u00edstop\u0159edseda Akce D. O. S. T.<\/p>\n<p>Zdroj: Lidov\u00e9 noviny<\/p>\n","protected":false},"excerpt":{"rendered":"<p>POLEMIKA P\u0159edseda Strany zelen\u00fdch Ond\u0159ej Li\u0161ka \u00fato\u010d\u00ed ve sv\u00e9m \u010dl\u00e1nku Rasov\u00e1 hygiena (LN 12. 5.) na ob\u010danskou iniciativu D. O. S. T. \u010cl\u00e1nek za\u010d\u00edn\u00e1 jako polemikou s koment\u00e1torem LN Martinem Weissem, kter\u00fd pr\u00fd o Li\u0161kovi napsal, \u017ee sv\u00e9 odp\u016frce cejchuje na neonacisty.<\/p>\n","protected":false},"author":1,"featured_media":0,"comment_status":"open","ping_status":"open","sticky":false,"template":"","format":"standard","meta":{"ngg_post_thumbnail":0,"footnotes":""},"categories":[11],"tags":[],"class_list":["post-381","post","type-post","status-publish","format-standard","hentry","category-ozvena"],"_links":{"self":[{"href":"https:\/\/www.ladislavjakl.cz\/index.php?rest_route=\/wp\/v2\/posts\/381","targetHints":{"allow":["GET"]}}],"collection":[{"href":"https:\/\/www.ladislavjakl.cz\/index.php?rest_route=\/wp\/v2\/posts"}],"about":[{"href":"https:\/\/www.ladislavjakl.cz\/index.php?rest_route=\/wp\/v2\/types\/post"}],"author":[{"embeddable":true,"href":"https:\/\/www.ladislavjakl.cz\/index.php?rest_route=\/wp\/v2\/users\/1"}],"replies":[{"embeddable":true,"href":"https:\/\/www.ladislavjakl.cz\/index.php?rest_route=%2Fwp%2Fv2%2Fcomments&post=381"}],"version-history":[{"count":1,"href":"https:\/\/www.ladislavjakl.cz\/index.php?rest_route=\/wp\/v2\/posts\/381\/revisions"}],"predecessor-version":[{"id":382,"href":"https:\/\/www.ladislavjakl.cz\/index.php?rest_route=\/wp\/v2\/posts\/381\/revisions\/382"}],"wp:attachment":[{"href":"https:\/\/www.ladislavjakl.cz\/index.php?rest_route=%2Fwp%2Fv2%2Fmedia&parent=381"}],"wp:term":[{"taxonomy":"category","embeddable":true,"href":"https:\/\/www.ladislavjakl.cz\/index.php?rest_route=%2Fwp%2Fv2%2Fcategories&post=381"},{"taxonomy":"post_tag","embeddable":true,"href":"https:\/\/www.ladislavjakl.cz\/index.php?rest_route=%2Fwp%2Fv2%2Ftags&post=381"}],"curies":[{"name":"wp","href":"https:\/\/api.w.org\/{rel}","templated":true}]}}