{"id":3817,"date":"2013-04-24T13:03:19","date_gmt":"2013-04-24T11:03:19","guid":{"rendered":"http:\/\/www.ladislavjakl.cz\/?p=3817"},"modified":"2013-04-24T13:03:19","modified_gmt":"2013-04-24T11:03:19","slug":"evropska-vlajka-na-hrade-aneb-ozivovani-davno-mrtve-debaty","status":"publish","type":"post","link":"https:\/\/www.ladislavjakl.cz\/?p=3817","title":{"rendered":"Evropsk\u00e1 vlajka na Hrad\u011b aneb o\u017eivov\u00e1n\u00ed d\u00e1vno mrtv\u00e9 debaty"},"content":{"rendered":"<p>Na Pra\u017esk\u00e9m hrad\u011b, s\u00eddle \u010desk\u00fdch panovn\u00edk\u016f a prezident\u016f od st\u0159edy 3. dubna 2013 vlaje bled\u011bmodr\u00e9 sukno se \u017elut\u00fdmi hv\u011bzdami. Pro n\u011bkoho potupa, pro n\u011bkoho zadostiu\u010din\u011bn\u00ed, pro n\u011bkoho nezaj\u00edmav\u00fd pr\u00e1zdn\u00fd symbol.<\/p>\n<p><!--more-->Za l\u00e9ta nesmysln\u011b vyprovokovan\u00e9ho sporu o vhodnosti \u010di nevhodnosti um\u00edst\u011bn\u00ed t\u00e9to \u201evlajky\u201c na Pra\u017esk\u00e9m hrad\u011b padly snad u\u017e v\u0161echny argumenty. Nejde samoz\u0159ejm\u011b o ofici\u00e1ln\u00ed vlajku EU, proto\u017ee Evropsk\u00e1 \u00fastava, kter\u00e1 ji m\u011bla zav\u00e9st, byla v lidov\u00fdch referendech odm\u00edtnuta a do Lisabonsk\u00e9 smlouvy se my\u0161lenka EU vlajky u\u017e neve\u0161la. B\u00fdv\u00e1 zapom\u00edn\u00e1no, \u017ee de iure jde o vlajku Rady Evropy, jej\u00edmi\u017e \u010dleny je i Turecko, Rusko \u010di \u00c1zerbajd\u017e\u00e1n, co\u017e vlajkov\u00ed aktivist\u00e9 asi vyzdvihovat necht\u011bli. Tento symbol ani zdaleka nevlaje na v\u0161ech s\u00eddlech hlav \u010dlensk\u00fdch st\u00e1t\u016f EU, jak se n\u00e1m n\u011bkdo sna\u017e\u00ed tvrdit. Nav\u00edc nelze zapomenout, \u017ee na Pra\u017esk\u00e9m hrad\u011b v minulosti skute\u010dn\u011b vl\u00e1la krom\u011b na\u0161\u00ed st\u00e1tn\u00ed vlajky jen nacistick\u00e1 vlajka se svastikou b\u011bhem protektor\u00e1tu. Ani komunist\u00e9 si netroufli instalovat tam rudou vlajku se \u017elutou hv\u011bzdou a srpem s kladivem. A kone\u010dn\u011b: je-li EU skute\u010dn\u011b jen mezin\u00e1rodn\u00ed organizac\u00ed, zachov\u00e1vaj\u00edc\u00ed suverenitu \u010dlensk\u00fdch st\u00e1t\u016f, pak ned\u00e1v\u00e1 smysl, pro\u010d milovn\u00edci bled\u011bmodr\u00e9ho sukna nehoruj\u00ed pro um\u00edst\u011bn\u00ed vlajek NATO \u010di OSN na stejn\u00e9m m\u00edst\u011b.<br \/>\nNe, o tom v\u0161em dnes hovo\u0159it u\u017e je skoro nadbyte\u010dn\u00e9. A po sez\u00f3n\u011b. Pro stoupence vyv\u011b\u0161en\u00ed symbolu bruselsk\u00e9 centralizace \u0161lo o kl\u00ed\u010dov\u00fd spor n\u011bkdy p\u0159ed osmi \u010di \u0161esti lety. Motivaci m\u011bli v z\u00e1sad\u011b troj\u00ed:<br \/>\np\u0159ivlastnit si monopol na reprezentov\u00e1n\u00ed proz\u00e1padn\u00ed orientace a vystavit sv\u00e9 kritiky do pozice agent\u016f jin\u00fdch civilizac\u00ed,<br \/>\nprezentovat se p\u0159ed mocn\u00fdmi z Bruselu, Pa\u0159\u00ed\u017ee a Berl\u00edna jako jejich poslu\u0161n\u00ed adoranti a uch\u00e1zet se tak o jejich podporu v dom\u00e1c\u00edm politick\u00e9m boji,<br \/>\nzpochybnit demokratick\u00e9 procesy v na\u0161\u00ed republice a zv\u00fd\u0161it \u0161anci na prosazen\u00ed sv\u00fdch soci\u00e1ln\u011b in\u017een\u00fdrsk\u00fdch projekt\u016f, jejich\u017e realizace je mnohem snadn\u011bj\u0161\u00ed v r\u00e1mci nedemokratick\u00e9 mezin\u00e1rodn\u00ed organizace ne\u017e v r\u00e1mci jak\u00e9koli, by\u0165 i socialistick\u00e9, av\u0161ak p\u0159eci jen legitimn\u00ed parlamentn\u00ed demokracie.<br \/>\nJakkoli s touto motivac\u00ed nemus\u00edme souhlasit, byla celkem srozumiteln\u00e1, byla nesena srozumiteln\u00fdmi a v \u010d\u00e1sti na\u0161\u00ed spole\u010dnosti re\u00e1ln\u011b sd\u00edlen\u00fdmi z\u00e1jmy. Jen\u017ee uplynulo n\u011bkolik let a situace se radik\u00e1ln\u011b zm\u011bnila. Dnes ji\u017e neexistuje spole\u010densk\u00e1 popt\u00e1vka po postoj\u00edch, jejich\u017e realizace p\u0159ed o\u010dima cel\u00e9 evropsk\u00e9 ve\u0159ejnosti pro\u017e\u00edv\u00e1 svou ag\u00f3nii.<br \/>\nDnes ji\u017e t\u011b\u017eko lze na\u0161\u00ed ve\u0159ejnosti vyd\u00e1vat dosavadn\u00ed sm\u011br evropsk\u00e9 integrace za jedinou cestu k prosperit\u011b. Dnes ji\u017e t\u011b\u017eko lze u dom\u00e1c\u00ed ve\u0159ejnosti z\u00edsk\u00e1vat lacin\u00e9 body ozna\u010dov\u00e1n\u00edm ka\u017ed\u00e9ho kritika bruselsk\u00fdch nesmysl\u016f za nacionalistu \u010di agenta Pekingu a Moskvy. Dnes ji\u017e se lze jen t\u011b\u017eko dovol\u00e1vat se podpory mocn\u00fdch v Bruselu, proto\u017ee tito mocn\u00ed se mezit\u00edm stali nemocn\u00fdmi.<br \/>\nAno, jedin\u00e1 tehdej\u0161\u00ed motivace st\u00e1le je\u0161t\u011b n\u011bjak\u00fd \u010das asi p\u0159e\u017eije. Prost\u0159ednictv\u00edm evropsk\u00e9 legislativy lze i dnes prosadit daleko v\u00edce absurdn\u00edch z\u00e1sah\u016f do rovn\u00fdch pravidel voln\u00e9ho trhu ve prosp\u011bch vybran\u00fdch z\u00e1jmov\u00fdch skupin. Ale ani ti ji\u017e nepotrv\u00e1 dlouho.<br \/>\nProbruselsk\u00fd eurofanatismus vy\u0161el z m\u00f3dy. Je to mrtv\u00fd k\u016f\u0148. V nejlep\u0161\u00edm p\u0159\u00edpad\u011b k\u016f\u0148 se zlomenou nohou. Dokonce i potlesk na\u0161ich probruselsk\u00fdch m\u00e9di\u00ed v\u010derej\u0161\u00edmu aktu nen\u00ed tak fanatick\u00fd, jak by jist\u011b b\u00fdval byl p\u0159ed t\u011bmi osmi lety. Vypadat dnes jako eurohujer u\u017e nen\u00ed zrovna sexy. Proto se zd\u00e1 b\u00fdt akt prezidenta Zemana ze v\u0161eho nejv\u00edc tak n\u011bjak po sez\u00f3n\u011b. Jeho nased\u00e1n\u00ed na zchroml\u00e9ho kon\u011b v sob\u011b nese podobnou komi\u010dnost, jako m\u00e1 snaha p\u0159epsat v\u00fdsledek ji\u017e skon\u010den\u00e9ho fotbalov\u00e9ho z\u00e1pasu kdesi v \u0161atn\u011b.<br \/>\nDosavadn\u00ed styl evropsk\u00e9 integrace sv\u016fj z\u00e1pas u\u017e prohr\u00e1l. A na Pra\u017esk\u00e9m hrad\u011b za\u017e\u00edv\u00e1 svou exhumaci.<br \/>\nInstitut V\u00e1clava Klause, 4. dubna 2013<\/p>\n","protected":false},"excerpt":{"rendered":"<p>Na Pra\u017esk\u00e9m hrad\u011b, s\u00eddle \u010desk\u00fdch panovn\u00edk\u016f a prezident\u016f od st\u0159edy 3. dubna 2013 vlaje bled\u011bmodr\u00e9 sukno se \u017elut\u00fdmi hv\u011bzdami. Pro n\u011bkoho potupa, pro n\u011bkoho zadostiu\u010din\u011bn\u00ed, pro n\u011bkoho nezaj\u00edmav\u00fd pr\u00e1zdn\u00fd symbol.<\/p>\n","protected":false},"author":1,"featured_media":0,"comment_status":"open","ping_status":"open","sticky":false,"template":"","format":"standard","meta":{"ngg_post_thumbnail":0,"footnotes":""},"categories":[1],"tags":[],"class_list":["post-3817","post","type-post","status-publish","format-standard","hentry","category-publikovane-clanky"],"_links":{"self":[{"href":"https:\/\/www.ladislavjakl.cz\/index.php?rest_route=\/wp\/v2\/posts\/3817","targetHints":{"allow":["GET"]}}],"collection":[{"href":"https:\/\/www.ladislavjakl.cz\/index.php?rest_route=\/wp\/v2\/posts"}],"about":[{"href":"https:\/\/www.ladislavjakl.cz\/index.php?rest_route=\/wp\/v2\/types\/post"}],"author":[{"embeddable":true,"href":"https:\/\/www.ladislavjakl.cz\/index.php?rest_route=\/wp\/v2\/users\/1"}],"replies":[{"embeddable":true,"href":"https:\/\/www.ladislavjakl.cz\/index.php?rest_route=%2Fwp%2Fv2%2Fcomments&post=3817"}],"version-history":[{"count":1,"href":"https:\/\/www.ladislavjakl.cz\/index.php?rest_route=\/wp\/v2\/posts\/3817\/revisions"}],"predecessor-version":[{"id":3818,"href":"https:\/\/www.ladislavjakl.cz\/index.php?rest_route=\/wp\/v2\/posts\/3817\/revisions\/3818"}],"wp:attachment":[{"href":"https:\/\/www.ladislavjakl.cz\/index.php?rest_route=%2Fwp%2Fv2%2Fmedia&parent=3817"}],"wp:term":[{"taxonomy":"category","embeddable":true,"href":"https:\/\/www.ladislavjakl.cz\/index.php?rest_route=%2Fwp%2Fv2%2Fcategories&post=3817"},{"taxonomy":"post_tag","embeddable":true,"href":"https:\/\/www.ladislavjakl.cz\/index.php?rest_route=%2Fwp%2Fv2%2Ftags&post=3817"}],"curies":[{"name":"wp","href":"https:\/\/api.w.org\/{rel}","templated":true}]}}