{"id":3822,"date":"2013-04-25T15:08:46","date_gmt":"2013-04-25T13:08:46","guid":{"rendered":"http:\/\/www.ladislavjakl.cz\/?p=3822"},"modified":"2013-04-25T15:08:46","modified_gmt":"2013-04-25T13:08:46","slug":"jakl-pro-casopis-playboy-s-led-zeppelin-prisla-na-svet-krasa","status":"publish","type":"post","link":"https:\/\/www.ladislavjakl.cz\/?p=3822","title":{"rendered":"Jakl pro \u010dasopis Playboy: S Led Zeppelin p\u0159i\u0161la na sv\u011bt kr\u00e1sa"},"content":{"rendered":"<p><strong>By\u0165 dom\u00e1c\u00ed politiku nemus\u00edm, n\u011bkte\u0159\u00ed lid\u00e9 mi v\u00a0n\u00ed od poloviny b\u0159ezna chyb\u00ed. T\u0159eba dnes ji\u017e b\u00fdval\u00fd \u0161\u00e9f politick\u00e9ho odboru Kancel\u00e1\u0159e prezidenta republiky V\u00e1clava Klause, dlouhovlas\u00fd t\u0159iapades\u00e1tilet\u00fd rocker Ladislav Jakl (53). Ne snad, \u017ee bych se bezmezn\u011b ztoto\u017e\u0148oval s\u00a0jeho n\u00e1zory, krom\u011b toho m\u00e1m Deep Purple rad\u011bji, ne\u017e Led Zeppelin. Ka\u017ed\u00e9 medi\u00e1ln\u00ed vystoupen\u00ed Ladislava Jakla m\u011b ale v\u017edy pobavilo. A tak\u0159ka poka\u017ed\u00e9 donutilo zamyslet se. A o tom by to asi m\u011blo b\u00fdt.<\/strong><\/p>\n<p><strong><!--more--><\/strong><\/p>\n<p><strong>Aktu\u00e1ln\u011b se \u0159e\u0161\u00ed dal\u0161\u00ed comeback va\u0161ich tolik obl\u00edben\u00fdch Led Zeppelin. Dal\u0161\u00ed jejich velk\u00fd stoupenec Michal Pavl\u00ed\u010dek mi p\u0159ed lety prozradil, \u017ee kdy\u017e sly\u0161el na\u017eivo tr\u00e1p\u00edc\u00edho se, Planta, trp\u011bl?<\/strong><\/p>\n<p>Plant m\u00e1 pot\u00ed\u017ee s\u00a0hlasivkami u\u017e od konce 70. let. Dob\u0159e ho ch\u00e1pu, ve stejnou dobu jsem kv\u016fli t\u011b\u017ek\u00e9mu \u00farazu hlasivek shodil deset kilo a skoro \u00fapln\u011b ztratil hlas. Od t\u00e9 doby mus\u00edm po\u0159\u00e1d myslet na to, jak se z\u00a0toho p\u0159i produkci vylhat. \u00dapln\u011b v\u00a0krku c\u00edt\u00edm, co za\u017e\u00edv\u00e1. A m\u00e1m pocit, \u017ee d\u00edku tomu v\u00edce s\u00a0hlasem pracuje. Nete\u010de mu jako voda, po\u0159\u00e1d nad ka\u017ed\u00fdm t\u00f3nem mus\u00ed p\u0159em\u00fd\u0161let, neust\u00e1le ho mus\u00ed on-line tvo\u0159it, ne\u017e \u017ee zm\u00e1\u010dkne knofl\u00edk a spust\u00ed osv\u011bd\u010denou rutinu. Ale hlavn\u011b, o to v\u016fbec nejde. Pro m\u011b jsou Led Zeppelin otvorem, kter\u00fdm na n\u00e1\u0161 sv\u011bt p\u0159i\u0161la opravdov\u00e1 kr\u00e1sa. Mo\u017en\u00e1 to sami nikdy nepochopili. Sta\u010d\u00ed je vid\u011bt t\u0159eba na p\u0159ed\u00e1v\u00e1n\u00ed Kennedyho ceny a \u010dlov\u011bk by jim dal pusu. Prost\u011b s\u00a0nimi poka\u017ed\u00e9 p\u0159ich\u00e1z\u00ed cosi mimo\u0159\u00e1dn\u00e9ho. Je to v\u00edce ne\u017e muzika, v\u00edc ne\u017e hudebnick\u00e9 schopnosti. S\u00e1m nev\u00edm, jestli by byl jejich comeback hudebn\u00edm p\u0159\u00ednosem. J\u00e1 bych z\u00a0n\u011bj ale zklam\u00e1n nemohl nikdy b\u00fdt, proto\u017ee nem\u00e1m o\u010dek\u00e1v\u00e1n\u00ed, \u017ee budou hr\u00e1t jako d\u0159\u00edve. Pokud vylezou spolu na p\u00f3dium a zahraj\u00ed, tak prost\u011b budou, a to mi ke \u0161t\u011bst\u00ed sta\u010d\u00ed. A kdy\u017e nevylezou, jsou tu s\u00a0n\u00e1mi stejn\u011b po\u0159\u00e1d.<\/p>\n<p><strong>Vylh\u00e1v\u00e1te se a dum\u00e1te nad t\u00edm, jak co obej\u00edt pouze v\u00a0p\u0159\u00edpad\u011b vlastn\u00ed hlasov\u00e9 indispozice, nebo t\u00e9to strategie vyu\u017e\u00edv\u00e1te i v\u00a0jin\u00fdch oblastech \u017eivota?<\/strong><\/p>\n<p>To snad ani ne. Tam nec\u00edt\u00edm takov\u00fd evidentn\u00ed hendikep. J\u00e1 jsem byl v\u00a0ml\u00e1d\u00ed na sv\u016fj hlas velmi py\u0161n\u00fd. Kdy\u017e jsem o n\u011bj p\u0159i\u0161el, byla to pro m\u011b hrozn\u00e1 ztr\u00e1ta. Po letech mi n\u011bkdo p\u0159inesl starou nahr\u00e1vku se zdrav\u00fdm hlasem a j\u00e1 se \u00fapln\u011b zhrozil. Byl to nafoukan\u00fd man\u00fdrismus ve stylu, koukejte, co v\u00a0tom krku m\u00e1m. Ztr\u00e1ta hlasu m\u011b nau\u010dila v\u00edce p\u0159em\u00fd\u0161let o projevu a p\u0159i tom kli\u010dkov\u00e1n\u00ed mezi indispozicemi hledat jin\u00e9 v\u00fdrazov\u00e9 mo\u017enosti. A vlastn\u011b jsem tak nakonec v\u00edc z\u00edskal, ne\u017e ztratil. Mo\u017en\u00e1 i v\u00a0\u017eivot\u011b to tak b\u00fdv\u00e1, \u017ee n\u011bjak\u00fd limit \u010dlov\u011bka pou\u010d\u00ed, kde jsou z\u00e1sadn\u011bj\u0161\u00ed hodnoty. Ale na obch\u00e1zen\u00ed probl\u00e9m\u016f jsem nikdy nebyl stav\u011bn\u00fd, jestli to bylo my\u0161leno takto.<\/p>\n<p><strong>Jak vysv\u011btlit term\u00edn kli\u010dkov\u00e1n\u00ed mezi indispozicemi? Jak velk\u00e9 \u00fasil\u00ed tento druh slalomu vy\u017eaduje?<\/strong><\/p>\n<p>Term\u00ednem kli\u010dkov\u00e1n\u00ed ur\u010dit\u011b nemysl\u00edm vyh\u00fdb\u00e1n\u00ed se probl\u00e9m\u016fm. Sp\u00ed\u0161e se za n\u00edm skr\u00fdv\u00e1 hled\u00e1n\u00ed jin\u00e9 cesty, kdy\u017e je p\u0159\u00edm\u00e1 zazd\u011bn\u00e1. \u00dasil\u00ed to pochopiteln\u011b vy\u017eaduje. A schopnosti? Hlavn\u011b jednu: neztratit p\u0159i kli\u010dkov\u00e1n\u00ed p\u016fvodn\u00ed sm\u011br.<\/p>\n<p><strong>V\u00a0posledn\u00ed dob\u011b jsem nabyl dojmu, \u017ee zazd\u011bnou p\u0159\u00edmou cestu neobch\u00e1z\u00edte, ale m\u00edsto do m\u0159\u00ed\u017e\u00ed tlu\u010dete hlavou o ze\u010f. Jde o to, jestli ji rozbijete?<\/strong><\/p>\n<p>To mi dal do v\u00ednku b\u00e1sn\u00edk Neruda, kter\u00fd svou nejslavn\u011bj\u0161\u00ed b\u00e1se\u0148 za\u010d\u00edn\u00e1 m\u00fdm jm\u00e9nem. Jakl vov\u00e9 bijem o m\u0159\u00ed\u017ee! Ale ne. Ten v\u00e1\u0161 dojem nejsp\u00ed\u0161e vych\u00e1z\u00ed z\u00a0toho, \u017ee n\u011bkter\u00e9 p\u0159ek\u00e1\u017eky jenom vypadaj\u00ed jako ze\u010f. Ale pra\u0161t\u00edte do nich hlavou a on to byl papundekl.<\/p>\n<p><strong>Zji\u0161\u0165ujete \u010dasto s\u00a0pomoc\u00ed vlastn\u00edch limit\u016f, kde jsou z\u00e1sadn\u011bj\u0161\u00ed hodnoty?<\/strong><\/p>\n<p>No jejej! Ka\u017ed\u00fd den mi p\u0159ipomene n\u011bjak\u00fd m\u016fj limit. D\u00e1vno dob\u0159e v\u00edm, \u017ee \u017eivot nen\u00ed oce\u00e1n, ale rybn\u00edk, jeho\u017e druh\u00fd b\u0159eh se bl\u00ed\u017e\u00ed. A \u017ee n\u011bkter\u00e9 v\u011bci u\u017e prost\u011b nikdy nebudou, nikdy se nestanou. A \u017ee n\u011bkter\u00e9 v\u011bci nikdy nestihnu nebo nedok\u00e1\u017eu. Pak \u010dlov\u011bk zjist\u00ed, \u017ee nejcenn\u011bj\u0161\u00ed je to, co m\u00e1 po\u0159\u00e1d na o\u010d\u00edch. To nen\u00ed z\u00a0nouze ctnost, fakt ne.<\/p>\n<p><strong>V\u00a0Radio Beat jste se nechal p\u0159ed p\u00e1r lety sly\u0161et v\u00a0tom smyslu, \u017ee Jimmy Page je nejv\u011bt\u0161\u00ed osobnost\u00ed rockov\u00e9 historie. Tu\u0161\u00edte, na adresu kter\u00e9ho kytaristy velmistr Page \u0159ekl: \u201eOn je asi fakt nejlep\u0161\u00ed?\u201c<\/strong><\/p>\n<p>Tuto jeho v\u011btu nezn\u00e1m, tak budu h\u00e1dat. Techniku neobdivoval, nebyl do n\u00ed za\u017eran\u00fd. Ale pokud m\u011bl pocit, \u017ee m\u00e1 s\u00e1m technick\u00e9 limity, pak mohl nap\u0159\u00edklad myslet Roberta Frippa. Ale pokud myslel n\u011bkoho, kdo byl pro n\u011bj inspirac\u00ed, mohl m\u00edt na mysli n\u011bkter\u00e9ho z\u00a0\u010dern\u00fdch klasik\u016f chicagsk\u00e9 \u0161koly. Ale kdy\u017e se pt\u00e1te, ur\u010dit\u011b\u00a0 jde o n\u011bkoho jin\u00e9ho.<\/p>\n<p><strong>P\u0159ekvapuje v\u00e1s, \u017ee m\u011bl na mysli Jeffa Becka?<\/strong><\/p>\n<p>No, to vlastn\u011b ani ne. Dob\u0159e se oded\u00e1vna znaj\u00ed a ve Zv\u011bt\u0161enin\u011b jsou dokonce spolu na\u00a0p\u00f3diu s\u00a0Yardbirds. Beck je g\u00e9nius kytary. Podle m\u011b m\u011bl Page na mysli jeho originalitu. Jeff Beck ud\u011blal v\u017edycky v\u0161echno jinak, ne\u017e by \u010dlov\u011bk \u010dekal. Page je ur\u010dit\u011b klasi\u010dt\u011bj\u0161\u00ed, ale je to klasika vyzr\u00e1l\u00e1 a pln\u00e1 srdce, jestli si takovou sentimentalitu mohu dovolit.<\/p>\n<p><strong>Nabyl jste snad n\u011bkdy dojmu, \u017ee nem\u00e1te pr\u00e1vo na sentimentalitu?<\/strong><\/p>\n<p>No, \u010dasto. \u010casto jsem bral do ruky ohniv\u00fd me\u010d a likvidoval v\u0161e p\u0159eslazen\u00e9 kolem sebe i uvnit\u0159. Ur\u010dit\u011b jsem p\u0159i tom posekal i n\u011bco p\u011bkn\u00e9ho. Snad jsem v\u00a0tomhle ud\u011blal n\u011bjak\u00fd pokrok a za sentiment se u\u017e tak nestyd\u00edm.<\/p>\n<p><strong>Nen\u00ed generace t\u011bch, kte\u0159\u00ed vyrostli na Led Zeppelin, zatracena. P\u0159ed v\u00edce, ne\u017e \u010dty\u0159iceti lety si dali skv\u011bl\u00fd p\u0159edkrm, pot\u00e9 p\u0159i\u0161ly p\u0159esolen\u00e9 pol\u00e9vky, \u0161patn\u011b upe\u010den\u00e9 maso, mou\u010dn\u00edk nic moc\u2026<\/strong><\/p>\n<p>Mysl\u00edm, \u017ee lze vych\u00e1zet z\u00a0ko\u0159en\u016f a p\u0159itom hr\u00e1t origin\u00e1ln\u011b a sou\u010dasn\u011b. Nesrovn\u00e1vejme po\u0159\u00e1d n\u011bkoho s\u00a0n\u011bk\u00fdm, prost\u011b poslouchejme\u2026<\/p>\n<p><strong>To o poslouch\u00e1n\u00ed mysl\u00edte obecn\u011b, nebo pouze v\u00a0p\u0159\u00edpad\u011b Led Zeppelin? Nabyl jsem dojmu, \u017ee pro mnoho na\u0161ich spoluob\u010dan\u016f p\u0159edstavuje poslech bolestivou proceduru?<\/strong><\/p>\n<p>Ka\u017ed\u00fd m\u00e1 sv\u016fj k\u00f3d, n\u011bco jako m\u0159\u00ed\u017eku. Nebo kl\u00ed\u010dovou d\u00edrku. A kdy\u017e je sd\u011blen\u00ed k\u00f3dovan\u00e9 jinak, m\u00e1me tendenci ho odm\u00edtat, m\u00edsto snahy ho pochopit. S\u00a0t\u00edm se mus\u00ed ka\u017ed\u00fd \u010dlov\u011bk pot\u00fdkat denn\u011b. No, a n\u011bkdo v\u00edc.<\/p>\n<p><strong>Dok\u00e1\u017eete flexibiln\u011b k\u00f3dovat podle \u00farovn\u011b osoby, se kterou se sna\u017e\u00edte v\u00e9st diskusi?<\/strong><\/p>\n<p>No, sna\u017e\u00edm se. Jinak bych se nemohl c\u00edtit doma v\u00a0tak odli\u0161n\u00fdch prost\u0159ed\u00edch. Ale hodn\u011b \u010dasto se mi to nepovede. \u010casto se mi zd\u00e1, \u017ee srozumiteln\u011bji u\u017e to \u0159\u00edct nem\u016f\u017eu. To ale jen podl\u00e9h\u00e1m klamu, \u017ee ten druh\u00fd je nalad\u011bn na podobn\u00e9m k\u00f3du. Ale to pr\u00e1v\u011b v\u016fbec nemus\u00ed b\u00fdt. A pak se roz\u010diluji, \u017ee mi nerozum\u00ed. P\u0159itom to m\u016f\u017ee b\u00fdt i moje vina.<\/p>\n<p><strong>Existuj\u00ed sd\u011blen\u00ed, s\u00a0jejich\u017e \u201erozk\u00f3dov\u00e1n\u00edm\u201c m\u00e1te velk\u00e9 probl\u00e9my?<\/strong><\/p>\n<p>Ne, ne. To v\u016fbec nesouvis\u00ed se sd\u011blen\u00edm, s\u00a0obsahem. K\u00f3d z\u00e1vis\u00ed na vn\u00edm\u00e1n\u00ed, my\u0161len\u00ed a komunikaci ka\u017ed\u00e9ho \u010dlov\u011bka. \u010casto m\u00e1me pocit, \u017ee na\u0161e vn\u00edm\u00e1n\u00ed, my\u0161len\u00ed a komunikace jsou jaksi univerz\u00e1ln\u00ed, v\u0161eobecn\u011b platn\u00e1 a pochopiteln\u00e1. Ka\u017ed\u00fd \u010dlov\u011bk si ale nese sv\u00e9 k\u00f3dy a nenapadne ho, \u017ee jsou \u010dasto nesd\u011bliteln\u00e9. A \u017ee pokud se lidi cht\u011bj\u00ed domluvit, mus\u00ed je zahodit a zkusit v\u011bt\u0161\u00ed m\u00edru obecnosti.<\/p>\n<p><strong> Na z\u00e1klad\u011b nad\u0161en\u00e9 odpov\u011bdi na \u00favodn\u00ed ot\u00e1zku jsem nabyl dojmu, \u017ee na rozd\u00edl od klasika rusk\u00e9 literatury Gork\u00e9ho nevd\u011b\u010d\u00edte za v\u0161e, co je ve v\u00e1s dobr\u00e9ho, knize, ale Led Zeppelin?<\/strong><\/p>\n<p>Pro mne Led Zeppelin ur\u010duj\u00ed estetik\u016f vn\u00edm\u00e1n\u00ed. Je to pro m\u011b d\u016fle\u017eit\u011bj\u0161\u00ed, ne\u017e znalost jejich reperto\u00e1ru nebo dokonce \u017eivotopis\u016f. J\u00e1 tomu prost\u011b v\u011b\u0159\u00edm. V\u011b\u0159\u00edm, kdy\u017e Plant s\u00e1m sebe p\u0159esv\u011bd\u010duje, \u017ee ho nebol\u00ed, co mu ta baba provedla. A p\u0159itom ka\u017ed\u00fd vid\u00ed, \u017ee to bol\u00ed stra\u0161n\u011b.<\/p>\n<p><strong>Mysl\u00edte si, \u017ee je ve v\u00e1s hodn\u011b dobr\u00e9ho?<\/strong><\/p>\n<p>Mysl\u00edm. Mysl\u00edm, \u017ee jsem se nau\u010dil lidi nesoudit a br\u00e1t je se v\u0161\u00edm v\u0161udy.<\/p>\n<p><strong>Po Led Zeppelin m\u00e1te to dobr\u00e9.\u00a0 Kdo m\u016f\u017ee za to \u0161patn\u00e9 ve v\u00e1s?<\/strong><\/p>\n<p>M\u00ed rodi\u010de. Zd\u011bdil jsem po nich p\u0159\u00edli\u0161 talentu a to m\u011b v\u00a0ml\u00e1d\u00ed vedlo k\u00a0ohromn\u00e9 pohodlnosti a trestuhodn\u00e9 le\u017e\u00e9rnosti. Dodnes si vy\u010d\u00edt\u00e1m, \u017ee jsem se nikdy nenau\u010dil soustavn\u00e9 pracovitosti.<\/p>\n<p><strong>Nen\u00ed mi dost dob\u0159e jasn\u00e9, jak jste mohl p\u0159i absenci soustavn\u00e9 pracovitosti vych\u00e1zet v\u00edce, ne\u017e desetilet\u00ed s\u00a0profesorem Klausem, kter\u00fd proslul svou systemati\u010dnost\u00ed a notorickou pracovitost\u00ed?<\/strong><\/p>\n<p>T\u00edm chci \u0159\u00edct, \u017ee nejsem tak pracovit\u00fd, jak bych si s\u00e1m p\u0159\u00e1l. Ne, \u017ee bych byl obecn\u011b l\u00edn\u00fd. To bych fakt asi u Klause nep\u0159e\u017eil. Tak\u017ee ne\u0159\u00edk\u00e1m, \u017ee nejsem v\u016fbec schopen soustavn\u011b pracovat. Jen \u0159\u00edk\u00e1m, \u017ee tohle nen\u00ed zrovna vlastnost, ve kter\u00e9 obstoj\u00edm s\u00e1m p\u0159ed sebou.<\/p>\n<p><strong>O b\u00fdval\u00e9m prezidentovi hovo\u0159\u00edte jako o Klausovi, o tom sou\u010dasn\u00e9m jako o Zemanovi. M\u00e1te probl\u00e9m s\u00a0akademick\u00fdmi tituly, p\u0159\u00edpadn\u011b s\u00a0osloven\u00edm pan?<\/strong><\/p>\n<p>Panov\u00e1n\u00ed je takov\u00e1 berli\u010dka pro n\u011bkter\u00e9 televizn\u00ed moder\u00e1tory, kte\u0159\u00ed jsou l\u00edn\u00ed pamatovat si k\u0159estn\u00ed jm\u00e9na. A tak jeden z\u00a0nich panuje \u00fapln\u011b ka\u017ed\u00e9ho, dokonce jsem od n\u011bj sly\u0161el i v\u00fdrazy \u201epan Hitler\u201c a \u201epan Stalin\u201c. Tituly nep\u011bstuji a panov\u00e1n\u00ed tak\u00e9 moc ne.<\/p>\n<p><strong>M\u00e1te dal\u0161\u00ed vlastnosti, d\u00edky kter\u00fdm m\u00e1te probl\u00e9m obst\u00e1t s\u00e1m p\u0159ed sebou?<\/strong><\/p>\n<p>Ale jist\u011b, cel\u00fd kopec. Jsem na sebe dost p\u0159\u00edsn\u00fd, mo\u017en\u00e1 i zl\u00fd, v\u00a0mnoha jednotlivostech. Co se t\u00fd\u010de obecn\u011bj\u0161\u00edch trvalej\u0161\u00edch v\u011bc\u00ed, kter\u00e9 na sob\u011b vid\u00edm kriticky, pak t\u0159eba to, jak jsem lajd\u00e1ck\u00fd na sv\u00e9 zdrav\u00ed.\u00a0 Ale v\u011bt\u0161inou si vy\u010d\u00edt\u00e1m pr\u00e1v\u011b nedostate\u010dnou pracovitost. M\u011bl jsem se toho nau\u010dit a odpracovat asi stokr\u00e1t v\u00edc. A v\u00a0dal\u0161\u00edch p\u0159\u00edpadech nejde zrovna o vlastnosti, ale sp\u00ed\u0161e ty jednor\u00e1zov\u00e9 p\u0159\u00edpady, u kter\u00fdch dob\u0159e v\u00edm, \u017ee jsem se m\u011bl zachovat l\u00e9pe. Ale tak to m\u00e1 asi ka\u017ed\u00fd.<\/p>\n<p><strong>Hodl\u00e1te tyto vlastnosti alespo\u0148 minimalizovat, nebo jste se sm\u00ed\u0159il s\u00a0jejich existenc\u00ed?<\/strong><\/p>\n<p>Nikdy jsem se nesm\u00ed\u0159il. K\u00a0tomu mi asi chyb\u00ed v\u011bk a pokora.<\/p>\n<p><strong>P\u0159ed \u010dasem jsem sledoval va\u0161i debatu na \u010cT 24. Nabyl jsem dojmu, \u017ee i docela hezk\u00e1 moder\u00e1torka ve\u0159ejn\u011b pr\u00e1vn\u00ed televize ve v\u00e1s vid\u00ed zloducha a vy si to docela u\u017e\u00edv\u00e1te?<\/strong><\/p>\n<p>Ne, to jsem si neu\u017e\u00edval. Poctiv\u011b jsem se j\u00ed sna\u017eil n\u011bco vysv\u011btlit. Ale podle jej\u00edho v\u00fdrazu m\u011bla asi jasno p\u0159edem. A hezk\u00e1 nen\u00ed docela, ale docela dost.<strong><\/strong><\/p>\n<p><strong>V\u00a0\u010dem spo\u010d\u00edv\u00e1 va\u0161e motivace \u00fa\u010dastnit se \u201edebat\u201c, jejich\u017e moder\u00e1tor m\u00e1 p\u0159edem jasno?<\/strong><\/p>\n<p>V\u00a0nad\u011bji, \u017ee jasno t\u0159eba nemaj\u00ed ti, co takovou debatu poslouchaj\u00ed.<\/p>\n<p><strong>Z\u00a0toho mi vych\u00e1z\u00ed, \u017ee jste zast\u00e1ncem r\u010den\u00ed, podle kter\u00e9ho um\u00edr\u00e1 nad\u011bje posledn\u00ed?<\/strong><\/p>\n<p>V\u017edy m\u00e1m pocit, \u017ee se \u010dlov\u011bk m\u00e1 sna\u017eit i ve zd\u00e1nliv\u011b marn\u00fdch situac\u00edch. Ale je z\u00e1rove\u0148 t\u0159eba zbavit se po\u0161etilosti v\u00a0tom smyslu, \u017ee stihnout a dok\u00e1zat se d\u00e1 v\u0161e, sta\u010d\u00ed vyvinout pat\u0159i\u010dn\u00e9 \u00fasil\u00ed. To u\u017e pak hrani\u010d\u00ed s\u00a0p\u00fdchou nebo neschopnost\u00ed re\u00e1ln\u00e9ho \u00fasudku. \u017divot nen\u00ed oce\u00e1n, ale rybn\u00edk, a na druh\u00fd b\u0159eh je vid\u011bt, jak u\u017e jsem \u0159ekl.<\/p>\n<p><strong>M\u00e1te jasno v\u00a0tom, co u\u017e nikdy nestihnete nebo to nedok\u00e1\u017eete?<\/strong><\/p>\n<p>Hm, jedna z\u00a0t\u011bch v\u011bc\u00ed je natolik citliv\u00e1, \u017ee si ji asi rad\u011bji nech\u00e1m pro sebe.<\/p>\n<p><strong>A co byste cht\u011bl je\u0161t\u011b stihnout? T\u0159eba va\u0159it dobr\u00e9 pivo, k\u00a0\u010demu\u017e se po odchodu z\u00a0hradn\u00edch slu\u017eeb chyst\u00e1te?<\/strong><\/p>\n<p>No, to ur\u010dit\u011b. Tohoto c\u00edle se rozhodn\u011b nez\u0159\u00edk\u00e1m a u\u017e jsem pro n\u011bj leccos ud\u011blal. V\u00edte, m\u00e1m jednoho dobr\u00e9ho kamar\u00e1da a ten raz\u00ed heslo \u201euk\u00e1zan\u00e1 plat\u00ed\u201c. Lidi \u010dasto zbyte\u010dn\u011b d\u00e1vaj\u00ed nevynucen\u00e9 sliby, dokonce i sami sob\u011b. Nebo \u017evan\u00ed o velk\u00fdch pl\u00e1nech n\u011bkde v\u00a0hospod\u011b. Ale m\u00e1loco takto vy\u0159\u010den\u00e9ho se dot\u00e1hne. Rad\u011bji budu dotahovat, ne\u017e sm\u011ble pap\u00edrov\u011b pl\u00e1novat.<\/p>\n<p><strong>P\u0159i jedn\u00e9 televizn\u00ed debat\u011b se va\u0161emu hradn\u00edmu kolegovi, vicekancl\u00e9\u0159i H\u00e1jkovi mo\u017en\u00e1 poda\u0159ilo vysv\u011btlit pan\u00ed moder\u00e1torce J\u00edlkov\u00e9 a pan\u00ed sen\u00e1torce Gajd\u016f\u0161kov\u00e9, \u017ee pokud \u010dlov\u011bk nen\u00ed pravomocn\u011b odsouzen, je na n\u011bj pot\u0159eba pohl\u00ed\u017eet jako na nevinn\u00e9ho. M\u016f\u017eete se pochlubit s\u00a0podobn\u00fdm po\u010dinem?<\/strong><\/p>\n<p>Tohle je zrovna jedno z\u00a0m\u00fdch velk\u00fdch t\u00e9mat. Nejen konkr\u00e9tn\u011b u amnestie. T\u0159eba i u v\u00fdchovy d\u011bt\u00ed. N\u011bkoho nespravedliv\u011b na\u0159knout je stra\u0161n\u00e1 k\u0159ivda. V\u017edycky rad\u011bji v\u011b\u0159\u00edm a nech\u00e1m se zklamat, ne\u017e nev\u011b\u0159\u00edm, abych se n\u00e1hodou nezklamal.<\/p>\n<p><strong>Nemrz\u00ed v\u00e1s jako spolutv\u016frce, \u017ee jste se na rozd\u00edl od b\u00fdval\u00e9ho prezidenta V\u00e1clava Klause nestal \u00fa\u010dastn\u00edkem gigantick\u00e9 pitomosti, jak pan ministr Kalousek pojmenoval \u00fasil\u00ed 28 sen\u00e1tor\u016f, kte\u0159\u00ed cht\u011bj\u00ed v\u00a0souvislosti s\u00a0amnesti\u00ed za\u017ealovat profesora Klause z\u00a0velezrady?<\/strong><\/p>\n<p>S\u00a0amnesti\u00ed nen\u00ed povinn\u00e9 souhlasit. N\u011bkdo by ji nedal nikdy a nikomu, dal\u0161\u00edch sto lid\u00ed by se ji p\u0159edstavovalo ve sto variant\u00e1ch. N\u011bkdo by kritizoval jeden aspekt, jin\u00fd zas n\u011bco jin\u00e9ho. Proto i tato konkr\u00e9tn\u00ed m\u00e1 sv\u00e9 kritiky. Ale vytahovat kan\u00f3n velezrady je po\u0161etil\u00e9, pokryteck\u00e9, \u00fa\u010delov\u00e9 a nesoudn\u00e9. A tak\u00e9 sebevra\u017eedn\u00e9, proto\u017ee to otravuje cel\u00e9 spole\u010densk\u00e9 klima a na to dojedou i \u017ealobn\u00ed\u010dci.<\/p>\n<p><strong>Pova\u017eujete n\u00e1zor ministra Kalouska ohledn\u011b gigantick\u00e9 pitomosti za p\u0159ehnan\u011b razantn\u00ed?<\/strong><\/p>\n<p>V\u00edte, ka\u017ed\u00fd m\u00e1 sv\u016fj slovn\u00edk a argumenty, nikdy jsem nem\u011bl pot\u0159ebu p\u016fj\u010dovat si ciz\u00ed. J\u00e1 to \u0159eknu jinak: demokracie je zalo\u017eena na tom, \u017ee lidi jsou voleni podle sv\u00fdch n\u00e1zor\u016f a z\u00e1sad. Nem\u016f\u017eeme jim pak vy\u010d\u00edtat, kdy\u017e ve funkci d\u011blaj\u00ed to, co odpov\u00edd\u00e1 jejich pohledu a ne na\u0161emu. Stejnou materii lze v\u00a0politice uchopit mnoha r\u016fzn\u00fdmi zp\u016fsoby. A s\u00a0nimi pak m\u016f\u017eeme nesouhlasit, polemizovat s\u00a0nimi a jakkoli je kritizovat. Demokracie ale kon\u010d\u00ed tehdy, kdy\u017e n\u011bkdo jin\u00fd n\u00e1zor nebo odli\u0161n\u00fd v\u00fdkon funkce, kter\u00fd neodpov\u00edd\u00e1 jeho p\u0159edstav\u00e1m, za\u010dne zakazovat, postihovat, vylu\u010dovat \u010di prohla\u0161ovat za nep\u0159\u00edpustn\u00fd, neleg\u00e1ln\u00ed, nepat\u0159i\u010dn\u00fd. A tak je tomu i u t\u00e9to \u017ealoby. Zcela ch\u00e1pu, \u017ee v\u00a0dot\u010den\u00fdch momentech by st\u011b\u017eovatel\u00e9 r\u00e1di vid\u011bli jin\u00fd postup. Jen\u017ee oni d\u00e1vaj\u00ed najevo, \u017ee jin\u00fd postup ne\u017e sv\u016fj pova\u017euj\u00ed za zak\u00e1zan\u00fd a hodn\u00fd potrest\u00e1n\u00ed.<\/p>\n<p><strong>Lze na z\u00e1klad\u011b logiky odvodit, \u017ee pokud je n\u011bkdo \u00fa\u010dastn\u00edkem gigantick\u00e9 pitomosti st\u00e1v\u00e1 se gigantick\u00fdm pitomcem?<\/strong><\/p>\n<p>J\u00e1 nem\u00e1m pot\u0159ebu \u0161ermovat expresivy.<\/p>\n<p><strong>Na druhou stranu prezident Zeman v\u00e1s na Hrad\u011b nechce, sen\u00e1tor\u016fm nestoj\u00edte ani za \u017ealobu\u2026<\/strong><\/p>\n<p>V\u00edte, j\u00e1 Zemanovi nic nenab\u00edzel. Tak t\u011b\u017eko m\u016f\u017ee n\u011bco odm\u00edtat. A \u017ealoba sen\u00e1tor\u016f nen\u00ed \u017ealobou ve trestn\u011bpr\u00e1vn\u00edm smyslu, ale \u00fastavn\u00edm. Tak\u017ee se m\u016f\u017ee vztahovat jen na prezidenta. Pro mne jim ale jist\u011b z\u016fstane n\u011bco v\u0159el\u00fdch slov. Akor\u00e1t \u017ee ne z\u00a0o\u010d\u00ed do o\u010d\u00ed. P\u0159ed \u010dasem jich n\u011bkolik odm\u00edtlo j\u00edt se mnou na toto t\u00e9ma debatovat do televize.<\/p>\n<p><strong>Mysl\u00edte si, \u017ee z\u00a0v\u00e1s jde strach? Pamatuji si na jedny ot\u00e1zky V\u00e1clava Moravce, kdy jste s\u00a0tehdej\u0161\u00edm ministrem \u017eivotn\u00edho prost\u0159ed\u00ed Martinem Burs\u00edkem debatovali p\u0159es ze\u010f, nebo\u0165 jste nebyl vpu\u0161t\u011bn do stejn\u00e9ho studia.<\/strong><\/p>\n<p>J\u00f3, to se mus\u00edte zeptat t\u011bch doty\u010dn\u00fdch. Asi se sklen\u00edkov\u00e9 kv\u011btinky boj\u00ed p\u0159irozen\u00e9ho po\u010das\u00ed.<\/p>\n<p><strong>Jak se t\u011b\u0161\u00edte na \u017eivot rockera mimo Hrad? Najednou budete oby\u010dejn\u00fd Jakl\u2026<\/strong><\/p>\n<p>T\u011b\u0161\u00edm moc. A slibuji, \u017ee nikdy v\u00a0\u017eivot\u011b nebudu \u201eoby\u010dejn\u00fd Jakl\u201c, nebyl jsem jim ani d\u0159\u00edve.<\/p>\n<p><strong>Sejde se kdy siln\u00e1 hradn\u00ed trojka Klaus, H\u00e1jek, Jakl na piv\u011b?<\/strong><\/p>\n<p>No, to j\u00e1 ani nev\u00edm. Byl bych celkem pro, ale v\u00a0t\u00e9to discipl\u00edn\u011b by mi asi moc nesta\u010dili.<\/p>\n","protected":false},"excerpt":{"rendered":"<p>By\u0165 dom\u00e1c\u00ed politiku nemus\u00edm, n\u011bkte\u0159\u00ed lid\u00e9 mi v\u00a0n\u00ed od poloviny b\u0159ezna chyb\u00ed. T\u0159eba dnes ji\u017e b\u00fdval\u00fd \u0161\u00e9f politick\u00e9ho odboru Kancel\u00e1\u0159e prezidenta republiky V\u00e1clava Klause, dlouhovlas\u00fd t\u0159iapades\u00e1tilet\u00fd rocker Ladislav Jakl (53). Ne snad, \u017ee bych se bezmezn\u011b ztoto\u017e\u0148oval s\u00a0jeho n\u00e1zory, krom\u011b toho m\u00e1m Deep Purple rad\u011bji, ne\u017e Led Zeppelin. Ka\u017ed\u00e9 medi\u00e1ln\u00ed vystoupen\u00ed Ladislava Jakla m\u011b ale [&hellip;]<\/p>\n","protected":false},"author":1,"featured_media":0,"comment_status":"open","ping_status":"open","sticky":false,"template":"","format":"standard","meta":{"ngg_post_thumbnail":0,"footnotes":""},"categories":[13],"tags":[],"class_list":["post-3822","post","type-post","status-publish","format-standard","hentry","category-rozhovory"],"_links":{"self":[{"href":"https:\/\/www.ladislavjakl.cz\/index.php?rest_route=\/wp\/v2\/posts\/3822","targetHints":{"allow":["GET"]}}],"collection":[{"href":"https:\/\/www.ladislavjakl.cz\/index.php?rest_route=\/wp\/v2\/posts"}],"about":[{"href":"https:\/\/www.ladislavjakl.cz\/index.php?rest_route=\/wp\/v2\/types\/post"}],"author":[{"embeddable":true,"href":"https:\/\/www.ladislavjakl.cz\/index.php?rest_route=\/wp\/v2\/users\/1"}],"replies":[{"embeddable":true,"href":"https:\/\/www.ladislavjakl.cz\/index.php?rest_route=%2Fwp%2Fv2%2Fcomments&post=3822"}],"version-history":[{"count":1,"href":"https:\/\/www.ladislavjakl.cz\/index.php?rest_route=\/wp\/v2\/posts\/3822\/revisions"}],"predecessor-version":[{"id":3823,"href":"https:\/\/www.ladislavjakl.cz\/index.php?rest_route=\/wp\/v2\/posts\/3822\/revisions\/3823"}],"wp:attachment":[{"href":"https:\/\/www.ladislavjakl.cz\/index.php?rest_route=%2Fwp%2Fv2%2Fmedia&parent=3822"}],"wp:term":[{"taxonomy":"category","embeddable":true,"href":"https:\/\/www.ladislavjakl.cz\/index.php?rest_route=%2Fwp%2Fv2%2Fcategories&post=3822"},{"taxonomy":"post_tag","embeddable":true,"href":"https:\/\/www.ladislavjakl.cz\/index.php?rest_route=%2Fwp%2Fv2%2Ftags&post=3822"}],"curies":[{"name":"wp","href":"https:\/\/api.w.org\/{rel}","templated":true}]}}