{"id":3824,"date":"2013-04-25T15:10:00","date_gmt":"2013-04-25T13:10:00","guid":{"rendered":"http:\/\/www.ladislavjakl.cz\/?p=3824"},"modified":"2013-04-25T15:10:00","modified_gmt":"2013-04-25T13:10:00","slug":"euro-do-peti-let-to-je-prazdny-vyrok","status":"publish","type":"post","link":"https:\/\/www.ladislavjakl.cz\/?p=3824","title":{"rendered":"Euro do p\u011bti let? To je pr\u00e1zdn\u00fd v\u00fdrok"},"content":{"rendered":"<p>Prezident republiky Milo\u0161 Zeman odhaduje, \u017ee by \u010cesk\u00e1 republika mohla p\u0159ijmout spole\u010dnou m\u011bnu euro v horizontu p\u011bti let. Takov\u00fd n\u00e1zor nen\u00ed nov\u00fd. Mluvil o n\u011bm sv\u00e9ho \u010dasu n\u011bkdej\u0161\u00ed ministr zahrani\u010d\u00ed Svoboda, n\u011bkdej\u0161\u00ed eurokomisa\u0159 Teli\u010dka, n\u011bkdej\u0161\u00ed premi\u00e9r Paroubek, n\u011bkdej\u0161\u00ed vl\u00e1dn\u00ed koordin\u00e1tor p\u0159ijet\u00ed eura D\u011bdek a mnoho dal\u0161\u00edch na\u0161ich \u010dinitel\u016f.<\/p>\n<p><!--more--><\/p>\n<p>Z\u010d\u00e1sti tak mluvili motivov\u00e1ni sv\u00fdm bezmezn\u00fdch euronaivismem (odsunuj\u00edc\u00edm do \u00fastran\u00ed zdrav\u00fd rozum), z\u010d\u00e1sti alibistick\u00fdm populismem (za p\u011bt let se m\u011b na to nikdo nebude pt\u00e1t), z\u010d\u00e1sti snahou zal\u00edbit se mocn\u00fdm zahrani\u010dn\u00edm spojenc\u016fm, od nich\u017e o\u010dek\u00e1vali pomoc v boji proti dom\u00e1c\u00ed politick\u00e9 konkurenci. Nen\u00ed podstatn\u00e9, kter\u00fd z motiv\u016f (\u010di v jak\u00e9m pom\u011bru jejich kombinac\u00ed) vedl k tomuto v\u00fdroku i M. Zemana pr\u00e1v\u011b te\u010f.<\/p>\n<p>Zaj\u00edmav\u011bj\u0161\u00ed je, na \u010dem je tento jeho odhad vlastn\u011b postaven. Pokud si toti\u017e autor takov\u00e9ho v\u00fdroku p\u0159eje zaveden\u00ed eura u n\u00e1s, pro\u010d ne\u0159\u00edk\u00e1, \u017ee zavedeno m\u011blo b\u00fdt p\u0159ed p\u011bti lety? Pro\u010d ne\u0159\u00edk\u00e1, \u017ee by zavedeno m\u011blo b\u00fdt pokud mo\u017eno z\u00edtra? Proto\u017ee takov\u00fd v\u00fdrok by byl okam\u017eit\u011b konfrontov\u00e1n s realitou. Dnes ka\u017ed\u00fd dob\u0159e v\u00ed, \u017ee by to byl krok chybn\u00fd, kter\u00fd by n\u00e1m p\u0159inesl jen tr\u00e1pen\u00ed.<\/p>\n<p>Co se tedy o\u010dek\u00e1v\u00e1 od p\u0159\u00ed\u0161t\u00edch p\u011bti let? Co si M. Zeman od p\u0159\u00ed\u0161t\u00ed p\u011btiletky slibuje? Co se m\u00e1 zm\u011bnit? Maj\u00ed k\u00fd\u017een\u00e9 zm\u011bny nastat u n\u00e1s nebo v euroz\u00f3n\u011b? To je j\u00e1dro v\u011bci, to by bylo t\u0159eba specifikovat. Pokud se toto ne\u0159ekne, je jak\u00fdkoli \u010dasov\u00fd \u00fadaj jen pl\u00e1cnut\u00edm do vody.<\/p>\n<p>M\u00e1me p\u0159ijmout euro a\u017e za p\u011bt let, proto\u017ee to u\u017e bude spole\u010dn\u00e1 m\u011bna v dobr\u00e9 kondici? A na z\u00e1klad\u011b \u010deho tak M. Zeman soud\u00ed? Nebo se n\u011bco z\u00e1sadn\u011b zm\u011bn\u00ed u n\u00e1s, tak\u017ee u\u017e pro n\u00e1s bude euro v\u00fdhodn\u00e9 i beze zm\u011bn v euroz\u00f3n\u011b, dnes zm\u00edtan\u00e9 kriz\u00ed? Nebo prezident o\u010dek\u00e1v\u00e1 zm\u011bny na obou stran\u00e1ch? Pak by ale m\u011bl \u0159\u00edci, jak\u00e9 o\u010dek\u00e1v\u00e1.<\/p>\n<p>\u017donglov\u00e1n\u00ed s term\u00edny a lh\u016ftami nem\u00e1 \u017e\u00e1dn\u00e9 racion\u00e1ln\u00ed opodstatn\u011bn\u00ed. Slovem do pranice by bylo sp\u00ed\u0161e \u0159\u00edci: euro p\u0159ijmeme, a\u017e se stane toto a toto. A to se stane, proto\u017ee nastanou tyto a tyto okolnosti a p\u0159edpoklady. S takov\u00fdm slovem do pranice by bylo mo\u017en\u00e9 polemizovat. S v\u00fdrokem o p\u011btilet\u00e9 lh\u016ft\u011b polemizovat nelze, nad n\u00edm lze pouze pokr\u010dit rameny.<\/p>\n<p><a href=\"http:\/\/www.institutvk.cz\/politicky-komentar-7\" target=\"_blank\">Institut V\u00e1clava Klause, 22. dubna 2013<\/a><\/p>\n","protected":false},"excerpt":{"rendered":"<p>Prezident republiky Milo\u0161 Zeman odhaduje, \u017ee by \u010cesk\u00e1 republika mohla p\u0159ijmout spole\u010dnou m\u011bnu euro v horizontu p\u011bti let. Takov\u00fd n\u00e1zor nen\u00ed nov\u00fd. Mluvil o n\u011bm sv\u00e9ho \u010dasu n\u011bkdej\u0161\u00ed ministr zahrani\u010d\u00ed Svoboda, n\u011bkdej\u0161\u00ed eurokomisa\u0159 Teli\u010dka, n\u011bkdej\u0161\u00ed premi\u00e9r Paroubek, n\u011bkdej\u0161\u00ed vl\u00e1dn\u00ed koordin\u00e1tor p\u0159ijet\u00ed eura D\u011bdek a mnoho dal\u0161\u00edch na\u0161ich \u010dinitel\u016f.<\/p>\n","protected":false},"author":1,"featured_media":0,"comment_status":"open","ping_status":"open","sticky":false,"template":"","format":"standard","meta":{"ngg_post_thumbnail":0,"footnotes":""},"categories":[1],"tags":[],"class_list":["post-3824","post","type-post","status-publish","format-standard","hentry","category-publikovane-clanky"],"_links":{"self":[{"href":"https:\/\/www.ladislavjakl.cz\/index.php?rest_route=\/wp\/v2\/posts\/3824","targetHints":{"allow":["GET"]}}],"collection":[{"href":"https:\/\/www.ladislavjakl.cz\/index.php?rest_route=\/wp\/v2\/posts"}],"about":[{"href":"https:\/\/www.ladislavjakl.cz\/index.php?rest_route=\/wp\/v2\/types\/post"}],"author":[{"embeddable":true,"href":"https:\/\/www.ladislavjakl.cz\/index.php?rest_route=\/wp\/v2\/users\/1"}],"replies":[{"embeddable":true,"href":"https:\/\/www.ladislavjakl.cz\/index.php?rest_route=%2Fwp%2Fv2%2Fcomments&post=3824"}],"version-history":[{"count":1,"href":"https:\/\/www.ladislavjakl.cz\/index.php?rest_route=\/wp\/v2\/posts\/3824\/revisions"}],"predecessor-version":[{"id":3825,"href":"https:\/\/www.ladislavjakl.cz\/index.php?rest_route=\/wp\/v2\/posts\/3824\/revisions\/3825"}],"wp:attachment":[{"href":"https:\/\/www.ladislavjakl.cz\/index.php?rest_route=%2Fwp%2Fv2%2Fmedia&parent=3824"}],"wp:term":[{"taxonomy":"category","embeddable":true,"href":"https:\/\/www.ladislavjakl.cz\/index.php?rest_route=%2Fwp%2Fv2%2Fcategories&post=3824"},{"taxonomy":"post_tag","embeddable":true,"href":"https:\/\/www.ladislavjakl.cz\/index.php?rest_route=%2Fwp%2Fv2%2Ftags&post=3824"}],"curies":[{"name":"wp","href":"https:\/\/api.w.org\/{rel}","templated":true}]}}