{"id":3827,"date":"2013-05-02T13:58:36","date_gmt":"2013-05-02T11:58:36","guid":{"rendered":"http:\/\/www.ladislavjakl.cz\/?p=3827"},"modified":"2013-05-02T13:59:03","modified_gmt":"2013-05-02T11:59:03","slug":"kolo-naftu-nenahradi-a-energie-neni-zadarmo-haji-jakl-svou-antipatii-k-cyklistum","status":"publish","type":"post","link":"https:\/\/www.ladislavjakl.cz\/?p=3827","title":{"rendered":"Kolo naftu nenahrad\u00ed a energie nen\u00ed zadarmo, h\u00e1j\u00ed Jakl svou antipatii k cyklist\u016fm"},"content":{"rendered":"<p>Hnut\u00ed D\u011bti Zem\u011b dnes ud\u011blovalo v Brn\u011b cenu Rop\u00e1k roku. Z\u00e1rove\u0148 ud\u011blovalo tak\u00e9 cenu Zelen\u00e1 perla za antiekologick\u00fd v\u00fdrok. Tu dostal b\u00fdval\u00fd tajemn\u00edk exprezidenta V\u00e1clava Klause Ladislav Jakl a to za sv\u016fj v\u00fdrok o cyklistech.<\/p>\n<p><!--more--><\/p>\n<p>\u201eNev\u011b\u0159te cyklomaniak\u016fm, \u017ee kolo je pokrok, \u017ee kolo je \u010distota a zdrav\u00ed. \u010cuchn\u011bte k jejich propocen\u00e9mu triku a budete m\u00edt jasno, kdo tu zamo\u0159uje vzduch. Pachem i hloup\u00fdmi argumenty. Cyklistiku nen\u00ed t\u0159eba podporovat, ale naopak zak\u00e1zat,\u201c napsal Jakl v prosinci na sv\u00e9m blogu.<\/p>\n<p>Ladislav Jakl dnes \u010cesk\u00e9mu rozhlasu \u0159ekl, \u017ee sv\u00e9 v\u00fdroky by zp\u011bt nevzal. Tvrd\u00ed, \u017ee se mu poda\u0159ilo rozvinout zaj\u00edmavou debatu.<\/p>\n<p>\u201eTvrd\u00ed se n\u00e1m, \u017ee cyklistick\u00e1 doprava je ekologi\u010dt\u011bj\u0161\u00ed, jaksi m\u00e9n\u011b energeticky n\u00e1ro\u010dn\u00e1. Ale ono to tak nen\u00ed. Za jedno deci \u2013 takov\u00e1 mal\u00e1 skleni\u010dka \u2013 nafty p\u0159evezete tunov\u00fd n\u00e1klad dva kilometry daleko. J\u00e1 bych r\u00e1d v\u011bd\u011bl, jak lidsk\u00e9 svaly za kolik deci kter\u00e9ho materi\u00e1lu p\u0159enesou tunu dva kilometry daleko.\u201c<\/p>\n<p>\u201eMy zapom\u00edn\u00e1me, \u017ee v\u0161echno, co \u010dlov\u011bk sn\u00ed, co \u010dlov\u011bk vypije, mus\u00ed n\u011bkdo vyp\u011bstovat a to tak\u00e9 stoj\u00ed velk\u00e9 mno\u017estv\u00ed energie. Kdy\u017e se budeme pohybovat v t\u00e9 modern\u00ed terminologii ekologistick\u00fdch \u0161\u00edlenc\u016f, tak mus\u00edm \u0159\u00edct, \u017ee ani cyklistika \u2013 existuj\u00ed u\u017e na to n\u011bkter\u00e9 pr\u00e1ce \u2013 nem\u00e1 \u017e\u00e1dnou takzvanou nulovou uhl\u00edkovou stopu.\u201c<\/p>\n<p>Ale nen\u00ed to tedy tak, jak se uv\u00e1d\u011blo na Va\u0161em blogu, \u017ee byste cyklistiku zak\u00e1zal? A\u017e tak daleko byste ne\u0161el, to byla p\u0159ece jenom trochu nads\u00e1zka?<\/p>\n<p>\u201eA\u0165 si to ka\u017ed\u00fd vylo\u017e\u00ed, jak chce, j\u00e1 nehodl\u00e1m z ni\u010deho couvat a mysl\u00edm si, \u017ee ka\u017ed\u00fd, kdo si p\u0159e\u010dte ten blog, tak to zjist\u00ed. Ale vlastn\u00edm smyslem toho m\u00e9ho blogu bylo p\u0159im\u011bt n\u011bkoho k zamy\u0161len\u00ed, \u017ee \u017e\u00e1dn\u00e1 energie nen\u00ed jen tak zadarmo.\u201c<\/p>\n<p>Zelen\u00e1 perla je anketa o nejhloup\u011bj\u0161\u00ed v\u00fdrok z oblasti \u017eivotn\u00edho prost\u0159ed\u00ed, kterou od roku 1995 vyhla\u0161uje ekologick\u00e9 sdru\u017een\u00ed D\u011bti Zem\u011b. C\u00edlem ankety je \u201eupozornit na autory v\u00fdrok\u016f, kte\u0159\u00ed bagatelizuj\u00ed ochranu p\u0159\u00edrody a \u017eivotn\u00edho prost\u0159ed\u00ed a \u010dinnost na jejich ochranu.\u201c<\/p>\n<p>Zdroj<\/p>\n","protected":false},"excerpt":{"rendered":"<p>Hnut\u00ed D\u011bti Zem\u011b dnes ud\u011blovalo v Brn\u011b cenu Rop\u00e1k roku. Z\u00e1rove\u0148 ud\u011blovalo tak\u00e9 cenu Zelen\u00e1 perla za antiekologick\u00fd v\u00fdrok. Tu dostal b\u00fdval\u00fd tajemn\u00edk exprezidenta V\u00e1clava Klause Ladislav Jakl a to za sv\u016fj v\u00fdrok o cyklistech.<\/p>\n","protected":false},"author":1,"featured_media":0,"comment_status":"open","ping_status":"open","sticky":false,"template":"","format":"standard","meta":{"ngg_post_thumbnail":0,"footnotes":""},"categories":[13],"tags":[],"class_list":["post-3827","post","type-post","status-publish","format-standard","hentry","category-rozhovory"],"_links":{"self":[{"href":"https:\/\/www.ladislavjakl.cz\/index.php?rest_route=\/wp\/v2\/posts\/3827","targetHints":{"allow":["GET"]}}],"collection":[{"href":"https:\/\/www.ladislavjakl.cz\/index.php?rest_route=\/wp\/v2\/posts"}],"about":[{"href":"https:\/\/www.ladislavjakl.cz\/index.php?rest_route=\/wp\/v2\/types\/post"}],"author":[{"embeddable":true,"href":"https:\/\/www.ladislavjakl.cz\/index.php?rest_route=\/wp\/v2\/users\/1"}],"replies":[{"embeddable":true,"href":"https:\/\/www.ladislavjakl.cz\/index.php?rest_route=%2Fwp%2Fv2%2Fcomments&post=3827"}],"version-history":[{"count":2,"href":"https:\/\/www.ladislavjakl.cz\/index.php?rest_route=\/wp\/v2\/posts\/3827\/revisions"}],"predecessor-version":[{"id":3829,"href":"https:\/\/www.ladislavjakl.cz\/index.php?rest_route=\/wp\/v2\/posts\/3827\/revisions\/3829"}],"wp:attachment":[{"href":"https:\/\/www.ladislavjakl.cz\/index.php?rest_route=%2Fwp%2Fv2%2Fmedia&parent=3827"}],"wp:term":[{"taxonomy":"category","embeddable":true,"href":"https:\/\/www.ladislavjakl.cz\/index.php?rest_route=%2Fwp%2Fv2%2Fcategories&post=3827"},{"taxonomy":"post_tag","embeddable":true,"href":"https:\/\/www.ladislavjakl.cz\/index.php?rest_route=%2Fwp%2Fv2%2Ftags&post=3827"}],"curies":[{"name":"wp","href":"https:\/\/api.w.org\/{rel}","templated":true}]}}