{"id":383,"date":"2010-06-01T12:35:58","date_gmt":"2010-06-01T11:35:58","guid":{"rendered":"http:\/\/www.ladislavjakl.cz\/?p=383"},"modified":"2010-06-01T14:39:23","modified_gmt":"2010-06-01T13:39:23","slug":"svobodni-lide-se-nedaji-zastrasit","status":"publish","type":"post","link":"https:\/\/www.ladislavjakl.cz\/?p=383","title":{"rendered":"Svobodn\u00ed lid\u00e9 se nedaj\u00ed zastra\u0161it"},"content":{"rendered":"<p>Nev\u00edm, zda je to zp\u016fsobeno p\u0159edvolebn\u00ed nervozitou, nebo  celkovou n\u00e1ladou ve spole\u010dnosti, ale vztahy mezi lidmi na ose pravice &#8211;  levice se nebezpe\u010dn\u011b vyost\u0159uj\u00ed. Kdy\u017e se za\u010dne vyhro\u017eovat smrt\u00ed, kon\u010d\u00ed  legrace.<\/p>\n<p><!--more--><\/p>\n<div>\n<p>Ned\u00e1vno prob\u011bhla m\u00e9dii  zpr\u00e1va, \u017ee na internetu koluje seznam konzervativc\u016f \u201eur\u010den\u00fdch  k\u00a0likvidaci\u201c. <a href=\"http:\/\/www.prvnizpravy.cz\/zpravy\/z-domova\/na-webu-je-seznam-konzervativcu-urcenych-k-likvidaci\/\">http:\/\/www.prvnizpravy.cz\/zpravy\/z-domova\/na-webu-je-seznam-konzervativcu-urcenych-k-likvidaci\/<\/a> Tv\u016frce uvedl sv\u016fj seznam slovy \u201eU\u017e jen 24 dn\u016f zb\u00fdv\u00e1 do voleb. A potom  vyhraje levice a v\u00e1s budeme v\u011b\u0161et na kandel\u00e1brech a p\u00e1lit na n\u00e1m\u011bst\u00edch.\u201c<\/p>\n<p>A\u010d s\u00e1m pravicov\u011b sm\u00fd\u0161lej\u00edc\u00ed, zn\u00e1m osobn\u011b hodn\u011b lid\u00ed, kte\u0159\u00ed se klon\u00ed  sp\u00ed\u0161e k\u00a0levici. Ne\u017eiji tedy ve sklen\u00edku \u201estejn\u00fdch n\u00e1zor\u016f\u201c a dok\u00e1\u017eu  ch\u00e1pat argumenty druh\u00e9 strany. Nepova\u017euji tento souboj idej\u00ed za n\u011bco  fat\u00e1ln\u00edho, za souboj dobra se zlem. V\u00a0r\u00e1mci m\u00e9ho ch\u00e1p\u00e1n\u00ed svobody a  pravicov\u00fdch my\u0161lenek se dokonce domn\u00edv\u00e1m, \u017ee i mnoh\u00e9 strany, kter\u00e9 se  deklaruj\u00ed jako pravicov\u00e9, prosazuj\u00ed ve skute\u010dnosti levicov\u00e9 my\u0161lenky.<\/p>\n<p>Ale ka\u017ed\u00fd jsme jin\u00fd, ka\u017ed\u00fd m\u00e1me jin\u00e9 p\u0159edstavy o ide\u00e1ln\u00ed spole\u010dnosti.  V\u0161ichni bychom v\u0161ak m\u011bli m\u00edt spole\u010dnou \u00factu a respekt k\u00a0odli\u0161n\u00fdm  n\u00e1zor\u016fm, \u00factu a respekt ke svobod\u011b prosazovat jak\u00e9koliv my\u0161lenky, a  hlavn\u011b k \u017eivotu ostatn\u00edch. Vyhro\u017eovat n\u011bkomu smrt\u00ed jen proto, \u017ee m\u00e1  opa\u010dn\u00fd n\u00e1zor, je znakem du\u0161evn\u00ed degenerace a malosti.<\/p>\n<p>Proto\u017ee ignorov\u00e1n\u00ed takov\u00fdchto zjevn\u00fdch \u00fatok\u016f vede v\u017edy ke \u0161patn\u00fdm  konc\u016fm, rozhodla se skupina svobodn\u011b sm\u00fd\u0161lej\u00edc\u00edch lid\u00ed reagovat na tyto  v\u00fdhr\u016f\u017eky vlastn\u00ed v\u00fdzvou, ke kter\u00e9 jsem se p\u0159ipojil i j\u00e1.<\/p>\n<p>V\u00fdzva je k\u00a0dispozici zde: <a href=\"http:\/\/list.altamis.net\/index.php\">http:\/\/list.altamis.net\/index.php<\/a>.<\/p>\n<p>P\u0159ipojen\u00ed vlastn\u00edho podpisu k\u00a0t\u00e9to v\u00fdzv\u011b, nav\u00edc p\u0159ed nezn\u00e1m\u00fdm  v\u00fdsledkem voleb, pova\u017euji za obrovsk\u00fd projev ob\u010dansk\u00e9 state\u010dnosti. Te\u010f  kone\u010dn\u011b m\u016f\u017ee ka\u017ed\u00fd z\u00a0n\u00e1s ud\u011blat ono pov\u011bstn\u00e9 \u201en\u011bco\u201c, dokonce z\u00a0pohodl\u00ed  domova, nebo pracovi\u0161t\u011b p\u0159\u00edmo pomoc\u00ed internetu.<\/p>\n<p>Podepsan\u00ed lid\u00e9 nikomu nevyhro\u017euj\u00ed, jen p\u0159ipom\u00ednaj\u00ed z\u00e1sadu nutn\u00e9  obrany, p\u0159ij\u00edmanou euroatlantick\u00fdm pr\u00e1vn\u00edm syst\u00e9mem ji\u017e cel\u00e1 stalet\u00ed:  Rozhodne-li se n\u011bkdo za\u00fato\u010dit na svobodn\u00e9ho \u010dlov\u011bka, mus\u00ed po\u010d\u00edtat  s\u00a0n\u00e1sledky, kter\u00e9 t\u00edm s\u00e1m vyvolal.<\/p>\n<p>Tato v\u00fdzva nem\u00e1 zost\u0159ovat nap\u011bt\u00ed mezi n\u00e1zorov\u00fdmi proudy na\u0161\u00ed  spole\u010dnosti. Osobn\u011b bych klidn\u011b za\u0161el s\u00a0levicov\u00fdm radik\u00e1lem na pivo a  podiskutoval o na\u0161ich sv\u011bton\u00e1zorech. Z\u00e1rove\u0148 v\u0161ak nelze st\u00e1le ustupovat  agresi a t\u00edm ji podn\u011bcovat k\u00a0eskalaci. Mohli bychom se divit, a\u017e  skute\u010dn\u011b n\u011bkdo za\u010dne n\u011bkoho v\u011b\u0161et. A proto budu parafr\u00e1zovat sd\u011blen\u00ed  t\u00e9to iniciativy a vyz\u00fdv\u00e1m v\u0161echny \u010dten\u00e1\u0159e: Pokud se nechcete do\u010dkat  totality a n\u00e1sil\u00ed, zastavte tyto tendence te\u010f a tady! Zat\u00edm k\u00a0tomu sta\u010d\u00ed  podpis, pozd\u011bji by u\u017e mo\u017en\u00e1 bylo t\u0159eba \u201en\u011b\u010deho ost\u0159ej\u0161\u00edho\u201c.<\/p>\n<p>Zdroj: blog iDnes<\/p><\/div>\n","protected":false},"excerpt":{"rendered":"<p>Nev\u00edm, zda je to zp\u016fsobeno p\u0159edvolebn\u00ed nervozitou, nebo celkovou n\u00e1ladou ve spole\u010dnosti, ale vztahy mezi lidmi na ose pravice &#8211; levice se nebezpe\u010dn\u011b vyost\u0159uj\u00ed. Kdy\u017e se za\u010dne vyhro\u017eovat smrt\u00ed, kon\u010d\u00ed legrace.<\/p>\n","protected":false},"author":1,"featured_media":0,"comment_status":"open","ping_status":"open","sticky":false,"template":"","format":"standard","meta":{"ngg_post_thumbnail":0,"footnotes":""},"categories":[11],"tags":[],"class_list":["post-383","post","type-post","status-publish","format-standard","hentry","category-ozvena"],"_links":{"self":[{"href":"https:\/\/www.ladislavjakl.cz\/index.php?rest_route=\/wp\/v2\/posts\/383","targetHints":{"allow":["GET"]}}],"collection":[{"href":"https:\/\/www.ladislavjakl.cz\/index.php?rest_route=\/wp\/v2\/posts"}],"about":[{"href":"https:\/\/www.ladislavjakl.cz\/index.php?rest_route=\/wp\/v2\/types\/post"}],"author":[{"embeddable":true,"href":"https:\/\/www.ladislavjakl.cz\/index.php?rest_route=\/wp\/v2\/users\/1"}],"replies":[{"embeddable":true,"href":"https:\/\/www.ladislavjakl.cz\/index.php?rest_route=%2Fwp%2Fv2%2Fcomments&post=383"}],"version-history":[{"count":3,"href":"https:\/\/www.ladislavjakl.cz\/index.php?rest_route=\/wp\/v2\/posts\/383\/revisions"}],"predecessor-version":[{"id":385,"href":"https:\/\/www.ladislavjakl.cz\/index.php?rest_route=\/wp\/v2\/posts\/383\/revisions\/385"}],"wp:attachment":[{"href":"https:\/\/www.ladislavjakl.cz\/index.php?rest_route=%2Fwp%2Fv2%2Fmedia&parent=383"}],"wp:term":[{"taxonomy":"category","embeddable":true,"href":"https:\/\/www.ladislavjakl.cz\/index.php?rest_route=%2Fwp%2Fv2%2Fcategories&post=383"},{"taxonomy":"post_tag","embeddable":true,"href":"https:\/\/www.ladislavjakl.cz\/index.php?rest_route=%2Fwp%2Fv2%2Ftags&post=383"}],"curies":[{"name":"wp","href":"https:\/\/api.w.org\/{rel}","templated":true}]}}