{"id":3833,"date":"2013-05-02T14:03:52","date_gmt":"2013-05-02T12:03:52","guid":{"rendered":"http:\/\/www.ladislavjakl.cz\/?p=3833"},"modified":"2013-05-02T14:03:52","modified_gmt":"2013-05-02T12:03:52","slug":"ekofasounci-ocenili-ladislava-jakla-srdecne-gratulujeme","status":"publish","type":"post","link":"https:\/\/www.ladislavjakl.cz\/?p=3833","title":{"rendered":"Ekofa\u0161ounci ocenili Ladislava Jakla. Srde\u010dn\u011b gratulujeme!"},"content":{"rendered":"<p>Hnut\u00ed D\u011bti Zem\u011b dnes ud\u011blovalo ceny za antiekologick\u00e9 \u010diny \u010di v\u00fdroky, sp\u00e1chan\u00e9 v roce 2012. T\u011b\u0161\u00ed n\u00e1s, \u017ee v\u00edt\u011bzn\u00e9 ocen\u011bn\u00ed za \u201ehate earthcrime\u201c obdr\u017eel spolupracovn\u00edk V\u00e1clava Klause i Protiproudu Ladislav Jakl.<\/p>\n<p><!--more--><strong>Mil\u00fd pane Jakle, p\u0159edpokl\u00e1d\u00e1m, \u017ee jako \u010derstv\u00fd nositel ceny Zelen\u00e1 perla se \u0159\u00edd\u00edte rozumnou necyklistickou z\u00e1sadou \u201eza zdrav\u00edm se nejezd\u00ed, na zdrav\u00ed se pije\u201c. Jak tuto cenu, j\u00ed\u017e jste dnes od D\u011bt\u00ed Zem\u011b obdr\u017eel, oslav\u00edte?<\/strong><\/p>\n<p>Jsem pr\u00e1v\u011b v Bruselu a za chv\u00edli m\u00ed\u0159\u00edm do slavn\u00e9ho baru Delirium, kde maj\u00ed p\u0159es dva tis\u00edce druh\u016f ekologick\u00fdch piv. To vid\u00edm jako d\u016fstojn\u00e9 m\u00edsto pro oslavu. V\u0161ak u\u017e m\u011b mrzelo, \u017ee mne ekofa\u0161ounci l\u00e9ta opom\u00edjeli a d\u00e1vali mn\u011b na n\u011bjak\u00e1 osm\u00e1 \u010di jak\u00e1 m\u00edsta. Kone\u010dn\u011b se c\u00edt\u00edm jaksepat\u0159\u00ed ocen\u011bn.<\/p>\n<p><strong>Blog o cyklomaniac\u00edch pat\u0159\u00ed mezi Va\u0161e nej\u010dten\u011bj\u0161\u00ed texty. Jak si to vysv\u011btlujete?<\/strong><\/p>\n<p>Ob\u00e1v\u00e1m se, \u017ee to asi bylo hlavn\u011b nepochopen\u00edm, o \u010dem jsem vlastn\u011b psal. Glorifikace lidsk\u00e9ho pohonu toti\u017e nem\u00e1 ani ekologick\u00e9, nato\u017e ekonomick\u00e9 \u010di energetick\u00e9 postaven\u00ed. Cyklista nezanech\u00e1v\u00e1 nulovou uhl\u00edkovou ekostopu, jak se jaksi automaticky p\u0159edpokl\u00e1d\u00e1. Decilitr ze zem\u011b tekouc\u00ed ropy um\u00ed p\u0159en\u00e9st tunu na dva kilometry. Kolik energie sp\u00e1l\u00ed lidsk\u00e9 svaly za stejnou pr\u00e1ci? Nulu? To asi ne. Nen\u00ed to na zamy\u0161len\u00ed? Pro mnoh\u00e9 cyklofanatiky ne, jen na apriorn\u00ed odsouzen\u00ed.<\/p>\n<p><strong>Cenu V\u00e1m ud\u011blili D\u011bti Zem\u011b. Co si o jejich \u010dinnosti mysl\u00edte?<\/strong><\/p>\n<p>\u017de jim za ni jejich maminka asi brzy napl\u00e1c\u00e1 na zadek. Jednak ji sv\u00fdm fanatismem \u0161kod\u00ed, jednak sv\u00e9 oponenty obrazn\u011b \u0159e\u010deno st\u011bhuj\u00ed na Mars \u010di kam a mati\u010dku Zemi si nepr\u00e1vem monopolizuj\u00ed.<\/p>\n<p><a href=\"http:\/\/protiproud.parlamentnilisty.cz\/svoboda\/zivot\/otazky\/188-ekofasounci-ocenili-ladislava-jakla-srdecne-gratulujeme.htm\" target=\"_blank\">Zdroj<\/a><\/p>\n","protected":false},"excerpt":{"rendered":"<p>Hnut\u00ed D\u011bti Zem\u011b dnes ud\u011blovalo ceny za antiekologick\u00e9 \u010diny \u010di v\u00fdroky, sp\u00e1chan\u00e9 v roce 2012. T\u011b\u0161\u00ed n\u00e1s, \u017ee v\u00edt\u011bzn\u00e9 ocen\u011bn\u00ed za \u201ehate earthcrime\u201c obdr\u017eel spolupracovn\u00edk V\u00e1clava Klause i Protiproudu Ladislav Jakl.<\/p>\n","protected":false},"author":1,"featured_media":0,"comment_status":"open","ping_status":"open","sticky":false,"template":"","format":"standard","meta":{"ngg_post_thumbnail":0,"footnotes":""},"categories":[13],"tags":[],"class_list":["post-3833","post","type-post","status-publish","format-standard","hentry","category-rozhovory"],"_links":{"self":[{"href":"https:\/\/www.ladislavjakl.cz\/index.php?rest_route=\/wp\/v2\/posts\/3833","targetHints":{"allow":["GET"]}}],"collection":[{"href":"https:\/\/www.ladislavjakl.cz\/index.php?rest_route=\/wp\/v2\/posts"}],"about":[{"href":"https:\/\/www.ladislavjakl.cz\/index.php?rest_route=\/wp\/v2\/types\/post"}],"author":[{"embeddable":true,"href":"https:\/\/www.ladislavjakl.cz\/index.php?rest_route=\/wp\/v2\/users\/1"}],"replies":[{"embeddable":true,"href":"https:\/\/www.ladislavjakl.cz\/index.php?rest_route=%2Fwp%2Fv2%2Fcomments&post=3833"}],"version-history":[{"count":2,"href":"https:\/\/www.ladislavjakl.cz\/index.php?rest_route=\/wp\/v2\/posts\/3833\/revisions"}],"predecessor-version":[{"id":3835,"href":"https:\/\/www.ladislavjakl.cz\/index.php?rest_route=\/wp\/v2\/posts\/3833\/revisions\/3835"}],"wp:attachment":[{"href":"https:\/\/www.ladislavjakl.cz\/index.php?rest_route=%2Fwp%2Fv2%2Fmedia&parent=3833"}],"wp:term":[{"taxonomy":"category","embeddable":true,"href":"https:\/\/www.ladislavjakl.cz\/index.php?rest_route=%2Fwp%2Fv2%2Fcategories&post=3833"},{"taxonomy":"post_tag","embeddable":true,"href":"https:\/\/www.ladislavjakl.cz\/index.php?rest_route=%2Fwp%2Fv2%2Ftags&post=3833"}],"curies":[{"name":"wp","href":"https:\/\/api.w.org\/{rel}","templated":true}]}}