{"id":3842,"date":"2013-05-13T10:32:43","date_gmt":"2013-05-13T08:32:43","guid":{"rendered":"http:\/\/www.ladislavjakl.cz\/?p=3842"},"modified":"2013-05-13T10:32:43","modified_gmt":"2013-05-13T08:32:43","slug":"ladislav-jakl-v-rozhovoru-pro-protiproud-vyvraci-prohlaseni-prezidenta-zemana-hasenkopf-nemel-s-amnestii-vubec-nic-spolecneho","status":"publish","type":"post","link":"https:\/\/www.ladislavjakl.cz\/?p=3842","title":{"rendered":"Ladislav Jakl v rozhovoru pro Protiproud vyvrac\u00ed prohl\u00e1\u0161en\u00ed prezidenta Zemana: Hasenkopf nem\u011bl s amnesti\u00ed v\u016fbec nic spole\u010dn\u00e9ho."},"content":{"rendered":"<p>Jeden ze t\u0159\u00ed mu\u017e\u016f ozna\u010den\u00fdch kancl\u00e9\u0159em Myn\u00e1\u0159em za autory amnestie nad dal\u0161\u00edm pokra\u010dov\u00e1n\u00edm kauzy jen nev\u011b\u0159\u00edcn\u011b vrt\u00ed hlavou.<\/p>\n<p><!--more-->Prezident Milo\u0161 Zeman p\u0159es v\u00edkend hbit\u011b prostudoval materi\u00e1ly, kter\u00e9 mu poskytl pr\u00e1vn\u00edk Pavel Hasenkopf. M\u011bly \u00fadajn\u011b obsahovat d\u016fkazy o skute\u010dn\u00e9m autorovi amnestie. Vtip je v tom, \u017ee mezit\u00edm prezident Klaus poskytl Pr\u00e1vu rozhovor, v n\u011bm\u017e zopakoval, \u017ee jedin\u00fdm autorem amnestie je on s\u00e1m.<br \/>\nDnes Milo\u0161 Zeman prohl\u00e1sil, \u017ee dokumenty ukazuj\u00ed na to, \u017ee autorstv\u00ed \u2013 zvl\u00e1\u0161t\u011b aboli\u010dn\u00edho \u010dl\u00e1nku, kter\u00fd se stal z\u00e1kladem medi\u00e1ln\u00edho a politick\u00e9ho \u00fatoku na b\u00fdval\u00e9ho prezidenta \u2013 pat\u0159\u00ed pr\u00e1v\u011b Hasenkopfovi. \u017de tedy ve snaze udat jin\u00e9, udal s\u00e1m sebe.<\/p>\n<p>Na to reagoval op\u011bt Pavel Hasenkopf tvrzen\u00edm, \u017ee autorem amnestie je Zden\u011bk Koudelka. Jen\u017ee probl\u00e9m spo\u010d\u00edv\u00e1 krom\u011b jin\u00e9ho v tom, \u017ee \u00fadajn\u00e9 identifika\u010dn\u00ed znaky v mailu, kter\u00fd m\u00e1 spolu\u00fa\u010dast Zde\u0148ka Koudelky dokazovat, lze libovoln\u011b m\u011bnit.<\/p>\n<p>Na fra\u0161ku, kter\u00e1 se kolem autorstv\u00ed amnestie v m\u00e9di\u00edch a na Hrad\u011b hraje, jsme se zeptali b\u00fdval\u00e9ho  tajemn\u00edka prezidenta V\u00e1clava Klause Ladislava Jakla, jednoho z trojice H\u00e1jek, Jakl, Hasenkopf, ozna\u010den\u00fdch kancl\u00e9\u0159em Myn\u00e1\u0159em za otce amnestie.<\/p>\n<p><strong>Protiproud: M\u016f\u017eete reagovat na prohl\u00e1\u0161en\u00ed prezidenta Zemana? Pro\u010d se podle v\u00e1s nechal takto zat\u00e1hnout do t\u00e9to kauzy?<\/strong><\/p>\n<p>Ladislav Jakl: To je v\u011bc, kterou nech\u00e1pu. Autor je jasn\u00fd, je to prezident Klaus, kter\u00fd s\u00e1m rozhodl o v\u0161ech detailech, co se t\u00fd\u010de rozsahu amnestie. Tedy jej\u00edho vlastn\u00edho obsahu, toho, na koho se bude vztahovat. Je to tak t\u011b\u017ek\u00e9 pochopit? Jist\u011b\u017ee se o v\u011bcech radil, jako u v\u0161ech z\u00e1sadn\u00edch rozhodnut\u00ed, se sv\u00fdmi t\u0159emi bl\u00edzk\u00fdmi spolupracovn\u00edky. Je zaj\u00edmav\u00e9 dnes studovat, kdo co v t\u011bch debat\u00e1ch h\u00e1jil a co prezidenta nakonec vice nebo m\u00e9n\u011b inspirovalo? V\u016fbec to t\u00e9ma nech\u00e1pu.<\/p>\n<p><strong>PP: Nep\u0159ipad\u00e1 v\u00e1m to u\u017e jako komedie, v n\u00ed\u017e mezit\u00edm v\u0161ichni zapomn\u011bli, o co v n\u00ed jde?<\/strong><\/p>\n<p>L.J.: Ale o to p\u0159ece jde. Po\u0159\u00e1d to ve\u0159ejnosti p\u0159ipom\u00ednat, pokud mo\u017eno v zaml\u010den\u00e9m kontextu n\u011bjak\u00e9ho zlov\u011bstna.<\/p>\n<p><strong>PP: Jak hodnot\u00edte roli pana Hasenkopfa v cel\u00e9 t\u00e9 absurdit\u011b?<\/strong><\/p>\n<p>L.J.: J\u00e1 nev\u00edm. S amnestii samotnou nem\u011bl nic spole\u010dn\u00e9ho, nebyl u toho a nev\u00ed, jak vznikala. Ale c\u00edtil se ohro\u017een v\u00fdrokem pana Myn\u00e1\u0159e a m\u011bl dojem, \u017ee se ozna\u010deni sv\u00e9 osoby jako spoluautora m\u00e1 br\u00e1nit t\u00edm, \u017ee p\u0159edhod\u00ed jin\u00e9 stopy. To ale bylo zcela kontraproduktivn\u00ed, jen t\u00edm vyvolal dojem, ze m\u011bl na amnestii b\u016fhv\u00edjak\u00fd pod\u00edl. Ale ten m\u011bl nulov\u00fd.<\/p>\n<p><a href=\"http:\/\/protiproud.parlamentnilisty.cz\/svet\/politika\/komentare\/215-ladislav-jakl-v-rozhovoru-pro-protiproud-vyvraci-prohlaseni-prezidenta-zemana-nechapu-to-hasenkopf-nemel-s-amnestii-vubec-nic-spolecneho.htm\" target=\"_blank\">Zdroj<\/a><\/p>\n","protected":false},"excerpt":{"rendered":"<p>Jeden ze t\u0159\u00ed mu\u017e\u016f ozna\u010den\u00fdch kancl\u00e9\u0159em Myn\u00e1\u0159em za autory amnestie nad dal\u0161\u00edm pokra\u010dov\u00e1n\u00edm kauzy jen nev\u011b\u0159\u00edcn\u011b vrt\u00ed hlavou.<\/p>\n","protected":false},"author":1,"featured_media":0,"comment_status":"open","ping_status":"open","sticky":false,"template":"","format":"standard","meta":{"ngg_post_thumbnail":0,"footnotes":""},"categories":[13],"tags":[],"class_list":["post-3842","post","type-post","status-publish","format-standard","hentry","category-rozhovory"],"_links":{"self":[{"href":"https:\/\/www.ladislavjakl.cz\/index.php?rest_route=\/wp\/v2\/posts\/3842","targetHints":{"allow":["GET"]}}],"collection":[{"href":"https:\/\/www.ladislavjakl.cz\/index.php?rest_route=\/wp\/v2\/posts"}],"about":[{"href":"https:\/\/www.ladislavjakl.cz\/index.php?rest_route=\/wp\/v2\/types\/post"}],"author":[{"embeddable":true,"href":"https:\/\/www.ladislavjakl.cz\/index.php?rest_route=\/wp\/v2\/users\/1"}],"replies":[{"embeddable":true,"href":"https:\/\/www.ladislavjakl.cz\/index.php?rest_route=%2Fwp%2Fv2%2Fcomments&post=3842"}],"version-history":[{"count":2,"href":"https:\/\/www.ladislavjakl.cz\/index.php?rest_route=\/wp\/v2\/posts\/3842\/revisions"}],"predecessor-version":[{"id":3844,"href":"https:\/\/www.ladislavjakl.cz\/index.php?rest_route=\/wp\/v2\/posts\/3842\/revisions\/3844"}],"wp:attachment":[{"href":"https:\/\/www.ladislavjakl.cz\/index.php?rest_route=%2Fwp%2Fv2%2Fmedia&parent=3842"}],"wp:term":[{"taxonomy":"category","embeddable":true,"href":"https:\/\/www.ladislavjakl.cz\/index.php?rest_route=%2Fwp%2Fv2%2Fcategories&post=3842"},{"taxonomy":"post_tag","embeddable":true,"href":"https:\/\/www.ladislavjakl.cz\/index.php?rest_route=%2Fwp%2Fv2%2Ftags&post=3842"}],"curies":[{"name":"wp","href":"https:\/\/api.w.org\/{rel}","templated":true}]}}