{"id":3846,"date":"2013-05-14T12:52:23","date_gmt":"2013-05-14T10:52:23","guid":{"rendered":"http:\/\/www.ladislavjakl.cz\/?p=3846"},"modified":"2013-05-14T12:52:23","modified_gmt":"2013-05-14T10:52:23","slug":"l-jakl-v-partii-autorem-amnestie-je-ten-kdo-rozhodl-o-jejich-parametrech","status":"publish","type":"post","link":"https:\/\/www.ladislavjakl.cz\/?p=3846","title":{"rendered":"L. Jakl v Partii: Autorem amnestie je ten, kdo rozhodl o jej\u00edch parametrech"},"content":{"rendered":"<p>Video uvnit\u0159 \u010dl\u00e1nku.<\/p>\n<p><!--more-->Video <a href=\"http:\/\/play.iprima.cz\/iprima\/364793\/all\" target=\"_blank\">ZDE<\/a><\/p>\n","protected":false},"excerpt":{"rendered":"<p>Video uvnit\u0159 \u010dl\u00e1nku.<\/p>\n","protected":false},"author":1,"featured_media":0,"comment_status":"open","ping_status":"open","sticky":false,"template":"","format":"standard","meta":{"ngg_post_thumbnail":0,"footnotes":""},"categories":[13,12],"tags":[],"class_list":["post-3846","post","type-post","status-publish","format-standard","hentry","category-rozhovory","category-video"],"_links":{"self":[{"href":"https:\/\/www.ladislavjakl.cz\/index.php?rest_route=\/wp\/v2\/posts\/3846","targetHints":{"allow":["GET"]}}],"collection":[{"href":"https:\/\/www.ladislavjakl.cz\/index.php?rest_route=\/wp\/v2\/posts"}],"about":[{"href":"https:\/\/www.ladislavjakl.cz\/index.php?rest_route=\/wp\/v2\/types\/post"}],"author":[{"embeddable":true,"href":"https:\/\/www.ladislavjakl.cz\/index.php?rest_route=\/wp\/v2\/users\/1"}],"replies":[{"embeddable":true,"href":"https:\/\/www.ladislavjakl.cz\/index.php?rest_route=%2Fwp%2Fv2%2Fcomments&post=3846"}],"version-history":[{"count":1,"href":"https:\/\/www.ladislavjakl.cz\/index.php?rest_route=\/wp\/v2\/posts\/3846\/revisions"}],"predecessor-version":[{"id":3847,"href":"https:\/\/www.ladislavjakl.cz\/index.php?rest_route=\/wp\/v2\/posts\/3846\/revisions\/3847"}],"wp:attachment":[{"href":"https:\/\/www.ladislavjakl.cz\/index.php?rest_route=%2Fwp%2Fv2%2Fmedia&parent=3846"}],"wp:term":[{"taxonomy":"category","embeddable":true,"href":"https:\/\/www.ladislavjakl.cz\/index.php?rest_route=%2Fwp%2Fv2%2Fcategories&post=3846"},{"taxonomy":"post_tag","embeddable":true,"href":"https:\/\/www.ladislavjakl.cz\/index.php?rest_route=%2Fwp%2Fv2%2Ftags&post=3846"}],"curies":[{"name":"wp","href":"https:\/\/api.w.org\/{rel}","templated":true}]}}