{"id":3848,"date":"2013-05-14T12:56:02","date_gmt":"2013-05-14T10:56:02","guid":{"rendered":"http:\/\/www.ladislavjakl.cz\/?p=3848"},"modified":"2013-05-14T12:56:02","modified_gmt":"2013-05-14T10:56:02","slug":"prazske-hospody-dusi-nesmyslne-regulace-a-pivari-znaji-jen-jeden-typ-piva-rika-jakl","status":"publish","type":"post","link":"https:\/\/www.ladislavjakl.cz\/?p=3848","title":{"rendered":"Pra\u017esk\u00e9 hospody dus\u00ed nesmysln\u00e9 regulace a piva\u0159i znaj\u00ed jen jeden typ piva, \u0159\u00edk\u00e1 Jakl"},"content":{"rendered":"<p><span style=\"color: #3f3f3f; font-family: Arial, Tahoma, Helvetica, sans-serif; font-size: 14px; line-height: 21px;\">N\u011bkdo r\u00e1d chod\u00ed po lese, spolupracovn\u00edk V\u00e1clava Klause Ladislav Jakl nejrad\u011bji po Praze. I\u00a0kdy\u017e si nikdy serv\u00edtky nebral, pot\u00e9, co u\u017e nen\u00ed st\u00e1tn\u00edm \u00fa\u0159edn\u00edkem, si u\u017e\u00edv\u00e1 svobody ve formulov\u00e1n\u00ed sv\u00fdch n\u00e1zor\u016f. S\u00a0Pra\u017esk\u00fdm patriotem si pov\u00eddal o\u00a0pra\u017esk\u00fdch hospod\u00e1ch, pivu i\u00a0jeho kapele Folimanka Blues. Odpov\u011bd\u011bl tak\u00e9 na ot\u00e1zku, zda se hodl\u00e1 v\u00a0budoucnu politicky anga\u017eovat.<\/span><\/p>\n<p><span style=\"color: #3f3f3f; font-family: Arial, Tahoma, Helvetica, sans-serif; font-size: 14px; line-height: 21px;\"><!--more--><\/span><\/p>\n<p style=\"margin: 2px 0px 17px; padding: 0px; border: 0px; font-family: Arial, Tahoma, Helvetica, sans-serif; font-size: 14px; line-height: 21px; vertical-align: baseline; color: #3f3f3f;\"><strong>Jste \u010dlov\u011bk, kter\u00fd r\u00e1d \u0159\u00edk\u00e1 nahlas sv\u00e9 n\u00e1zory, kter\u00e9 mnoh\u00e9 dr\u00e1\u017ed\u00ed. Nebral jste si serv\u00edtky ani jako st\u00e1tn\u00ed \u00fa\u0159edn\u00edk. P\u0159esto\u00a0\u2013 c\u00edt\u00edte se v\u00a0tomto ohledu svobodn\u011bji nyn\u00ed, kdy\u017e u\u017e nejste na Pra\u017esk\u00e9m hrad\u011b?<\/strong><br \/>\nTo v\u00edte, \u017ee ano. Nesrovnateln\u011b. J\u00e1 jsem svou roli velmi ctil a respektoval. A\u00a0moc dob\u0159e jsem v\u011bd\u011bl, co je\u0161t\u011b m\u016f\u017eu a co u\u017e rad\u011bji ne. V\u00a0tomto smyslu jsem rozhodn\u011b svobodn\u011bj\u0161\u00ed a docela si to u\u017e\u00edv\u00e1m.<\/p>\n<p style=\"margin: 2px 0px 17px; padding: 0px; border: 0px; font-family: Arial, Tahoma, Helvetica, sans-serif; font-size: 14px; line-height: 21px; vertical-align: baseline; color: #3f3f3f;\"><strong>Kdy\u017e jste sh\u00e1n\u011bl podpisy pot\u0159ebn\u00e9 pro prezidentskou kandidaturu, uv\u00e1d\u011bl jste, \u017ee rozum\u00edte pivu a ch\u00e1pete probl\u00e9my hospod. S\u00a0jak\u00fdmi pot\u00ed\u017eemi se podle v\u00e1s pot\u00fdkaj\u00ed pra\u017esk\u00e9 hospody?<\/strong><br \/>\nKdy\u017e pominu pokles popt\u00e1vky, kter\u00fd dus\u00ed celou ekonomiku, pak je to \u0159ada nesmysln\u00fdch regulac\u00ed a omezen\u00ed, kter\u00fdch je v\u00a0pohostinstv\u00ed je\u0161t\u011b v\u00edc ne\u017e jinde. My se tady sebemrsk\u00e1me za \u010distotu toalet v\u00a0restaurac\u00edch, zat\u00edmco v\u00a0Pa\u0159\u00ed\u017ei \u010di Bruselu si ned\u011blaj\u00ed hlavu, maj\u00ed tam \u010dasto jednu mu\u0161li pro person\u00e1l a z\u00e1kazn\u00edky, mu\u017ee i\u00a0\u017eeny dohromady a nikomu to nevad\u00ed. Hospody jsou u\u00a0n\u00e1s \u0161ikanov\u00e1ny r\u016fzn\u00fdmi kontrolami a p\u0159edpisy, kter\u00e9 si jen hraj\u00ed na to, \u017ee jsou v\u00a0z\u00e1jmu z\u00e1kazn\u00edka. Ve skute\u010dnosti jen posiluj\u00ed moc v\u0161emo\u017en\u00fdch inspektor\u016f. A\u00a0te\u010f je\u0161t\u011b vyhro\u017euj\u00ed z\u00e1kazy kou\u0159en\u00ed.<\/p>\n<p style=\"margin: 2px 0px 17px; padding: 0px; border: 0px; font-family: Arial, Tahoma, Helvetica, sans-serif; font-size: 14px; line-height: 21px; vertical-align: baseline; color: #3f3f3f;\"><strong>M\u016f\u017eete n\u011bjak\u00fd p\u0159edpis, kter\u00fd v\u00e1m p\u0159ijde nesmysln\u00fd, uv\u00e9st?<\/strong><br \/>\nT\u011bch jsou tis\u00edce. Pam\u00e1tk\u00e1\u0159i v\u00e1m zak\u00e1\u017eou skl\u00e1dac\u00ed st\u0159\u00ed\u0161ku nad zahr\u00e1dkou i\u00a0v\u00a0bezv\u00fdznamn\u00e9 zapadl\u00e9 ulici bez pam\u00e1tkov\u00e9ho v\u00fdznamu. Hygienici v\u00e1m p\u0159ikazuj\u00ed klimatizaci za p\u016fl milionu i\u00a0v\u00a0lok\u00e1le s\u00a0n\u011bkolika stoly a donut\u00ed v\u00e1s vybourat z\u00e1zem\u00ed, aby se pr\u00fd nepotk\u00e1valo j\u00eddlo s\u00a0pou\u017eit\u00fdm n\u00e1dob\u00edm. I\u00a0v\u00a0kr\u010dm\u011b s\u00a0jedn\u00edm \u010dlov\u011bkem za barem v\u00e1s nut\u00ed m\u00edt dv\u011b umyvadla a z\u00e1chody pro person\u00e1l, je toho stra\u0161n\u011b moc. \u010casto m\u00e1 tahle regulace formu vyd\u00edr\u00e1n\u00ed. St\u00e1t stanov\u00ed hloup\u00e9 p\u0159episy a ud\u011bl\u00ed certifikaci jist\u00e9 skupin\u011b osob. Ty maj\u00ed nad majitelem hospody naprostou moc. Kdy\u017e jim tak n\u011bjak nevyjde vst\u0159\u00edc, ani si ne\u0161krtne.<\/p>\n<h3 style=\"margin: 0px 0px 10px; padding: 0px; border: 0px; font-family: Arial, Tahoma, Helvetica, sans-serif; font-size: 1.5em; font-weight: normal; line-height: 21px; vertical-align: baseline; color: #111111;\"><strong>Nutno pracovat na pivn\u00ed osv\u011bt\u011b<\/strong><\/h3>\n<p style=\"margin: 2px 0px 17px; padding: 0px; border: 0px; font-family: Arial, Tahoma, Helvetica, sans-serif; font-size: 14px; line-height: 21px; vertical-align: baseline; color: #3f3f3f;\"><strong>Je o\u00a0v\u00e1s zn\u00e1mo, \u017ee m\u00e1te r\u00e1d piva z\u00a0mal\u00fdch pivovar\u016f. Maj\u00ed podle v\u00e1s t\u011b\u017ek\u00e9 prosadit se na \u010desk\u00e9m trhu?<\/strong><br \/>\nJ\u00e1 m\u00e1m r\u00e1d v\u0161echna dobr\u00e1 piva, nejen z\u00a0mal\u00fdch pivovar\u016f. Hlavn\u011b m\u00e1m r\u00e1d piva zaj\u00edmav\u00e1 a origin\u00e1ln\u00ed. A\u00a0v\u00a0t\u00e9 pestrosti jsou mikropivovary p\u0159eci jen pru\u017en\u011bj\u0161\u00ed ne\u017e fabriky. Na trhu se pozvolna prosazuj\u00ed, je jich u\u00a0n\u00e1s u\u017e p\u0159es sto pades\u00e1t. Ale dohromady maj\u00ed v\u00fdstav sotva dv\u011b procenta celkov\u00e9 produkce. \u010cesk\u00fd piva\u0159 je bohu\u017eel fixov\u00e1n na jeden jedin\u00fd typ piva\u00a0\u2013 le\u017e\u00e1k\u00a0\u2013 a \u017e\u00e1dn\u00e1 jin\u00e1 piva nezn\u00e1 a k\u00a0odli\u0161n\u00fdm styl\u016fm m\u00e1 ned\u016fv\u011bru. Proto to maj\u00ed nov\u00e9 pivovary\u00a0t\u011b\u017ek\u00e9.<\/p>\n<div style=\"margin: 3px 5px 0px 0px; padding: 0px; border: 0px; font-family: Arial, Tahoma, Helvetica, sans-serif; font-size: 14px; line-height: 21px; vertical-align: baseline; float: left; color: #3f3f3f; width: 260px;\"><a style=\"margin: 0px; padding: 0px; border: 0px; font-family: inherit; font-size: inherit; font-style: inherit; font-variant: inherit; line-height: inherit; vertical-align: baseline; color: #678749;\" title=\"Ladislav Jakl. Foto: archiv L. J. \" href=\"http:\/\/www.prazskypatriot.cz\/obrazky\/osobnosti\/ladislav-jakl_1.jpg\"><img loading=\"lazy\" decoding=\"async\" style=\"margin: 0px; padding: 2px; border-style: none; font-family: inherit; font-size: inherit; font-style: inherit; font-variant: inherit; line-height: inherit; vertical-align: baseline; box-shadow: #000000 0px 0px 3px;\" title=\"Ladislav Jakl\" src=\"http:\/\/www.prazskypatriot.cz\/obrazky\/osobnosti\/ladislav-jakl3.jpg\" alt=\"ladislav-jakl3\" width=\"250\" height=\"166\" \/><\/a><\/p>\n<p style=\"margin: -4px 0px 5px; padding: 0px; border: 0px; font-family: inherit; font-size: 12px; font-style: italic; font-variant: inherit; line-height: inherit; vertical-align: baseline;\">Ladislav Jakl<\/p>\n<\/div>\n<p style=\"margin: 2px 0px 17px; padding: 0px; border: 0px; font-family: Arial, Tahoma, Helvetica, sans-serif; font-size: 14px; line-height: 21px; vertical-align: baseline; color: #3f3f3f;\"><strong>Co s\u00a0t\u00edm?<\/strong><br \/>\nHolt je t\u0159eba je\u0161t\u011b hodn\u011b popracovat na pivn\u00ed osv\u011bt\u011b. U\u017e jsem to \u0159\u00edkal mnohokr\u00e1t: m\u00fdm snem, o\u00a0jeho\u017e napln\u011bn\u00ed se tak\u00e9 v\u00a0r\u00e1mci sv\u00fdch sil sna\u017e\u00edm\u00a0\u2013 aby v\u00a0budoucnu nebylo tak samoz\u0159ejm\u00e9 p\u0159ij\u00edt do hospody a \u0159\u00edci: jedno pivo, pros\u00edm. R\u00e1d bych, aby to jednou byla stejn\u011b nesmysln\u00e1 objedn\u00e1vka, jako kdybyste dnes \u0159ekli \u010d\u00ed\u0161n\u00edkovi: jedno j\u00eddlo, pros\u00edm. T\u011b\u0161\u00edm se na doby, kdy v\u00edce r\u016fzn\u00fdch piv na \u010depu bude v\u00a0hospod\u00e1ch v\u011bc zcela norm\u00e1ln\u00ed.<\/p>\n<p style=\"margin: 2px 0px 17px; padding: 0px; border: 0px; font-family: Arial, Tahoma, Helvetica, sans-serif; font-size: 14px; line-height: 21px; vertical-align: baseline; color: #3f3f3f;\"><strong>Jste spjat s\u00a0hospodou Magister Kelley, kter\u00e1 se nach\u00e1z\u00ed na rozhran\u00ed Vinohrad a Nusl\u00ed. \u010c\u00edm jste si ji obl\u00edbil?<\/strong><br \/>\nChod\u00edm do n\u00ed u\u017e 34\u00a0let. Z\u00a0toho posledn\u00edch 25\u00a0let ka\u017ed\u00fd \u010dtvrtek. Za tu dobu u\u017e jednou zm\u011bnila jm\u00e9no, dvakr\u00e1t vnit\u0159n\u00ed vzhled a \u0161estkr\u00e1t majitele. Vlastn\u011b je to shoda okolnost\u00ed, ne\u017e \u017ee bych si ji vybral pro n\u011bjak\u00e9 v\u00fdjime\u010dn\u00e9 p\u0159ednosti. Ale c\u00edt\u00edm se tam dob\u0159e a chod\u00ed tam bezva spole\u010dnost.<\/p>\n<p style=\"margin: 2px 0px 17px; padding: 0px; border: 0px; font-family: Arial, Tahoma, Helvetica, sans-serif; font-size: 14px; line-height: 21px; vertical-align: baseline; color: #3f3f3f;\"><strong>V\u00a0kampani bylo\u00a0\u2013 mysl\u00edm v\u00a0t\u00e9to hospod\u011b\u00a0\u2013 k\u00a0dispozici i\u00a0pivo s\u00a0va\u0161\u00edm jm\u00e9nem? Je mo\u017en\u00e9 ho je\u0161t\u011b n\u011bkde sehnat?<\/strong><br \/>\nOno bylo asi ve dvaceti hospod\u00e1ch po cel\u00e9 republice. Ale u\u017e je d\u00e1vno vypit\u00e9. V\u00edte, ono nepasterovan\u00e9 a nefiltrovan\u00e9 pivo moc dlouho nevydr\u017e\u00ed, to se mus\u00ed vyp\u00edt do p\u00e1r\u00a0t\u00fddn\u016f.<\/p>\n<h3 style=\"margin: 0px 0px 10px; padding: 0px; border: 0px; font-family: Arial, Tahoma, Helvetica, sans-serif; font-size: 1.5em; font-weight: normal; line-height: 21px; vertical-align: baseline; color: #111111;\"><strong>Praha je \u00fa\u017easn\u00fdm z\u00e1zrakem<\/strong><\/h3>\n<p style=\"margin: 2px 0px 17px; padding: 0px; border: 0px; font-family: Arial, Tahoma, Helvetica, sans-serif; font-size: 14px; line-height: 21px; vertical-align: baseline; color: #3f3f3f;\"><strong>Jak\u00e9 dal\u0161\u00ed pra\u017esk\u00e9 hospody m\u00e1te r\u00e1d?<\/strong><br \/>\nPokud mo\u017eno ty, kter\u00e9 maj\u00ed na \u010depu hodn\u011b r\u016fzn\u00fdch zaj\u00edmav\u00fdch piv a je\u0161t\u011b ta piva \u010dasto m\u011bn\u00ed. Proto m\u00e1m r\u00e1d t\u0159eba Prvn\u00ed Piwn\u00ed Tramway na Spo\u0159ilov\u011b a dal\u0161\u00ed hospody, sdru\u017een\u00e9 do Aliance P.I.V., co\u017e je seskupen\u00ed hospod zam\u011b\u0159en\u00fdch pr\u00e1v\u011b na pestrou pivn\u00ed nab\u00eddku.<\/p>\n<p style=\"margin: 2px 0px 17px; padding: 0px; border: 0px; font-family: Arial, Tahoma, Helvetica, sans-serif; font-size: 14px; line-height: 21px; vertical-align: baseline; color: #3f3f3f;\"><strong>Poch\u00e1z\u00edte z\u00a0Chebu, kter\u00fd m\u00e1 sv\u00e9 kouzlo a jeho\u017e n\u00e1m\u011bst\u00ed se \u0160pal\u00ed\u010dkem obdivuje snad ka\u017ed\u00fd n\u00e1v\u0161t\u011bvn\u00edk. \u010c\u00edm jste si obl\u00edbil Prahu<\/strong>?<br \/>\nZ\u00a0Chebu jsem ode\u0161el p\u0159ed 34\u00a0lety, ale chebsk\u00fdm patriotem jsem z\u016fstal nav\u017edy. Vrac\u00edm se tam v\u017edy \u010dty\u0159ikr\u00e1t do roka po celou tu dobu. Ale mo\u017en\u00e1 pr\u00e1v\u011b jako pro v\u00a0Praze nenarozen\u00e9ho je pro mne Praha \u00fa\u017easn\u00fdm z\u00e1zrakem, nikdy mi nezev\u0161edn\u00ed. Vid\u011bl jsem mnoho sv\u011btov\u00fdch metropol\u00ed, ale svou atmosf\u00e9rou se s\u00a0Prahou nem\u016f\u017ee \u017e\u00e1dn\u00e1 m\u011b\u0159it.<\/p>\n<p style=\"margin: 2px 0px 17px; padding: 0px; border: 0px; font-family: Arial, Tahoma, Helvetica, sans-serif; font-size: 14px; line-height: 21px; vertical-align: baseline; color: #3f3f3f;\"><strong>Kterou pra\u017eskou \u010d\u00e1st m\u00e1te nejrad\u011bji a pro\u010d?<\/strong><br \/>\nMysl\u00edm, \u017ee zn\u00e1m Prahu docela dob\u0159e. Jsem fanatikem chozen\u00ed nejen po centru, ale i\u00a0po periferi\u00edch, chod\u00edm dlouh\u00e9 kilometry, deset a v\u00edc. N\u011bkdo r\u00e1d chod\u00ed po lese, j\u00e1 nejrad\u011bji po Praze. P\u0159ed v\u00edc ne\u017e t\u0159iceti lety jsem d\u011blal z\u00e1vozn\u00edka a poznal v\u0161emo\u017en\u00e9 kouty Prahy. A\u00a0pov\u011bdom\u00ed o\u00a0v\u0161ech jej\u00edch \u010d\u00e1stech se sna\u017e\u00edm si po\u0159\u00e1d udr\u017eovat a obnovovat. Skoro ka\u017ed\u00e1 \u010dtvr\u0165 m\u00e1 n\u011bco do sebe. Ale p\u0159eci jen Star\u00e9 M\u011bsto je nadev\u0161e.<\/p>\n<h3 style=\"margin: 0px 0px 10px; padding: 0px; border: 0px; font-family: Arial, Tahoma, Helvetica, sans-serif; font-size: 1.5em; font-weight: normal; line-height: 21px; vertical-align: baseline; color: #111111;\"><strong>Rockov\u00e1 kapela hraje o\u00a0\u017eivot\u011b<\/strong><\/h3>\n<p style=\"margin: 2px 0px 17px; padding: 0px; border: 0px; font-family: Arial, Tahoma, Helvetica, sans-serif; font-size: 14px; line-height: 21px; vertical-align: baseline; color: #3f3f3f;\"><strong>Hrajete v\u00a0kapele Folimanka Blues. M\u016f\u017eete o\u00a0n\u00ed n\u011bco \u0159\u00edci?<\/strong><br \/>\nKapela pr\u00e1v\u011b slav\u00ed 20\u00a0let existence. Za tu dobu jsem z\u00a0p\u016fvodn\u00ed sestavy z\u016fstal posledn\u00ed \u017eiv\u00fd. Naposled zem\u0159el loni v\u00a0prosinci kytarista. Nen\u00ed snadn\u00e9 se z\u00a0t\u011bch ran zase znovu a znovu zvedat a za\u010d\u00ednat d\u00e1l. Te\u010f pr\u00e1v\u011b pro\u017e\u00edv\u00e1m jeden z\u00a0takov\u00fdch nov\u00fdch za\u010d\u00e1tk\u016f. Je to rockov\u00e1 kapela, kter\u00e1 hraje o\u00a0\u017eivot\u011b i\u00a0z\u00a0t\u011bch hor\u0161\u00edch str\u00e1nek. Za\u017eila toho hodn\u011b a je to v\u00a0n\u00ed sly\u0161et.<\/p>\n<div style=\"margin: 3px 0px 3px 5px; padding: 0px; border: 0px; font-family: Arial, Tahoma, Helvetica, sans-serif; font-size: 14px; line-height: 21px; vertical-align: baseline; float: right; color: #3f3f3f; width: 260px;\"><a style=\"margin: 0px; padding: 0px; border: 0px; font-family: inherit; font-size: inherit; font-style: inherit; font-variant: inherit; line-height: inherit; vertical-align: baseline; color: #678749;\" title=\"Folimanka Blues. Foto: archiv L.J.\" href=\"http:\/\/www.prazskypatriot.cz\/obrazky\/osobnosti\/ladislav-jakl1.jpg\"><img loading=\"lazy\" decoding=\"async\" style=\"margin: 0px; padding: 2px; border-style: none; font-family: inherit; font-size: inherit; font-style: inherit; font-variant: inherit; line-height: inherit; vertical-align: baseline; box-shadow: #000000 0px 0px 3px;\" title=\"Folimanka Blues\" src=\"http:\/\/www.prazskypatriot.cz\/obrazky\/osobnosti\/ladislav-jakl1-nahled.jpg\" alt=\"ladislav-jakl1-nahled\" width=\"250\" height=\"167\" \/><\/a><\/p>\n<p style=\"margin: -4px 0px 5px; padding: 0px; border: 0px; font-family: inherit; font-size: 12px; font-style: italic; font-variant: inherit; line-height: inherit; vertical-align: baseline;\">Folimanka Blues<\/p>\n<\/div>\n<p style=\"margin: 2px 0px 17px; padding: 0px; border: 0px; font-family: Arial, Tahoma, Helvetica, sans-serif; font-size: 14px; line-height: 21px; vertical-align: baseline; color: #3f3f3f;\"><strong>Jak \u010dasto a kde v\u00a0Praze p\u0159edev\u0161\u00edm hrajete?<\/strong><br \/>\nPosledn\u00ed l\u00e9ta hrajeme v\u00a0Praze velmi m\u00e1lo. T\u00e9m\u011b\u0159 ka\u017ed\u00fd rok p\u0159ed V\u00e1noci hrajeme v\u00a0Buben\u010di Na slamn\u00edku, ka\u017ed\u00fd \u00fanor hrajeme ve Vagonu na N\u00e1rodn\u00ed. Moment\u00e1ln\u011b si l\u00e1mu hlavu, kde ud\u011blat v\u00a0z\u00e1\u0159\u00ed koncert k\u00a020.\u00a0v\u00fdro\u010d\u00ed kapely, aby to bylo m\u00edsto zaj\u00edmav\u00e9 a m\u011blo v\u00a0sob\u011b n\u011bjak\u00fd\u00a0f\u00f3r.<\/p>\n<p style=\"margin: 2px 0px 17px; padding: 0px; border: 0px; font-family: Arial, Tahoma, Helvetica, sans-serif; font-size: 14px; line-height: 21px; vertical-align: baseline; color: #3f3f3f;\"><strong>\u010cemu se nyn\u00ed v\u011bnujete v\u00a0Institutu V\u00e1clava Klause?<\/strong><br \/>\nPsan\u00ed r\u016fzn\u00fdch text\u016f a anal\u00fdz. A\u00a0organizov\u00e1n\u00edm n\u011bkter\u00fdch akc\u00ed. V\u0161e je ale teprve na za\u010d\u00e1tku.<\/p>\n<p style=\"margin: 2px 0px 17px; padding: 0px; border: 0px; font-family: Arial, Tahoma, Helvetica, sans-serif; font-size: 14px; line-height: 21px; vertical-align: baseline; color: #3f3f3f;\"><strong>Chcete se nyn\u00ed \u010di v\u00a0budoucnu politicky anga\u017eovat?<\/strong><br \/>\nTo v\u016fbec nevylu\u010duji, ale sv\u00e9 pl\u00e1ny prozrazovat te\u010f nebudu.<\/p>\n<p style=\"margin: 2px 0px 17px; padding: 0px; border: 0px; font-family: Arial, Tahoma, Helvetica, sans-serif; font-size: 14px; line-height: 21px; vertical-align: baseline; color: #3f3f3f;\"><strong>Politiku r\u00e1d glosujete\u00a0\u2013 napsal jste parodii na hit Visac\u00edho z\u00e1mku: \u201eJukal na n\u00e1s z\u00a0novin jako hodnej str\u00fd\u010dek. Myslel si, \u017ee to je zn\u00e1mka punku,\u201c p\u00ed\u0161ete v\u00a0n\u00ed. M\u00e1te pocit, \u017ee Karlu Schwarzenbergovi n\u011bkter\u00e1 m\u00e9dia v\u00a0prezidentsk\u00e9 kampani stranila? <\/strong><br \/>\nM\u00e1m. Nesl\u00fdchan\u011b stranila. Ale mus\u00edm v\u00e1s opravit, to nebyla parodie na tu p\u00edse\u0148. Naopak, sp\u00ed\u0161e parafr\u00e1ze. Ta p\u00edse\u0148 je v\u00a0origin\u00e1le o\u00a0tom, \u017ee ne ka\u017ed\u00fd, kdo si vn\u011bj\u0161\u00edmi povrchn\u00edmi znaky hraje na pank\u00e1\u010de, j\u00edm skute\u010dn\u011b je. Proto\u017ee punk je p\u0159ece jinde, ne\u017e v\u00a0t\u011bch na odiv vystavovan\u00fdch atributech. A\u00a0my jsme nejbrut\u00e1ln\u011bj\u0161\u00ed p\u0159edst\u00edr\u00e1n\u00ed p\u0159\u00edslu\u0161enstv\u00ed k\u00a0punkov\u00e9mu postoji za\u017eili pr\u00e1v\u011b v\u00a0t\u00e9 kampani. Tak\u017ee ta m\u00e1 verze byla p\u0159esn\u011b o\u00a0tomt\u00e9\u017e, jako origin\u00e1l.<\/p>\n<p style=\"margin: 2px 0px 17px; padding: 0px; border: 0px; font-family: Arial, Tahoma, Helvetica, sans-serif; font-size: 14px; line-height: 21px; vertical-align: baseline; color: #3f3f3f;\"><a href=\"http:\/\/www.prazskypatriot.cz\/prazske-hospody-dusi-nesmyslne-regulace-rika-spolupracovnik-exprezidenta\/\" target=\"_blank\">Zdroj<\/a><\/p>\n","protected":false},"excerpt":{"rendered":"<p>N\u011bkdo r\u00e1d chod\u00ed po lese, spolupracovn\u00edk V\u00e1clava Klause Ladislav Jakl nejrad\u011bji po Praze. I\u00a0kdy\u017e si nikdy serv\u00edtky nebral, pot\u00e9, co u\u017e nen\u00ed st\u00e1tn\u00edm \u00fa\u0159edn\u00edkem, si u\u017e\u00edv\u00e1 svobody ve formulov\u00e1n\u00ed sv\u00fdch n\u00e1zor\u016f. S\u00a0Pra\u017esk\u00fdm patriotem si pov\u00eddal o\u00a0pra\u017esk\u00fdch hospod\u00e1ch, pivu i\u00a0jeho kapele Folimanka Blues. Odpov\u011bd\u011bl tak\u00e9 na ot\u00e1zku, zda se hodl\u00e1 v\u00a0budoucnu politicky anga\u017eovat.<\/p>\n","protected":false},"author":1,"featured_media":0,"comment_status":"open","ping_status":"open","sticky":false,"template":"","format":"standard","meta":{"ngg_post_thumbnail":0,"footnotes":""},"categories":[13],"tags":[],"class_list":["post-3848","post","type-post","status-publish","format-standard","hentry","category-rozhovory"],"_links":{"self":[{"href":"https:\/\/www.ladislavjakl.cz\/index.php?rest_route=\/wp\/v2\/posts\/3848","targetHints":{"allow":["GET"]}}],"collection":[{"href":"https:\/\/www.ladislavjakl.cz\/index.php?rest_route=\/wp\/v2\/posts"}],"about":[{"href":"https:\/\/www.ladislavjakl.cz\/index.php?rest_route=\/wp\/v2\/types\/post"}],"author":[{"embeddable":true,"href":"https:\/\/www.ladislavjakl.cz\/index.php?rest_route=\/wp\/v2\/users\/1"}],"replies":[{"embeddable":true,"href":"https:\/\/www.ladislavjakl.cz\/index.php?rest_route=%2Fwp%2Fv2%2Fcomments&post=3848"}],"version-history":[{"count":2,"href":"https:\/\/www.ladislavjakl.cz\/index.php?rest_route=\/wp\/v2\/posts\/3848\/revisions"}],"predecessor-version":[{"id":3850,"href":"https:\/\/www.ladislavjakl.cz\/index.php?rest_route=\/wp\/v2\/posts\/3848\/revisions\/3850"}],"wp:attachment":[{"href":"https:\/\/www.ladislavjakl.cz\/index.php?rest_route=%2Fwp%2Fv2%2Fmedia&parent=3848"}],"wp:term":[{"taxonomy":"category","embeddable":true,"href":"https:\/\/www.ladislavjakl.cz\/index.php?rest_route=%2Fwp%2Fv2%2Fcategories&post=3848"},{"taxonomy":"post_tag","embeddable":true,"href":"https:\/\/www.ladislavjakl.cz\/index.php?rest_route=%2Fwp%2Fv2%2Ftags&post=3848"}],"curies":[{"name":"wp","href":"https:\/\/api.w.org\/{rel}","templated":true}]}}