{"id":3851,"date":"2013-05-16T11:39:35","date_gmt":"2013-05-16T09:39:35","guid":{"rendered":"http:\/\/www.ladislavjakl.cz\/?p=3851"},"modified":"2013-05-16T11:39:35","modified_gmt":"2013-05-16T09:39:35","slug":"delate-z-toho-bramboracku-pani-moderatorko-jakl-na-prime-opet-vysvetloval-amnestii","status":"publish","type":"post","link":"https:\/\/www.ladislavjakl.cz\/?p=3851","title":{"rendered":"D\u011bl\u00e1te z toho brambora\u010dku, pan\u00ed moder\u00e1torko. Jakl na Prim\u011b op\u011bt vysv\u011btloval amnestii"},"content":{"rendered":"<p>Hosty po\u0159adu Partie v televizi Prima Family k t\u00e9matu amnestie dnes byli b\u00fdval\u00fd poradce prezidenta V\u00e1clava Klause Ladislav Jakl, b\u00fdval\u00fd hradn\u00ed pr\u00e1vn\u00edk Pavel Hasenkopf a Radim Bure\u0161 z Transparency International \u010cR. Jakl se zast\u00e1val prezidentsk\u00e9 amnestie a kritizoval \u010dty\u0159i m\u011bs\u00edce jednostrann\u00e9ho informov\u00e1n\u00ed o n\u00ed.<br \/>\n<!--more--><br \/>\nLadislav Jakl, po \u00favodn\u00ed report\u00e1\u017ei, kde byly zm\u00edn\u011bny nejk\u0159iklav\u011bj\u0161\u00ed d\u016fsledky abolice, \u0159ekl, \u017ee amnestie je institut, se kter\u00fdm se nesm\u00ed pl\u00fdtvat. S\u00e1m Jakl se pr\u00fd amnesti\u00ed zab\u00fdval mnoho let a z vlastn\u00edho z\u00e1jmu oslovil mnoho odborn\u00edk\u016f a po\u017e\u00e1dal je o n\u00e1zory, p\u0159\u00edpadn\u011b podklady. Byl mezi nimi i Pavel Hasenkopf, pr\u00e1vn\u00edk Zden\u011bk Koudelka i v\u0161ichni minist\u0159i spravedlnosti p\u0159ed t\u00edm sou\u010dasn\u00fdm \u2013 tedy Pavlem Bla\u017ekem. Ne\u0161lo ale o jednotliv\u00e9 verze amnesti\u00ed pro prezidenta.<\/p>\n<p><strong>D\u011bl\u00e1te z toho brambora\u010dku<\/strong><\/p>\n<p>Ladislav Jakl je p\u0159esv\u011bd\u010den, \u017ee amnestie byla spr\u00e1vn\u00e1. Jakl upozornil, \u017ee V\u00e1clav Klaus vyhl\u00e1sil pouze jedinou amnestii, a naproti tomu V\u00e1clav Havel ud\u011blil celkem \u010dty\u0159i a v\u0161echny obsahovaly abolici.  Podle Jakla nen\u00ed vinou amnestie, \u017ee v n\u011bkter\u00fdch p\u0159\u00edpadech soudci a vy\u0161et\u0159ovatel\u00e9 nebyli schopni, ani po t\u0159eba 19 letech, p\u0159\u00edpadn\u00e9 pachatele usv\u011bd\u010dit. D\u00e1le uvedl, \u017ee abolice se tentokr\u00e1t t\u00fdkala pouze 450 p\u0159\u00edpad\u016f a z toho pouze 18 se t\u00fdk\u00e1 t\u011bch kritizovan\u00fdch p\u0159\u00edpad\u016f, kdy \u0161lo o z\u00e1va\u017enou hospod\u00e1\u0159skou trestnou \u010dinnost.<\/p>\n<p>Po\u0159ad Partie dnes moderovala Lenka Pastor\u010d\u00e1kov\u00e1 a st\u00e1le hledala autora amnestie. Ladislav Jakl byl nespokojen a \u0159ekl: \u201eZp\u016fsob, jak\u00fdm se pt\u00e1te, z toho d\u011bl\u00e1 brambora\u010dku. Zeptejte se m\u011b, jak vznikala amnestie, a j\u00e1 v\u00e1m to \u0159eknu.\u201c Jakl pak zopakoval, \u017ee zhruba od listopadu se t\u00e9m\u011b\u0159 denn\u011b sch\u00e1zeli nejbli\u017e\u0161\u00ed spolupracovn\u00edci spolu s prezidentem a vzru\u0161en\u011b debatovali o parametrech amnestie.  \u201eNerozum\u00edm tomu, pro\u010d kancl\u00e9\u0159 Myn\u00e1\u0159 ozna\u010dil pana Hasenkopfa za autora amnestie. Pan Hasenkopf skute\u010dn\u011b autorem nen\u00ed a ani se nepod\u00edlel na jej\u00edm vzniku,\u201c \u0159ekl mimo jin\u00e9 Jakl.<\/p>\n<p><strong>Nejhor\u0161\u00ed dopad je na spole\u010denskou atmosf\u00e9ru<\/strong><\/p>\n<p>Radim Bure\u0161 z Transparency International \u0159ekl, \u017ee se domn\u00edv\u00e1, \u017ee pr\u00e1v\u011b on\u011bch osmn\u00e1ct p\u0159\u00edpad\u016f z\u00e1va\u017en\u00e9 hospod\u00e1\u0159sk\u00e9 trestn\u00e9 \u010dinnosti p\u0159ev\u00e1\u017e\u00ed v\u0161echny ostatn\u00ed p\u0159\u00edpady. I kdy\u017e mo\u017en\u00e1 amnestie v t\u011bch dal\u0161\u00edch byla v po\u0159\u00e1dku. Podle Bure\u0161e je nejz\u00e1va\u017en\u011bj\u0161\u00edm dopadem amnestie pr\u00e1v\u011b dopad na spole\u010denskou atmosf\u00e9ru. Kdy se ukazuje, \u017ee z\u00e1va\u017en\u00e1 trestn\u00e1 \u010dinnost, propleten\u00e1 s politikou, nebude potrest\u00e1na.<\/p>\n<p>\u201eAmnestie, respektive jej\u00ed abolice, po\u0161kodila tak\u00e9 pr\u00e1ci policist\u016f, soudc\u016f a st\u00e1tn\u00edch z\u00e1stupc\u016f. Vyslala sign\u00e1l, \u017ee nem\u00e1 smysl z\u00e1va\u017en\u00e9 kauzy rozkr\u00fdvat \u0159adu let,\u201c uvedl Bure\u0161.<\/p>\n<p>Podle Bure\u0161e by bylo lep\u0161\u00ed, kdyby Hrad postupoval podle n\u011bj standardn\u011b a vypracov\u00e1n\u00edm amnestie pov\u011b\u0159il ministerstvo spravedlnosti. To Jakl odm\u00edtl s t\u00edm, \u017ee pr\u00e1v\u011b \u00faniky z p\u0159ipravovan\u00fdch amnesti\u00ed jsou nej\u010dast\u011bj\u0161\u00ed impulsy k r\u016fzn\u00fdm nepokoj\u016fm ve v\u011bznic\u00edch, a u\u017e proto se mus\u00ed p\u0159ipravovat v re\u017eimu utajen\u00ed a ne na ministerstvu spravedlnosti.<\/p>\n<p><strong>O\u010dek\u00e1v\u00e1m sm\u00edrn\u00e9 \u0159e\u0161en\u00ed<\/strong><\/p>\n<p>Pavel Hasenkopf, pr\u00e1vn\u00edk Hradu za \u00e9ry V\u00e1clava Klause, nyn\u00ed vyhozen nov\u00fdm kancl\u00e9\u0159em Myn\u00e1\u0159em, se c\u00edt\u00ed b\u00fdt velice po\u0161kozen pr\u00e1v\u011b kancl\u00e9\u0159ov\u00fdmi v\u00fdroky. Ten jej toti\u017e ozna\u010dil za autora amnestie. \u201eMn\u011b p\u0159ijde divn\u00fd, \u017ee kancl\u00e9\u0159 Myn\u00e1\u0159 mi d\u011bl\u00e1 takovou reklamu. Bu\u010f je za t\u00edm n\u011bco, o \u010dem j\u00e1 nev\u00edm, nebo n\u011bkomu nalet\u011bl,\u201c \u0159ekl Hasenkopf v Partii. D\u00e1l po\u017eaduje ve\u0159ejnou omluvu a zva\u017euje dal\u0161\u00ed pr\u00e1vn\u00ed kroky. Prezidentsk\u00e9 kancel\u00e1\u0159i pr\u00fd doru\u010dil ot\u00e1zky, na kter\u00e9 \u017e\u00e1d\u00e1 ofici\u00e1ln\u00ed odpov\u011b\u010f. Kancel\u00e1\u0159 Hradu na n\u00ed m\u00e1 ze z\u00e1kona patn\u00e1ctidenn\u00ed lh\u016ftu.<\/p>\n<p>K sou\u010dasn\u00e9 kancel\u00e1\u0159i se Hasenkopf vyjad\u0159oval s rezervou, podle n\u011bj tam zat\u00edm lid\u00e9 p\u0159esn\u011b nev\u011bd\u00ed, co maj\u00ed d\u011blat. Nap\u0159\u00edklad doposud nen\u00ed obsazeno m\u00edsto po  Ladislavu Jaklovi, tedy post politick\u00e9ho poradce. Pr\u00e1v\u011b ten m\u00e1 v prvn\u00ed instanci na ot\u00e1zky odpov\u00eddat. Kancl\u00e9\u0159 je a\u017e odvolac\u00ed instance. Hasenkopf je tak pr\u00fd zv\u011bdav\u00fd, jak se s t\u00edm kancel\u00e1\u0159 nyn\u00ed \u201epopasuje\u201c. Hasenkopf je p\u0159esv\u011bd\u010den, \u017ee ve sporu bude i nad\u00e1le hledat sm\u00edrn\u00e9 \u0159e\u0161en\u00ed.<\/p>\n<p><strong>Kritizovan\u00e1 abolice<\/strong><\/p>\n<p>\u010cl\u00e1nkem II amnestie prezidenta republiky ze dne 1. 1. 2013 prezident na\u0159\u00eddil zastaven\u00ed trestn\u00edch st\u00edh\u00e1n\u00ed trvaj\u00edc\u00edch d\u00e9le ne\u017e 8 let se sazbou do 10 let, co\u017e se t\u00fdk\u00e1 i nejv\u011bt\u0161\u00edch hospod\u00e1\u0159sk\u00fdch a majetkov\u00fdch trestn\u00fdch \u010din\u016f. Pr\u00e1v\u011b tento \u010dl\u00e1nek vzbudil nejv\u011bt\u0161\u00ed kritiku.<\/p>\n<p>Amnestie se dotkla 18 velk\u00fdch kauz, kter\u00e9 dozoruj\u00ed vrchn\u00ed st\u00e1tn\u00ed zastupitelstv\u00ed v Praze a v Olomouci a v nich\u017e jsou mnohamiliardov\u00e9 \u0161kody. U jednotliv\u00fdch kauz se \u0161koda pohybuje od 300 milion\u016f do 1,75 miliardy korun.<\/p>\n<p><a href=\"http:\/\/beta.parlamentnilisty.cz\/zpravy\/Delate-z-toho-bramboracku-pani-moderatorko-Jakl-na-Prime-opet-vysvetloval-amnestii-271715\" target=\"_blank\">Zdroj<\/a><\/p>\n","protected":false},"excerpt":{"rendered":"<p>Hosty po\u0159adu Partie v televizi Prima Family k t\u00e9matu amnestie dnes byli b\u00fdval\u00fd poradce prezidenta V\u00e1clava Klause Ladislav Jakl, b\u00fdval\u00fd hradn\u00ed pr\u00e1vn\u00edk Pavel Hasenkopf a Radim Bure\u0161 z Transparency International \u010cR. Jakl se zast\u00e1val prezidentsk\u00e9 amnestie a kritizoval \u010dty\u0159i m\u011bs\u00edce jednostrann\u00e9ho informov\u00e1n\u00ed o n\u00ed.<\/p>\n","protected":false},"author":1,"featured_media":0,"comment_status":"open","ping_status":"open","sticky":false,"template":"","format":"standard","meta":{"ngg_post_thumbnail":0,"footnotes":""},"categories":[11],"tags":[],"class_list":["post-3851","post","type-post","status-publish","format-standard","hentry","category-ozvena"],"_links":{"self":[{"href":"https:\/\/www.ladislavjakl.cz\/index.php?rest_route=\/wp\/v2\/posts\/3851","targetHints":{"allow":["GET"]}}],"collection":[{"href":"https:\/\/www.ladislavjakl.cz\/index.php?rest_route=\/wp\/v2\/posts"}],"about":[{"href":"https:\/\/www.ladislavjakl.cz\/index.php?rest_route=\/wp\/v2\/types\/post"}],"author":[{"embeddable":true,"href":"https:\/\/www.ladislavjakl.cz\/index.php?rest_route=\/wp\/v2\/users\/1"}],"replies":[{"embeddable":true,"href":"https:\/\/www.ladislavjakl.cz\/index.php?rest_route=%2Fwp%2Fv2%2Fcomments&post=3851"}],"version-history":[{"count":1,"href":"https:\/\/www.ladislavjakl.cz\/index.php?rest_route=\/wp\/v2\/posts\/3851\/revisions"}],"predecessor-version":[{"id":3852,"href":"https:\/\/www.ladislavjakl.cz\/index.php?rest_route=\/wp\/v2\/posts\/3851\/revisions\/3852"}],"wp:attachment":[{"href":"https:\/\/www.ladislavjakl.cz\/index.php?rest_route=%2Fwp%2Fv2%2Fmedia&parent=3851"}],"wp:term":[{"taxonomy":"category","embeddable":true,"href":"https:\/\/www.ladislavjakl.cz\/index.php?rest_route=%2Fwp%2Fv2%2Fcategories&post=3851"},{"taxonomy":"post_tag","embeddable":true,"href":"https:\/\/www.ladislavjakl.cz\/index.php?rest_route=%2Fwp%2Fv2%2Ftags&post=3851"}],"curies":[{"name":"wp","href":"https:\/\/api.w.org\/{rel}","templated":true}]}}