{"id":3853,"date":"2013-05-16T11:41:32","date_gmt":"2013-05-16T09:41:32","guid":{"rendered":"http:\/\/www.ladislavjakl.cz\/?p=3853"},"modified":"2013-05-16T11:41:43","modified_gmt":"2013-05-16T09:41:43","slug":"pirati-narazili-na-utes-utok-na-jakla-jim-nevysel","status":"publish","type":"post","link":"https:\/\/www.ladislavjakl.cz\/?p=3853","title":{"rendered":"Pir\u00e1ti narazili na \u00fates. \u00datok na Jakla jim nevy\u0161el."},"content":{"rendered":"<p>\u0158\u00edzen\u00ed veden\u00e9 s Ladislavem Jaklem na z\u00e1klad\u011b ud\u00e1n\u00ed m\u00edstop\u0159edsedy pir\u00e1tsk\u00e9 strany Jakuba Mich\u00e1lka bylo tyto dny \u00da\u0159adem pro ochranu osobn\u00edch \u00fadaj\u016f zastaveno. Pir\u00e1ti si st\u011b\u017eovali, \u017ee Jakl na sv\u00fdch webov\u00fdch str\u00e1nk\u00e1ch zve\u0159ejnil text jejich \u017e\u00e1dosti o informaci k amnestii v\u010detn\u011b Mich\u00e1lkova bydli\u0161t\u011b a data narozen\u00ed.<\/p>\n<p><!--more--><\/p>\n<p>\u00da\u0159ad rozhodl, \u017ee pan Mich\u00e1lek jako m\u00edstop\u0159edseda pir\u00e1tsk\u00e9 strany s\u00e1m sv\u00e1 data dobrovoln\u011b umo\u017enil zve\u0159ejnit na str\u00e1nk\u00e1ch Ministerstva vnitra a \u017ee pir\u00e1ti sami na sv\u00fdch str\u00e1nk\u00e1ch zve\u0159ejnili i text on\u00e9 \u017e\u00e1dosti s v\u00fdzvou, aby ji p\u0159\u00edznivci zkop\u00edrovali a poslali na Hrad (\u010deho\u017e se ochotn\u011b ujal i pan Zaor\u00e1lek).<\/p>\n<p>Proto nikomu nemohla b\u00fdt zp\u016fsobena \u017e\u00e1dn\u00e1 \u00fajma, kdy\u017e se stejn\u00e9 \u00fadaje p\u0159echodn\u011b objevily na str\u00e1nk\u00e1ch www.ladislavjakl.cz. Je evidentn\u00ed, \u017ee sv\u00fdm ud\u00e1n\u00edm pir\u00e1ti nesledovali ochranu z\u00e1konem chr\u00e1n\u011bn\u00fdch z\u00e1jm\u016f, ale pouze \u0161ikanu sv\u00e9ho n\u00e1zorov\u00e9ho oponenta Jakla.<\/p>\n<p>Z\u016fst\u00e1v\u00e1 ot\u00e1zka, jestli se konci tohoto ud\u00e1n\u00ed dostane stejn\u00e9 publicity, jakou m\u00e9dia v\u011bnovala ozn\u00e1men\u00ed, \u017ee \u0159\u00edzen\u00ed s Jaklem bylo zah\u00e1jeno. Toho byla m\u00e9dia pln\u00e1, na \u010cesk\u00e9 pozici dokonce jako nekone\u010dn\u00fd seri\u00e1l v\u010detn\u011b sledov\u00e1n\u00ed, kolik pr\u00fd obs\u00edlek bylo Jaklovi kdy zasl\u00e1no. Snad tedy nezapomenou i na obs\u00edlku definitivn\u00ed: o zastaven\u00ed \u0159\u00edzen\u00ed.<br \/>\n-wm-<\/p>\n","protected":false},"excerpt":{"rendered":"<p>\u0158\u00edzen\u00ed veden\u00e9 s Ladislavem Jaklem na z\u00e1klad\u011b ud\u00e1n\u00ed m\u00edstop\u0159edsedy pir\u00e1tsk\u00e9 strany Jakuba Mich\u00e1lka bylo tyto dny \u00da\u0159adem pro ochranu osobn\u00edch \u00fadaj\u016f zastaveno. Pir\u00e1ti si st\u011b\u017eovali, \u017ee Jakl na sv\u00fdch webov\u00fdch str\u00e1nk\u00e1ch zve\u0159ejnil text jejich \u017e\u00e1dosti o informaci k amnestii v\u010detn\u011b Mich\u00e1lkova bydli\u0161t\u011b a data narozen\u00ed.<\/p>\n","protected":false},"author":1,"featured_media":0,"comment_status":"open","ping_status":"open","sticky":false,"template":"","format":"standard","meta":{"ngg_post_thumbnail":0,"footnotes":""},"categories":[19],"tags":[],"class_list":["post-3853","post","type-post","status-publish","format-standard","hentry","category-jakl-leaks"],"_links":{"self":[{"href":"https:\/\/www.ladislavjakl.cz\/index.php?rest_route=\/wp\/v2\/posts\/3853","targetHints":{"allow":["GET"]}}],"collection":[{"href":"https:\/\/www.ladislavjakl.cz\/index.php?rest_route=\/wp\/v2\/posts"}],"about":[{"href":"https:\/\/www.ladislavjakl.cz\/index.php?rest_route=\/wp\/v2\/types\/post"}],"author":[{"embeddable":true,"href":"https:\/\/www.ladislavjakl.cz\/index.php?rest_route=\/wp\/v2\/users\/1"}],"replies":[{"embeddable":true,"href":"https:\/\/www.ladislavjakl.cz\/index.php?rest_route=%2Fwp%2Fv2%2Fcomments&post=3853"}],"version-history":[{"count":2,"href":"https:\/\/www.ladislavjakl.cz\/index.php?rest_route=\/wp\/v2\/posts\/3853\/revisions"}],"predecessor-version":[{"id":3855,"href":"https:\/\/www.ladislavjakl.cz\/index.php?rest_route=\/wp\/v2\/posts\/3853\/revisions\/3855"}],"wp:attachment":[{"href":"https:\/\/www.ladislavjakl.cz\/index.php?rest_route=%2Fwp%2Fv2%2Fmedia&parent=3853"}],"wp:term":[{"taxonomy":"category","embeddable":true,"href":"https:\/\/www.ladislavjakl.cz\/index.php?rest_route=%2Fwp%2Fv2%2Fcategories&post=3853"},{"taxonomy":"post_tag","embeddable":true,"href":"https:\/\/www.ladislavjakl.cz\/index.php?rest_route=%2Fwp%2Fv2%2Ftags&post=3853"}],"curies":[{"name":"wp","href":"https:\/\/api.w.org\/{rel}","templated":true}]}}