{"id":3865,"date":"2013-05-17T12:22:05","date_gmt":"2013-05-17T10:22:05","guid":{"rendered":"http:\/\/www.ladislavjakl.cz\/?p=3865"},"modified":"2013-05-17T12:22:05","modified_gmt":"2013-05-17T10:22:05","slug":"valtr-komarek-jedna-basen","status":"publish","type":"post","link":"https:\/\/www.ladislavjakl.cz\/?p=3865","title":{"rendered":"Valtr Kom\u00e1rek jedna b\u00e1se\u0148"},"content":{"rendered":"<p>Na profesora Kom\u00e1rka lze vzpom\u00ednat v\u0161elijak. V m\u00fdch vzpom\u00ednk\u00e1ch  nebude chyb\u011bt 25. leden roku 2006. To jsem tehdy p\u0159i\u0161el nav\u0161t\u00edvit sch\u016fzi  Paroubkovy vl\u00e1dy.<\/p>\n<p><!--more-->Po chv\u00edli za mnou p\u0159i\u0161el od stolu poradc\u016f Valtr  Kom\u00e1rek a p\u0159edal mi vlastnoru\u010dn\u011b napsanou uv\u00edtac\u00ed b\u00e1se\u0148. Tak se na ni  pod\u00edvejte.<\/p>\n<p>L. J.<\/p>\n<p><a href=\"https:\/\/www.ladislavjakl.cz\/wp-content\/uploads\/2013\/05\/valtrkomarek.JPG\"><img loading=\"lazy\" decoding=\"async\" class=\"aligncenter size-full wp-image-3866\" title=\"Valtr Kom\u00e1rek\" src=\"https:\/\/www.ladislavjakl.cz\/wp-content\/uploads\/2013\/05\/valtrkomarek.JPG\" alt=\"Valtr Kom\u00e1rek\" width=\"305\" height=\"464\" srcset=\"https:\/\/www.ladislavjakl.cz\/wp-content\/uploads\/2013\/05\/valtrkomarek.JPG 540w, https:\/\/www.ladislavjakl.cz\/wp-content\/uploads\/2013\/05\/valtrkomarek-204x310.jpg 204w\" sizes=\"auto, (max-width: 305px) 100vw, 305px\" \/><\/a><\/p>\n","protected":false},"excerpt":{"rendered":"<p>Na profesora Kom\u00e1rka lze vzpom\u00ednat v\u0161elijak. V m\u00fdch vzpom\u00ednk\u00e1ch nebude chyb\u011bt 25. leden roku 2006. To jsem tehdy p\u0159i\u0161el nav\u0161t\u00edvit sch\u016fzi Paroubkovy vl\u00e1dy.<\/p>\n","protected":false},"author":1,"featured_media":0,"comment_status":"open","ping_status":"open","sticky":false,"template":"","format":"standard","meta":{"ngg_post_thumbnail":0,"footnotes":""},"categories":[19],"tags":[],"class_list":["post-3865","post","type-post","status-publish","format-standard","hentry","category-jakl-leaks"],"_links":{"self":[{"href":"https:\/\/www.ladislavjakl.cz\/index.php?rest_route=\/wp\/v2\/posts\/3865","targetHints":{"allow":["GET"]}}],"collection":[{"href":"https:\/\/www.ladislavjakl.cz\/index.php?rest_route=\/wp\/v2\/posts"}],"about":[{"href":"https:\/\/www.ladislavjakl.cz\/index.php?rest_route=\/wp\/v2\/types\/post"}],"author":[{"embeddable":true,"href":"https:\/\/www.ladislavjakl.cz\/index.php?rest_route=\/wp\/v2\/users\/1"}],"replies":[{"embeddable":true,"href":"https:\/\/www.ladislavjakl.cz\/index.php?rest_route=%2Fwp%2Fv2%2Fcomments&post=3865"}],"version-history":[{"count":2,"href":"https:\/\/www.ladislavjakl.cz\/index.php?rest_route=\/wp\/v2\/posts\/3865\/revisions"}],"predecessor-version":[{"id":3868,"href":"https:\/\/www.ladislavjakl.cz\/index.php?rest_route=\/wp\/v2\/posts\/3865\/revisions\/3868"}],"wp:attachment":[{"href":"https:\/\/www.ladislavjakl.cz\/index.php?rest_route=%2Fwp%2Fv2%2Fmedia&parent=3865"}],"wp:term":[{"taxonomy":"category","embeddable":true,"href":"https:\/\/www.ladislavjakl.cz\/index.php?rest_route=%2Fwp%2Fv2%2Fcategories&post=3865"},{"taxonomy":"post_tag","embeddable":true,"href":"https:\/\/www.ladislavjakl.cz\/index.php?rest_route=%2Fwp%2Fv2%2Ftags&post=3865"}],"curies":[{"name":"wp","href":"https:\/\/api.w.org\/{rel}","templated":true}]}}