{"id":3872,"date":"2013-05-20T14:17:10","date_gmt":"2013-05-20T12:17:10","guid":{"rendered":"http:\/\/www.ladislavjakl.cz\/?p=3872"},"modified":"2013-05-20T14:17:10","modified_gmt":"2013-05-20T12:17:10","slug":"neni-autorem-amnestie-tvrdi-jakl-o-pravniku-hasenkopfovi","status":"publish","type":"post","link":"https:\/\/www.ladislavjakl.cz\/?p=3872","title":{"rendered":"Nen\u00ed autorem amnestie, tvrd\u00ed Jakl o pr\u00e1vn\u00edku Hasenkopfovi"},"content":{"rendered":"<p>B\u00fdval\u00fd tajemn\u00edk V\u00e1clava Klause Ladislav Jakl se v Partii na FTV Prima zastal pr\u00e1vn\u00edka Pavla Hasenkopfa ve sporu o autorstv\u00ed amnestie. Jejich pomysln\u00fdm spole\u010dn\u00fdm nep\u0159\u00edtelem se stal sou\u010dasn\u00fd hradn\u00ed kancl\u00e9\u0159 Vratislav Myn\u00e1\u0159. Pr\u00e1v\u011b on ozna\u010dil Hasenkopfa za jednoho z autor\u016f prezidentsk\u00e9ho pardonu. Jakl i Hasenkopf \u0159\u00edkaj\u00ed, \u017ee netu\u0161\u00ed, pro\u010d.<br \/>\n<!--more--><br \/>\n\u201eMus\u00edm se zastat pana Hasenkopfa. Nerozum\u00edm tomu, pro\u010d ho pan kancl\u00e9\u0159 Myn\u00e1\u0159 ozna\u010dil za n\u011bjak\u00e9ho autora nebo spoluautora amnestie,\u201c rozho\u0159\u010dil se Jakl. \u201ePan Hasenkopf \u017e\u00e1dn\u00fdm autorem nen\u00ed, \u017e\u00e1dn\u00fdm spoluautorem nen\u00ed, dokonce ani nev\u011bd\u011bl, jak ta amnestie vznikala,\u201c podotkl.<\/p>\n<p>Myn\u00e1\u0159 podle Jakla ozna\u010dil Hasenkopfa za jednoho ze spoluautor\u016f prezidentsk\u00e9ho pardonu z\u0159ejm\u011b proto, \u017ee \u201echt\u011bl m\u00edt spln\u011bno\u201c. Prezidentsk\u00fd kancl\u00e9\u0159 toti\u017e po n\u00e1stupu do funkce sl\u00edbil, \u017ee se bude autorstv\u00edm amnestie zab\u00fdvat.<\/p>\n<p>Stejn\u00fd n\u00e1zor m\u00e1 Hasenkopf. &#8222;Beru, \u017ee m\u011bl za \u00fakol uk\u00e1zat na n\u011bkoho, kdo je otcem amnestie, beru, \u017ee cht\u011bl ten \u00fakol splnit,&#8220; uvedl s t\u00edm, \u017ee ale nech\u00e1pe, pro\u010d Myn\u00e1\u0159 vyslovil jeho jm\u00e9no.<\/p>\n<p>D\u016fle\u017eit\u00e9 je, kdo rozhodl o \u010d\u00edslech<br \/>\nJakl up\u0159esnil, \u017ee s\u00e1m se zab\u00fdval t\u00e9matem amnestie dlouhou dobu, a to i ze sv\u00e9ho vlastn\u00edho z\u00e1jmu. Teprve kdy\u017e loni p\u0159i\u0161el V\u00e1clav Klaus s t\u00edm, \u017ee je pro vyhl\u00e1\u0161en\u00ed amnestie, za\u010dali se pravideln\u011b sch\u00e1zet a debatovat o parametrech pardonu.<\/p>\n<p>Sch\u016fzky prob\u00edhaly v Klausov\u011b pracovn\u011b. Odm\u00edtl, \u017ee by se prezident dostal a\u017e k hotov\u00e9mu textu amnestie. \u201eV\u0161echna d\u00edl\u010d\u00ed rozhodnut\u00ed p\u0159ij\u00edmal pan prezident. Nen\u00ed jen de iure autorem, ale i de facto,\u201c podotkl.<\/p>\n<p>Dodal, \u017ee za autora amnestie nelze pova\u017eovat toho, kdo sestavil jej\u00ed pr\u00e1vn\u00ed text, ov\u0161em bez konkr\u00e9tn\u00edch dat. \u201eAutorem amnestie je ten, kdo rozhodl o t\u011bch \u010d\u00edslech, zbytek je prost\u011b anketa,\u201c \u0159ekl.<\/p>\n<p><a href=\"http:\/\/www.novinky.cz\/domaci\/301645-neni-autorem-amnestie-tvrdi-jakl-o-pravniku-hasenkopfovi.html\" target=\"_blank\">Zdroj<\/a><\/p>\n","protected":false},"excerpt":{"rendered":"<p>B\u00fdval\u00fd tajemn\u00edk V\u00e1clava Klause Ladislav Jakl se v Partii na FTV Prima zastal pr\u00e1vn\u00edka Pavla Hasenkopfa ve sporu o autorstv\u00ed amnestie. Jejich pomysln\u00fdm spole\u010dn\u00fdm nep\u0159\u00edtelem se stal sou\u010dasn\u00fd hradn\u00ed kancl\u00e9\u0159 Vratislav Myn\u00e1\u0159. Pr\u00e1v\u011b on ozna\u010dil Hasenkopfa za jednoho z autor\u016f prezidentsk\u00e9ho pardonu. Jakl i Hasenkopf \u0159\u00edkaj\u00ed, \u017ee netu\u0161\u00ed, pro\u010d.<\/p>\n","protected":false},"author":1,"featured_media":0,"comment_status":"open","ping_status":"open","sticky":false,"template":"","format":"standard","meta":{"ngg_post_thumbnail":0,"footnotes":""},"categories":[11],"tags":[],"class_list":["post-3872","post","type-post","status-publish","format-standard","hentry","category-ozvena"],"_links":{"self":[{"href":"https:\/\/www.ladislavjakl.cz\/index.php?rest_route=\/wp\/v2\/posts\/3872","targetHints":{"allow":["GET"]}}],"collection":[{"href":"https:\/\/www.ladislavjakl.cz\/index.php?rest_route=\/wp\/v2\/posts"}],"about":[{"href":"https:\/\/www.ladislavjakl.cz\/index.php?rest_route=\/wp\/v2\/types\/post"}],"author":[{"embeddable":true,"href":"https:\/\/www.ladislavjakl.cz\/index.php?rest_route=\/wp\/v2\/users\/1"}],"replies":[{"embeddable":true,"href":"https:\/\/www.ladislavjakl.cz\/index.php?rest_route=%2Fwp%2Fv2%2Fcomments&post=3872"}],"version-history":[{"count":1,"href":"https:\/\/www.ladislavjakl.cz\/index.php?rest_route=\/wp\/v2\/posts\/3872\/revisions"}],"predecessor-version":[{"id":3873,"href":"https:\/\/www.ladislavjakl.cz\/index.php?rest_route=\/wp\/v2\/posts\/3872\/revisions\/3873"}],"wp:attachment":[{"href":"https:\/\/www.ladislavjakl.cz\/index.php?rest_route=%2Fwp%2Fv2%2Fmedia&parent=3872"}],"wp:term":[{"taxonomy":"category","embeddable":true,"href":"https:\/\/www.ladislavjakl.cz\/index.php?rest_route=%2Fwp%2Fv2%2Fcategories&post=3872"},{"taxonomy":"post_tag","embeddable":true,"href":"https:\/\/www.ladislavjakl.cz\/index.php?rest_route=%2Fwp%2Fv2%2Ftags&post=3872"}],"curies":[{"name":"wp","href":"https:\/\/api.w.org\/{rel}","templated":true}]}}