{"id":3880,"date":"2013-05-22T10:24:55","date_gmt":"2013-05-22T08:24:55","guid":{"rendered":"http:\/\/www.ladislavjakl.cz\/?p=3880"},"modified":"2013-05-22T10:24:55","modified_gmt":"2013-05-22T08:24:55","slug":"prasacka-pozice-ceske-zurnalistiky","status":"publish","type":"post","link":"https:\/\/www.ladislavjakl.cz\/?p=3880","title":{"rendered":"Pras\u00e1ck\u00e1 pozice \u010desk\u00e9 \u017eurnalistiky"},"content":{"rendered":"<p>Takhle p\u00ed\u0161e typick\u00fd pras\u00e1ck\u00fd novin\u00e1\u0159. V\u00a0tomto p\u0159\u00edpad\u011b jde o v\u011bty Jakuba Kalensk\u00e9ho z\u00a0\u010cesk\u00e9 pozice.\u00a0<em>\u201eB\u00fdval\u00fd tajemn\u00edk V\u00e1clava Klause Ladislav Jakl si u\u017e ani nepamatuje, co kde o amnestii napov\u00eddal, proto\u017ee si zjevn\u011b vym\u00fd\u0161l\u00ed na po\u010dk\u00e1n\u00ed.\u201c<\/em><\/p>\n<p><em><!--more--><\/em><\/p>\n<p>To je velmi kategorick\u00e9 vyhl\u00e1\u0161en\u00ed. Leckdo by \u010dekal, \u017ee n\u00e1sledovat budou p\u0159esn\u00e9 citace a v\u00a0nich vyzna\u010den\u00e9 rozpory. Nic takov\u00e9ho ov\u0161em pras\u00e1ck\u00fd p\u0159\u00edstup nevy\u017eaduje. Jen plivnut\u00ed bez d\u016fkazu. J\u00e1 si sv\u00e1 vyj\u00e1d\u0159en\u00ed pamatuji velmi dob\u0159e, proto\u017ee od prvn\u00edho dne \u0159\u00edk\u00e1m po\u0159\u00e1d tot\u00e9\u017e. Proto nem\u00e1m pot\u0159ebu si cokoli vym\u00fd\u0161let.<\/p>\n<p>Pras\u00e1ck\u00fd novin\u00e1\u0159 p\u00ed\u0161e d\u00e1le, \u017ee jsem <em>\u201etvrdil, \u017ee u tvorby amnestie nem\u00e1 co d\u011blat \u017e\u00e1dn\u00fd pr\u00e1vn\u00edk, aby posl\u00e9ze ozn\u00e1mil, \u017ee jich oslovil celou \u0159adu.\u201c<\/em><\/p>\n<p>Pot\u00ed\u017e je v\u00a0tom, \u017ee jsem nikdy nic takov\u00e9ho netvrdil. Naopak od prvn\u00edho dne \u0159\u00edk\u00e1m, \u017ee jsem sv\u00e9 n\u00e1zory na v\u011bc konzultoval s\u00a0\u0159adou pr\u00e1vn\u00edk\u016f. Ale \u017ee \u017e\u00e1dn\u00fd z\u00a0nich nemus\u00ed a podle mne ani nem\u00e1 b\u00fdt u rozhodov\u00e1n\u00ed o parametrech amnestie. Pras\u00e1ck\u00fd novin\u00e1\u0159 je i novin\u00e1\u0159em hloup\u00fdm, tak\u017ee asi netu\u0161\u00ed, co to slovo parametr znamen\u00e1. Pro n\u011bj m\u00e1m vysv\u011btlen\u00ed, \u017ee to je vlastn\u00ed obsah amnestie, tedy to, na koho bude amnestie dopadat. A to je rozhodov\u00e1n\u00ed ob\u010dansk\u00e9, politick\u00e9, osobn\u00ed. To nem\u00e1 ur\u010dovat \u017e\u00e1dn\u00fd soudce, advok\u00e1t \u010di akademik.<\/p>\n<p>Pras\u00e1ck\u00fd novin\u00e1\u0159 d\u00e1le o mn\u011b p\u00ed\u0161e: <em>\u201eByl to on, kdo si u hradn\u00edho pr\u00e1vn\u00edka Pavla Hasenkopfa objednal seps\u00e1n\u00ed pracovn\u00ed verze amnestie a po\u017eadoval od n\u011bj p\u0159ipom\u00ednky k textu Zde\u0148ka Koudelky, aby posl\u00e9ze pravil, \u017ee Hasenkopf o vzniku amnestie nic nev\u00ed.\u201c<\/em><\/p>\n<p>\u017d\u00e1dnou \u201epracovn\u00ed\u201c verzi jsem po nikom nikdy necht\u011bl. Za posledn\u00edch \u0161est let jsem po\u017e\u00e1dal z\u00a0vlastn\u00ed iniciativy \u0159adu pr\u00e1vn\u00edk\u016f, aby mi pro mou pot\u0159ebu na t\u00e9ma amnestie dali sv\u00e9 podn\u011bty. Byl mezi nimi i Hasenkopf. U samotn\u00e9ho rozhodov\u00e1n\u00ed o amnestii v\u0161ak nikdy nebyl, nebyl \u00fa\u010dasten \u017e\u00e1dn\u00e9 porady, kde amnestie vznikala, nem\u011bl \u017e\u00e1dn\u00e9 pov\u011bdom\u00ed, co se kolem amnestie d\u011blo. Jen pras\u00e1ck\u00fd novin\u00e1\u0159 v\u00a0tom vid\u00ed rozpor.<\/p>\n<p><em>\u201eByl to on, kdo \u0159\u00edkal nesmysly o tom, jak\u00fdch trestn\u00fdch \u010din\u016f se dotkne aboli\u010dn\u00ed \u010dl\u00e1nek amnestie, proto\u017ee nev\u011bd\u011bl, jak\u00fd zlo\u010din m\u00e1 sazbu 10 let a jak\u00fd let 12,\u201c<\/em> p\u00ed\u0161e d\u00e1le pras\u00e1ck\u00fd novin\u00e1\u0159. Bez citace, pochopiteln\u011b.<\/p>\n<p>A op\u011bt pras\u00e1ck\u00fd novin\u00e1\u0159: <em>\u201eByl to on, kdo opakoval bludy o z\u00e1vazn\u00e9 evropsk\u00e9 judikatu\u0159e, kter\u00e1 m\u011bla vliv na aboli\u010dn\u00ed \u010dl\u00e1nek amnestie.\u201c<\/em><\/p>\n<p>A zase \u017e\u00e1dn\u00fd d\u016fkaz \u201ebludu\u201c. Hovo\u0159\u00ed judikatura Evropsk\u00e9ho soudu pro lidsk\u00e1 pr\u00e1va o neslu\u010ditelnosti vlekouc\u00edch se \u0159\u00edzen\u00ed s\u00a0pr\u00e1vem na spravedliv\u00fd rozsudek? Hovo\u0159\u00ed, a opakovan\u011b. Lze z toho soudit, \u017ee u dlouho se vlekouc\u00edch \u0159\u00edzen\u00ed lze m\u00edt pochyby o spravedliv\u00e9m rozhodnut\u00ed? Lze. Tak jak\u00e9 bludy?<\/p>\n<p>Perlu si nechal pras\u00e1ck\u00fd novin\u00e1\u0159 na konec: <em>\u201eA v ned\u011bli 12. kv\u011btna na Prim\u011b odhalil Jakl dal\u0161\u00ed zaj\u00edmavosti. Nap\u0159\u00edklad jak se t\u0159i nejbli\u017e\u0161\u00ed prezidentovi spolupracovn\u00edci dennodenn\u011b bavili s Klausem \u201eo tom nejmen\u0161\u00edm detailu amnestie\u201c. Letm\u00fd pohled do e-mailov\u00e9 konverzace Jakla s Hasenkopfem, kter\u00fd n\u011bkdej\u0161\u00ed hradn\u00ed pr\u00e1vn\u00edk poskytl port\u00e1lu iHNED\u00a0ukazuje, jak tato usilovn\u00e1 pr\u00e1ce nad nejjemn\u011bj\u0161\u00edmi finesami Klausova novoro\u010dn\u00edho po\u010dinu osvobozuj\u00edc\u00edho tunel\u00e1\u0159e vypadala:<\/em><\/p>\n<p><em>HASENKOPF: Bude se prom\u00edjet jen odn\u011bt\u00ed svobody, nebo i jin\u00e9 tresty?<\/em><\/p>\n<p><em>JAKL: O tom jsme neuva\u017eovali.<\/em><\/p>\n<p><em>HASENKOPF: Bude se odpou\u0161t\u011bt z\u00e1kaz \u010dinnosti?<\/em><\/p>\n<p><em>JAKL: O tom jsme taky neuva\u017eovali.<\/em><\/p>\n<p><em>HASENKOPF: M\u011bli bychom vylou\u010dit tresty odn\u011bt\u00ed svobody ulo\u017een\u00e9 a\u017e jako n\u00e1hradn\u00ed?<\/em><\/p>\n<p><em>JAKL: Mo\u017en\u00e1, to jsme nezva\u017eovali.<\/em><\/p>\n<p><em>Jak se m\u016f\u017ee ka\u017ed\u00fd \u010dten\u00e1\u0159 e-mailov\u00e9 komunikace mezi \u010dleny Kancel\u00e1\u0159e prezidenta republiky p\u0159esv\u011bd\u010dit, Ladislav Jakl ch\u00e1pe v\u00fdraz \u201enejmen\u0161\u00ed detail\u201c velice velkoryse.\u201c<\/em><\/p>\n<p>Jednak by m\u011bl pras\u00e1ck\u00fd novin\u00e1\u0159 napsat, kter\u00fd tunel\u00e1\u0159 byl amnesti\u00ed osvobozen. Hlavn\u011b ale nech\u00e1pu, jak m\u016f\u017ee m\u00e1 osobn\u00ed komunikace s\u00a0panem Hasenkopfem jakkoli pop\u00edrat fakt, \u017ee o ka\u017ed\u00e9m, i nejmen\u0161\u00edm detailu amnestie rozhodoval prezident. A d\u00e1le: nerozum\u00ed ten \u010dlov\u011bk, \u017ee kdy\u017e prezident neuva\u017euje o odpu\u0161t\u011bn\u00ed jin\u00fdch trest\u016f, pak asi odpu\u0161t\u011bny nebudou?<\/p>\n<p>Ale co byste cht\u011bli od pras\u00e1ck\u00e9ho novin\u00e1\u0159e z\u00a0\u010cesk\u00e9 pozice, kter\u00fd takto l\u017ee u\u017e pon\u011bkolik\u00e1t\u00e9. Z\u00a0periodika, kter\u00e9 t\u0159eba \u010dty\u0159i m\u011bs\u00edce p\u00ed\u0161e o \u0159\u00edzen\u00ed, je\u017e se mnou vedl \u00da\u0159ad pro ochranu osobn\u00edch \u00fadaj\u016f na z\u00e1klad\u011b ud\u00e1n\u00ed dobr\u00e9ho zn\u00e1m\u00e9ho jin\u00e9ho novin\u00e1\u0159e z\u00a0tohoto serveru, a l\u017eiv\u011b m\u011b oso\u010duje, \u017ee pr\u00fd se p\u0159ed \u0159\u00edzen\u00edm schov\u00e1n\u00edm a nep\u0159eb\u00edr\u00e1m obs\u00edlky, zat\u00edmco o tom, \u017ee \u0159\u00edzen\u00ed bylo jako bezp\u0159edm\u011btn\u00e9 zastaveno a \u017ee na jedinou obs\u00edlku, kterou jsem dostal, jsem se \u0159\u00e1dn\u011b dostavil, u\u017e nenap\u00ed\u0161i nic, \u017ee.<\/p>\n","protected":false},"excerpt":{"rendered":"<p>Takhle p\u00ed\u0161e typick\u00fd pras\u00e1ck\u00fd novin\u00e1\u0159. V\u00a0tomto p\u0159\u00edpad\u011b jde o v\u011bty Jakuba Kalensk\u00e9ho z\u00a0\u010cesk\u00e9 pozice.\u00a0\u201eB\u00fdval\u00fd tajemn\u00edk V\u00e1clava Klause Ladislav Jakl si u\u017e ani nepamatuje, co kde o amnestii napov\u00eddal, proto\u017ee si zjevn\u011b vym\u00fd\u0161l\u00ed na po\u010dk\u00e1n\u00ed.\u201c<\/p>\n","protected":false},"author":1,"featured_media":0,"comment_status":"open","ping_status":"open","sticky":false,"template":"","format":"standard","meta":{"ngg_post_thumbnail":0,"footnotes":""},"categories":[6],"tags":[],"class_list":["post-3880","post","type-post","status-publish","format-standard","hentry","category-co-jsem-nerekl"],"_links":{"self":[{"href":"https:\/\/www.ladislavjakl.cz\/index.php?rest_route=\/wp\/v2\/posts\/3880","targetHints":{"allow":["GET"]}}],"collection":[{"href":"https:\/\/www.ladislavjakl.cz\/index.php?rest_route=\/wp\/v2\/posts"}],"about":[{"href":"https:\/\/www.ladislavjakl.cz\/index.php?rest_route=\/wp\/v2\/types\/post"}],"author":[{"embeddable":true,"href":"https:\/\/www.ladislavjakl.cz\/index.php?rest_route=\/wp\/v2\/users\/1"}],"replies":[{"embeddable":true,"href":"https:\/\/www.ladislavjakl.cz\/index.php?rest_route=%2Fwp%2Fv2%2Fcomments&post=3880"}],"version-history":[{"count":2,"href":"https:\/\/www.ladislavjakl.cz\/index.php?rest_route=\/wp\/v2\/posts\/3880\/revisions"}],"predecessor-version":[{"id":3882,"href":"https:\/\/www.ladislavjakl.cz\/index.php?rest_route=\/wp\/v2\/posts\/3880\/revisions\/3882"}],"wp:attachment":[{"href":"https:\/\/www.ladislavjakl.cz\/index.php?rest_route=%2Fwp%2Fv2%2Fmedia&parent=3880"}],"wp:term":[{"taxonomy":"category","embeddable":true,"href":"https:\/\/www.ladislavjakl.cz\/index.php?rest_route=%2Fwp%2Fv2%2Fcategories&post=3880"},{"taxonomy":"post_tag","embeddable":true,"href":"https:\/\/www.ladislavjakl.cz\/index.php?rest_route=%2Fwp%2Fv2%2Ftags&post=3880"}],"curies":[{"name":"wp","href":"https:\/\/api.w.org\/{rel}","templated":true}]}}