{"id":3883,"date":"2013-05-22T10:29:36","date_gmt":"2013-05-22T08:29:36","guid":{"rendered":"http:\/\/www.ladislavjakl.cz\/?p=3883"},"modified":"2013-05-22T10:29:36","modified_gmt":"2013-05-22T08:29:36","slug":"jaroslav-bachora-muz-vyhranenych-postoju-tragicky-zemrel","status":"publish","type":"post","link":"https:\/\/www.ladislavjakl.cz\/?p=3883","title":{"rendered":"Jaroslav Bachora,  mu\u017e vyhran\u011bn\u00fdch postoj\u016f, tragicky zem\u0159el"},"content":{"rendered":"<p>Jaroslav Bachora, dlouholet\u00fd spolupracovn\u00edk V\u00e1clava Klause, \u010dlov\u011bk velmi ukotven\u00fdch pravicov\u00fdch z\u00e1sad, tragicky zem\u0159el ve v\u011bku 61 let.<\/p>\n<p><!--more--><\/p>\n<p>Od 70. let pracoval v d\u011blnick\u00fdch profes\u00edch. Po roce 1989 p\u016fsobil jako \u017eivnostn\u00edk v oboru distribuce tisku a v letech 1994-97 byl vedouc\u00edm obchodn\u00edho odd\u011blen\u00ed vydavatelstv\u00ed Integra. V\u00a0posledn\u00edch letech podnikal jako vydavatel a \u0161\u00e9fredaktor lok\u00e1ln\u00edho periodika na Praze 6.<\/p>\n<p>S\u00a0V\u00e1clavem Klausem za\u010dal spolupracovat v\u00a0roce 1997, kdy byl zam\u011bstn\u00e1n v tiskov\u00e9m odd\u011blen\u00ed kancel\u00e1\u0159e p\u0159edsedy vl\u00e1dy \u010cR. Od roku 1998\u00a0byl tajemn\u00edkem Nada\u010dn\u00edho fondu V\u00e1clava Klause a dlouh\u00e1 l\u00e9ta i spolupracovn\u00edkem Centra pro ekonomiku a politiku. V\u00a0letech 1998 a\u017e 2008 byl \u010dlenem ODS, v\u00a0roce 2009 spoluzakl\u00e1dal ve funkci m\u00edstop\u0159edsedy Stranu Svobodn\u00fdch ob\u010dan\u016f.<\/p>\n<p>Byl v\u017edy sv\u011bdomit\u00fdm kolegou a p\u0159edev\u0161\u00edm aktivn\u011b ve\u0159ejn\u011b p\u016fsob\u00edc\u00edm ob\u010danem, citliv\u00fdm na v\u0161echny projevy socialismu. Bl\u00edzk\u00fd mu byl model \u0161v\u00fdcarsk\u00e9ho politick\u00e9ho syst\u00e9mu. Nebylo mu lhostejn\u011b, kudy se na\u0161e republika ub\u00edr\u00e1, a pom\u00e1hal prosazovat my\u0161lenky, kter\u00fdm v\u011b\u0159il. Jak v\u00a0ODS, tak u Svobodn\u00fdch, jak v\u00a0CEPu, tak v\u00a0dal\u0161\u00edch sv\u00fdch ob\u010dansk\u00fdch aktivit\u00e1ch byl p\u0159\u00edkladem \u010dlov\u011bka vyhran\u011bn\u00fdch pravicov\u00fdch n\u00e1zor\u016f, ze kter\u00fdch nikdy neslevoval.<\/p>\n<p>T\u011bm, kdo m\u011bli mo\u017enost jej bl\u00ed\u017ee poznat, bude velmi chyb\u011bt. Mezi nimi i V\u00e1clavu Klausovi, kter\u00fd poslal vdov\u011b po panu Bachorovi tento soustrastn\u00fd dopis.<\/p>\n<p><em>V\u00a0Praze dne 20. kv\u011btna 2013<\/em><\/p>\n<p><em>V\u00e1\u017een\u00e1 pan\u00ed Bachorov\u00e1,<\/em><\/p>\n<p><em> hluboce mne zas\u00e1hla zpr\u00e1va o tragick\u00e9m \u00famrt\u00ed Va\u0161eho man\u017eela pana Jaroslava Bachory.\u00a0 Znal jsem jej mnoho let jako spolehliv\u00e9ho a ob\u011btav\u00e9ho \u010dlov\u011bka pevn\u00fdch n\u00e1zor\u016f, aktivn\u00edho a anga\u017eovan\u00e9ho ob\u010dana, jeho\u017e jsem si v\u00e1\u017eil a r\u00e1d s\u00a0n\u00edm spolupracoval.<\/em><\/p>\n<p><em> Dovolte mi, abych V\u00e1m a cel\u00e9 Va\u0161\u00ed rodin\u011b v\u00a0t\u00e9to pro V\u00e1s tak t\u011b\u017ek\u00e9 chv\u00edli vyj\u00e1d\u0159il svou hlubokou \u00fa\u010dast a soustrast.<\/em><\/p>\n<p><em>S\u00a0\u00factou<\/em><\/p>\n<p><em>V\u00e1clav Klaus<\/em><\/p>\n<p>I my budeme na Jaroslava Bachoru vzpom\u00ednat jen v\u00a0tom nejlep\u0161\u00edm.<\/p>\n<p>Za IVK<\/p>\n<p>Ladislav Jakl<\/p>\n","protected":false},"excerpt":{"rendered":"<p>Jaroslav Bachora, dlouholet\u00fd spolupracovn\u00edk V\u00e1clava Klause, \u010dlov\u011bk velmi ukotven\u00fdch pravicov\u00fdch z\u00e1sad, tragicky zem\u0159el ve v\u011bku 61 let.<\/p>\n","protected":false},"author":1,"featured_media":0,"comment_status":"open","ping_status":"open","sticky":false,"template":"","format":"standard","meta":{"ngg_post_thumbnail":0,"footnotes":""},"categories":[1],"tags":[],"class_list":["post-3883","post","type-post","status-publish","format-standard","hentry","category-publikovane-clanky"],"_links":{"self":[{"href":"https:\/\/www.ladislavjakl.cz\/index.php?rest_route=\/wp\/v2\/posts\/3883","targetHints":{"allow":["GET"]}}],"collection":[{"href":"https:\/\/www.ladislavjakl.cz\/index.php?rest_route=\/wp\/v2\/posts"}],"about":[{"href":"https:\/\/www.ladislavjakl.cz\/index.php?rest_route=\/wp\/v2\/types\/post"}],"author":[{"embeddable":true,"href":"https:\/\/www.ladislavjakl.cz\/index.php?rest_route=\/wp\/v2\/users\/1"}],"replies":[{"embeddable":true,"href":"https:\/\/www.ladislavjakl.cz\/index.php?rest_route=%2Fwp%2Fv2%2Fcomments&post=3883"}],"version-history":[{"count":1,"href":"https:\/\/www.ladislavjakl.cz\/index.php?rest_route=\/wp\/v2\/posts\/3883\/revisions"}],"predecessor-version":[{"id":3884,"href":"https:\/\/www.ladislavjakl.cz\/index.php?rest_route=\/wp\/v2\/posts\/3883\/revisions\/3884"}],"wp:attachment":[{"href":"https:\/\/www.ladislavjakl.cz\/index.php?rest_route=%2Fwp%2Fv2%2Fmedia&parent=3883"}],"wp:term":[{"taxonomy":"category","embeddable":true,"href":"https:\/\/www.ladislavjakl.cz\/index.php?rest_route=%2Fwp%2Fv2%2Fcategories&post=3883"},{"taxonomy":"post_tag","embeddable":true,"href":"https:\/\/www.ladislavjakl.cz\/index.php?rest_route=%2Fwp%2Fv2%2Ftags&post=3883"}],"curies":[{"name":"wp","href":"https:\/\/api.w.org\/{rel}","templated":true}]}}