{"id":3897,"date":"2013-05-27T15:47:37","date_gmt":"2013-05-27T13:47:37","guid":{"rendered":"http:\/\/www.ladislavjakl.cz\/?p=3897"},"modified":"2013-05-27T15:47:37","modified_gmt":"2013-05-27T13:47:37","slug":"mate-co-jste-chteli-primo-voleneho-prezidenta-tak-proc-nejasate","status":"publish","type":"post","link":"https:\/\/www.ladislavjakl.cz\/?p=3897","title":{"rendered":"M\u00e1te, co jste cht\u011bli, p\u0159\u00edmo volen\u00e9ho prezidenta. Tak pro\u010d nej\u00e1s\u00e1te?"},"content":{"rendered":"<p>U\u017e skoro t\u0159i m\u011bs\u00edce m\u00e1me sv\u00e9ho prvn\u00edho p\u0159\u00edmo volen\u00e9ho prezidenta. Prosazovatel\u00e9 p\u0159\u00edm\u00e9 volby by m\u011bli b\u00fdt nad\u0161eni. Takov\u00fdch let \u010dek\u00e1n\u00ed a nyn\u00ed kone\u010dn\u011b za\u017e\u00edvaj\u00ed spln\u011bn\u00fd sen.<\/p>\n<p><!--more--><\/p>\n<p>Jen\u017ee oni nad\u0161eni nejsou. Ve\u0159ejnou diskus\u00ed cloum\u00e1 t\u00e9ma prezidentsk\u00fdch pravomoc\u00ed. \u017de pr\u00fd je prezident nadu\u017e\u00edv\u00e1. \u017de pr\u00fd by m\u011bly b\u00fdt okle\u0161t\u011bny. \u0158\u00edkaj\u00ed to hlavn\u011b ti, kter\u00fdm \u0161irok\u00fd rozsah prezidentsk\u00fdch pravomoc\u00ed nijak nevadil, dokud na Hrad\u011b \u00fa\u0159adoval prezident Havel. Ale \u0159\u00edkaj\u00ed to hlavn\u011b ti, kdo se l\u00e9ta za p\u0159\u00edmou volbu prezidenta bili.<\/p>\n<p>Nesly\u0161eli varov\u00e1n\u00ed, \u017ee p\u0159\u00edm\u00e1 volba nen\u00ed \u017e\u00e1dn\u00fdm v\u0161el\u00e9kem, kter\u00fd nalije novou s\u00edlu na\u0161\u00ed demokracii. Nesly\u0161eli varov\u00e1n\u00ed, \u017ee prezidentsk\u00e1 volebn\u00ed kampa\u0148 rozhodn\u011b nebude m\u00e9n\u011b kontroverzn\u00ed, ne\u017e volba nep\u0159\u00edm\u00e1. A hlavn\u011b nesly\u0161eli varov\u00e1n\u00ed, \u017ee p\u0159\u00edmo volen\u00fd prezident \u2013 a\u0165 u\u017e j\u00edm bude kdokoli \u2013 bude c\u00edtit s\u00edlu sv\u00e9ho mand\u00e1tu a bude m\u00edt daleko m\u00e9n\u011b ochoty ke vst\u0159\u00edcnosti v\u016f\u010di ostatn\u00edm \u00fastavn\u00edm instituc\u00edm.<\/p>\n<p>Nejm\u00e9n\u011b deset let jsem dokola psal o tom, \u017ee stoupenci p\u0159\u00edm\u00e9 volby \u010din\u00ed flagrantn\u00ed logickou chybu. Srovn\u00e1vaj\u00ed ohmatanou, o\u010dichanou a ochutnanou realitu nep\u0159\u00edm\u00e9 volby s ide\u00e1lem, se svou vysn\u011bnou podobou volby p\u0159\u00edm\u00e9. Srovn\u00e1vat se ale m\u00e1 ide\u00e1l s ide\u00e1lem a realita s realitou, ne realita s ide\u00e1lem.<\/p>\n<p>Nyn\u00ed si o\u010dichali a ochutnali volbu p\u0159\u00edmou a jejich vysn\u011bn\u00e1 p\u0159edstava se jim hrout\u00ed. Ty, kte\u0159\u00ed dlouho p\u0159ed p\u0159\u00edmou volbou varovali, to nijak nep\u0159ekvapuje. Zato frustrace jej\u00edch v\u010derej\u0161\u00edch stoupenc\u016f je zcela hmatateln\u00e1.<\/p>\n<p>Za 23 let na\u0161\u00ed novodob\u00e9 demokracie jsme za\u017eili jen n\u011bkolik p\u0159\u00edpad\u016f situace, kdy n\u011bkter\u00fd z \u00fastavn\u00edch \u010dinitel\u016f zkou\u0161el j\u00edt a\u017e na samu hranu sv\u00fdch pravomoc\u00ed a zkusil je zkonzumovat bezezbytku. Prezident republiky nic podobn\u00e9ho nep\u0159edvedl. Dosud \u017e\u00e1dn\u00fd prezident.<\/p>\n<p>Ale to se m\u016f\u017ee zm\u011bnit pr\u00e1v\u011b nyn\u00ed, po zaveden\u00ed p\u0159\u00edm\u00e9 volby. Dnes p\u0159et\u0159\u00e1san\u00e9 kroky prezidenta Zemana jsou pouhou selankou proti tomu, co m\u016f\u017ee p\u0159\u00edmo volen\u00fd prezident p\u0159edv\u00e9st ve vyhrocen\u00fdch okam\u017eic\u00edch p\u0159\u00edpadn\u00fdch vl\u00e1dn\u00edch kriz\u00ed \u010di po p\u0159\u00ed\u0161t\u00edch volb\u00e1ch. To budeme vzpom\u00ednat na nadhozenou mo\u017enost odvol\u00e1n\u00ed vl\u00e1dy, prosazov\u00e1n\u00ed velvyslance \u010di (ne)jmenov\u00e1n\u00ed profesora jako na malichern\u00e9 pat\u00e1lie.<\/p>\n<p>N\u011bkdo by mohl nam\u00edtnout, \u017ee p\u0159i ponech\u00e1n\u00ed nep\u0159\u00edm\u00e9 volby by na\u0161\u00edm dne\u0161n\u00edm prezidentem republiky byl zcela jist\u011b n\u00e1stroj podivn\u00fdch sil, u\u010ditel z Detroitu \u0160vejnar. A asi by m\u011bl pravdu. Jen\u017ee o \u00fastavn\u00edch principech nelze p\u0159em\u00fd\u0161let takto \u00fa\u010delov\u011b.<\/p>\n<p>Dnes by si ti nejv\u011bt\u0161\u00ed horlivci p\u0159i prosazov\u00e1n\u00ed p\u0159\u00edm\u00e9 volby m\u011bli p\u0159iznat, \u017ee to byl krok do nezn\u00e1ma, ne-li rovnou krok \u00fapln\u011b vedle. Zd\u00e1 se, \u017ee tato debata je dnes u\u017e nezaj\u00edmav\u00e1. \u017de ten z\u00e1pas u\u017e skon\u010dil. Ale ona z jednoho pohledu zaj\u00edmav\u00e1 je. Na\u0161e zku\u0161enost by snad mohla v\u00e9st k v\u011bt\u0161\u00ed opatrnosti p\u0159ed t\u011bmi, kdo i dnes navrhuj\u00ed nov\u00e9 neuv\u00e1\u017een\u00e9 z\u00e1sahy do politick\u00e9ho a \u00fastavn\u00edho syst\u00e9mu a vyd\u00e1vaj\u00ed je za recept na v\u0161echny na\u0161e sou\u010dasn\u00e9 probl\u00e9my.<\/p>\n<p><a href=\"http:\/\/www.institutvk.cz\/politicky-komentar-9\" target=\"_blank\">Ladislav Jakl, Institut V\u00e1clava Klause, 24. kv\u011btna 2013<\/a><\/p>\n","protected":false},"excerpt":{"rendered":"<p>U\u017e skoro t\u0159i m\u011bs\u00edce m\u00e1me sv\u00e9ho prvn\u00edho p\u0159\u00edmo volen\u00e9ho prezidenta. Prosazovatel\u00e9 p\u0159\u00edm\u00e9 volby by m\u011bli b\u00fdt nad\u0161eni. Takov\u00fdch let \u010dek\u00e1n\u00ed a nyn\u00ed kone\u010dn\u011b za\u017e\u00edvaj\u00ed spln\u011bn\u00fd sen.<\/p>\n","protected":false},"author":1,"featured_media":0,"comment_status":"open","ping_status":"open","sticky":false,"template":"","format":"standard","meta":{"ngg_post_thumbnail":0,"footnotes":""},"categories":[1],"tags":[],"class_list":["post-3897","post","type-post","status-publish","format-standard","hentry","category-publikovane-clanky"],"_links":{"self":[{"href":"https:\/\/www.ladislavjakl.cz\/index.php?rest_route=\/wp\/v2\/posts\/3897","targetHints":{"allow":["GET"]}}],"collection":[{"href":"https:\/\/www.ladislavjakl.cz\/index.php?rest_route=\/wp\/v2\/posts"}],"about":[{"href":"https:\/\/www.ladislavjakl.cz\/index.php?rest_route=\/wp\/v2\/types\/post"}],"author":[{"embeddable":true,"href":"https:\/\/www.ladislavjakl.cz\/index.php?rest_route=\/wp\/v2\/users\/1"}],"replies":[{"embeddable":true,"href":"https:\/\/www.ladislavjakl.cz\/index.php?rest_route=%2Fwp%2Fv2%2Fcomments&post=3897"}],"version-history":[{"count":1,"href":"https:\/\/www.ladislavjakl.cz\/index.php?rest_route=\/wp\/v2\/posts\/3897\/revisions"}],"predecessor-version":[{"id":3898,"href":"https:\/\/www.ladislavjakl.cz\/index.php?rest_route=\/wp\/v2\/posts\/3897\/revisions\/3898"}],"wp:attachment":[{"href":"https:\/\/www.ladislavjakl.cz\/index.php?rest_route=%2Fwp%2Fv2%2Fmedia&parent=3897"}],"wp:term":[{"taxonomy":"category","embeddable":true,"href":"https:\/\/www.ladislavjakl.cz\/index.php?rest_route=%2Fwp%2Fv2%2Fcategories&post=3897"},{"taxonomy":"post_tag","embeddable":true,"href":"https:\/\/www.ladislavjakl.cz\/index.php?rest_route=%2Fwp%2Fv2%2Ftags&post=3897"}],"curies":[{"name":"wp","href":"https:\/\/api.w.org\/{rel}","templated":true}]}}