{"id":390,"date":"2010-06-02T10:37:56","date_gmt":"2010-06-02T09:37:56","guid":{"rendered":"http:\/\/www.ladislavjakl.cz\/?p=390"},"modified":"2010-06-02T10:37:56","modified_gmt":"2010-06-02T09:37:56","slug":"ladislav-jakl-v-poradu-dvacet-minut-radiozurnalu","status":"publish","type":"post","link":"https:\/\/www.ladislavjakl.cz\/?p=390","title":{"rendered":"Ladislav Jakl v po\u0159adu: Dvacet minut Radio\u017eurn\u00e1lu"},"content":{"rendered":"<p><strong>L\u00edd\u0159i stran st\u00e1le jednaj\u00ed o mo\u017en\u00fdch variant\u00e1ch  vl\u00e1dy. Oproti v\u010derej\u0161ku se nic p\u0159\u00edli\u0161 nezm\u011bnilo. Zat\u00edm se zd\u00e1 jako  nejpravd\u011bpodobn\u011bj\u0161\u00ed, \u017ee tady bude vl\u00e1dnout trojkoalice ODS  TOP 09 a  V\u011bci ve\u0159ejn\u00e9. Ve h\u0159e je samoz\u0159ejm\u011b tak\u00e9 varianta vl\u00e1dy ODS a TOP 09,  kterou by V\u011bci ve\u0159ejn\u00e9 pouze tolerovaly. Zat\u00edm ale ne\u0159ekl jasn\u00e9 slovo  prezident V\u00e1clav Klaus. \u010cek\u00e1 se toti\u017e na to, kdo od n\u011bj dostane prvn\u00ed  pokus sestavit vl\u00e1du. Kdy to bude? Zept\u00e1me se. Hostem Dvaceti minut  Radio\u017eurn\u00e1lu je tajemn\u00edk prezidenta republiky Ladislav Jakl, dobr\u00fd den. <\/strong><\/p>\n<p><strong><!--more--><\/strong><em>Ladislav JAKL, tajemn\u00edk prezidenta republiky:<\/em><br \/>\nD\u011bkuji za pozv\u00e1n\u00ed, dobr\u00fd den.<\/p>\n<p><em>Helena \u0160ULCOV\u00c1, moder\u00e1torka:<\/em><br \/>\nV\u00ed se, kdy prezident n\u011bkoho pov\u011b\u0159\u00ed sestaven\u00edm vl\u00e1dy? J\u00e1 to t\u0159eba nev\u00edm.<\/p>\n<p><em>Ladislav JAKL, tajemn\u00edk prezidenta republiky:<\/em><br \/>\nJ\u00e1 bych  hned na za\u010d\u00e1tek mo\u017en\u00e1 ud\u011blal tro\u0161ku po\u0159\u00e1dek v term\u00ednech, l\u00edt\u00e1 kolem n\u00e1s  v\u0161ude v m\u00e9di\u00edch obrat &#8222;pov\u011b\u0159it n\u011bkoho sestaven\u00edm vl\u00e1dy&#8220;, ale pov\u011b\u0159it  sestaven\u00edm vl\u00e1dy lze pouze premi\u00e9ra. Tak\u017ee v\u0161ichni, kdo pou\u017e\u00edvaj\u00ed v\u00fdraz  &#8222;pov\u011b\u0159it n\u011bkoho sestaven\u00edm vl\u00e1dy&#8220;, tak mus\u00ed \u0159\u00edct, koho prezident jmenuje  premi\u00e9rem a kdy\u017e to \u0159eknete takhle natvrdo, tak najednou v\u00fdznam toho  aktu tro\u0161ku stoupne, \u017ee jo, a najednou u\u017e c\u00edt\u00edte, \u017ee nen\u00ed mo\u017en\u00e9 jen tak,  jen tak na zkou\u0161ku, jen tak lehce, jen tak mezi \u0159e\u010d\u00ed n\u011bkoho jmenovat  p\u0159edsedou Vl\u00e1dy \u010cesk\u00e9 republiky, \u017ee to je docela v\u00e1\u017en\u00fd akt se v\u0161emi  d\u016fsledky, kter\u00e9 to, kter\u00e9 to m\u016f\u017ee p\u0159in\u00e9st, tak\u017ee bav\u00edme se tady o dvou  v\u011bcech, bu\u010f m\u016f\u017ee a takov\u00e1 jist\u00e1 nepsan\u00e1, ale ne zrovna n\u011bjak pevn\u011b dan\u00e1  tradice je, \u017ee prezident obvykle nebo n\u011bkdy v takov\u00fdch chv\u00edl\u00edch po\u017e\u00e1d\u00e1  n\u011bkoho z politick\u00fdch p\u0159edstavitel\u016f a dokonce to ani nemus\u00ed b\u00fdt ten  nejv\u011bt\u0161\u00ed politik, proto\u017ee nap\u0159\u00edklad v roce 97 takto po\u017e\u00e1d\u00e1n byl Josef  Lux, kdo si z n\u00e1s pamatuje, po\u017e\u00e1d\u00e1 prezident n\u011bkoho veden\u00edm rozhovor\u016f,  ale to nen\u00ed \u017e\u00e1dn\u00fd form\u00e1ln\u00ed akt, z kter\u00e9ho n\u011bco nutn\u011b plyne, proto\u017ee ty  rozhovory koneckonc\u016f m\u016f\u017ee v\u00e9st ka\u017ed\u00fd z ostatn\u00edch politik\u016f &#8230;<\/p>\n<p><em>Helena  \u0160ULCOV\u00c1, moder\u00e1torka:<\/em><br \/>\nNa to nemusej\u00ed \u010dekat na pana prezidenta,  to si vedou u\u017e te\u010f ostatn\u011b.<\/p>\n<p><em>Ladislav JAKL, tajemn\u00edk  prezidenta republiky:<\/em><br \/>\nNa to, na to, na to, na to nemus\u00ed \u010dekat,  je to, je to ur\u010dit\u00fd neform\u00e1ln\u00ed krok, je to ur\u010dit\u00e9 gesto, tak ka\u017ed\u00fd, kdo  pou\u017e\u00edv\u00e1 tohoto obratu i mezi novin\u00e1\u0159i, by, by m\u011bl \u0159\u00edct: &#8222;Mysl\u00edm toto,  \u010dili jen tak neform\u00e1ln\u00ed gesto, pane XY, vyjedn\u00e1vejte,&#8220; ale on \u0159ekne:  &#8222;No, tak samoz\u0159ejm\u011b vyjedn\u00e1v\u00e1me, to jste n\u00e1m nemusel \u0159\u00edkat, pane  prezidente, ale jsem r\u00e1d, \u017ee jste to \u0159ekl zrovna mn\u011b,&#8220; anebo \u017ee n\u011bkoho  prezident jmenuje premi\u00e9rem a toho pov\u011b\u0159\u00ed sestaven\u00edm nov\u00e9 vl\u00e1dy.<\/p>\n<p><em>Helena  \u0160ULCOV\u00c1, moder\u00e1torka:<\/em><br \/>\nTak zastavme se u toho prvn\u00edho kroku,  co\u017e by bylo asi takov\u00e9 to, jak vy \u0159\u00edk\u00e1te, po\u017e\u00e1dat n\u011bkoho, aby vedl,  zah\u00e1jil rozhovory o vytvo\u0159en\u00ed p\u0159\u00edpadn\u00e9 vl\u00e1dy, to si mysl\u00edte, \u017ee  prezident ud\u011bl\u00e1 a kdy potom?<\/p>\n<p><em>Ladislav JAKL, tajemn\u00edk  prezidenta republiky:<\/em><br \/>\nJ\u00e1 v\u00e1m \u0159eknu te\u010f sv\u016fj osobn\u00ed n\u00e1zor &#8230;<\/p>\n<p><em>Helena \u0160ULCOV\u00c1, moder\u00e1torka:<\/em><br \/>\nNe\u010dek\u00e1m \u017e\u00e1dn\u00fd jin\u00fd.<\/p>\n<p><em>Ladislav  JAKL, tajemn\u00edk prezidenta republiky:<\/em><br \/>\n&#8230; j\u00e1 jsem, j\u00e1 jsem, m\u011b  sem pan prezident nevyslal, abych te\u010f p\u0159es tedy v\u00e1\u0161 &#8230;<\/p>\n<p><em>Helena  \u0160ULCOV\u00c1, moder\u00e1torka:<\/em><br \/>\nMy jsme si v\u00e1s pozvali.<\/p>\n<p><em>Ladislav  JAKL, tajemn\u00edk prezidenta republiky:<\/em><br \/>\n&#8230; ano, ano, abych p\u0159es  v\u00e1\u0161 mikrofon sd\u011bloval n\u011bjak\u00e9 jeho kroky, to opravdu ne, pan prezident  ani nev\u011bd\u011bl, \u017ee sem jdu, j\u00e1 jsem mu poslal esemesku te\u010f tady z auta,  kdy\u017e u\u017e jsem st\u00e1l p\u0159ed domem, aby se nelekl, kdyby si n\u00e1hodou pustil  Radio\u017eurn\u00e1l, kdo to tady mluv\u00ed, ale m\u016fj osobn\u00ed n\u00e1zor je, \u017ee ten, takov\u00fd  ten neform\u00e1ln\u00ed mezikrok nutn\u00fd nen\u00ed, nutn\u00fd nen\u00ed, je to za ur\u010dit\u00fdch  okolnost\u00ed u\u017eite\u010dn\u00e9 gesto, ale nemus\u00ed nutn\u011b p\u0159edch\u00e1zet tomu skute\u010dn\u00e9mu  \u00fastavn\u00edmu kroku.<\/p>\n<p><em>Helena \u0160ULCOV\u00c1, moder\u00e1torka:<\/em><br \/>\nA pan  prezident ani v kruhu sv\u00fdch spolupracovn\u00edk\u016f ne\u0159ekl tedy nic konkr\u00e9tn\u00edho,  jestli takov\u00fd krok ud\u011bl\u00e1, nebo neud\u011bl\u00e1, vy \u0159\u00edk\u00e1te, nen\u00ed to nutn\u00e9,  nemus\u00ed to d\u011blat, on se s\u00e1m s t\u00edm nesv\u011b\u0159il ani v\u00e1m.<\/p>\n<p><em>Ladislav  JAKL, tajemn\u00edk prezidenta republiky:<\/em><br \/>\nTak ne, m\u00e1 za sebou teprve  prvn\u00ed kole\u010dko setk\u00e1n\u00ed s t\u011bmi \u00fasp\u011b\u0161n\u00fdmi l\u00eddry \u00fasp\u011b\u0161n\u00fdch stran, kter\u00e9 se  dostaly do Poslaneck\u00e9 sn\u011bmovny, tak\u017ee ur\u010dit\u011b takov\u00e1 jedn\u00e1n\u00ed budou  pokra\u010dovat d\u00e1l, na \u010dem ale panu prezidentovi ur\u010dit\u011b z\u00e1le\u017e\u00ed, je, aby ta  jedn\u00e1n\u00ed neusnula, aby se najednou nepotopila do n\u011bjak\u00e9ho bahna detail\u016f,  aby skute\u010dn\u011b ti, kte\u0159\u00ed opravdu cht\u011bj\u00ed sestavit vl\u00e1du, aby p\u0159edvedli  n\u011bjak\u00fd tah na branku a n\u011bjakou pevnou v\u016fli se dohodnout a takovou dohodu  p\u0159edlo\u017eit panu prezidentovi.<\/p>\n<p><em>Helena \u0160ULCOV\u00c1, moder\u00e1torka:<\/em><br \/>\nTo znamen\u00e1, pan prezident nepochybn\u011b pozorn\u011b sleduje, jak\u00fdm zp\u016fsobem  prob\u00edhaj\u00ed jedn\u00e1n\u00ed r\u016fzn\u00fdch politik\u016f, \u010dte agentury a tak d\u00e1l, ur\u010dit\u011b si  pozve je\u0161t\u011b n\u011bkdy potom zase l\u00eddry na Hrad &#8230;<\/p>\n<p><em>Ladislav JAKL,  tajemn\u00edk prezidenta republiky:<\/em><br \/>\nD\u00e1 se to p\u0159edpokl\u00e1dat.<\/p>\n<p><em>Helena  \u0160ULCOV\u00c1, moder\u00e1torka:<\/em><br \/>\nTo se d\u00e1, to se d\u00e1 p\u0159edpokl\u00e1dat a potom  na z\u00e1klad\u011b toho, co mu kdo \u0159ekne, kdo mu \u0159ekne: &#8222;Ano, j\u00e1 u\u017e m\u00e1m v\u011bt\u0161inu,  j\u00e1 u\u017e m\u00e1m vl\u00e1du,&#8220; tak on potom takov\u00e9ho \u010dlov\u011bka pov\u011b\u0159\u00ed t\u00edm, aby tu  vl\u00e1du sestavil.<\/p>\n<p><em>Ladislav JAKL, tajemn\u00edk prezidenta republiky:<\/em><br \/>\nJak \u0159\u00edk\u00e1m, bu\u010f bude zvolen ten neform\u00e1ln\u00ed mezikrok, co\u017e ale nutn\u00e9 nen\u00ed,  anebo v p\u0159\u00edpad\u011b, \u017ee dostane do ruky projekt, kter\u00e9mu se d\u00e1 v\u011b\u0159it,  projekt na z\u00edsk\u00e1n\u00ed v\u011bt\u0161iny v Poslaneck\u00e9 sn\u011bmovn\u011b, tak za takov\u00fdch  okolnost\u00ed m\u016f\u017ee nositele toho projektu jmenovat premi\u00e9rem.<\/p>\n<p><em>Helena  \u0160ULCOV\u00c1, moder\u00e1torka:<\/em><br \/>\nTak\u017ee to, co se tady oz\u00fdv\u00e1, a to, co my  \u010dteme v novin\u00e1ch, vys\u00edl\u00e1me a tak d\u00e1l, \u017ee jaksi se tady mluv\u00ed o tom, \u017ee  v\u00edt\u011bz voleb by m\u011bl b\u00fdt n\u011bjak\u00fdm zp\u016fsobem pov\u011b\u0159en t\u00edm, kdo bude sestavovat  tu vl\u00e1du &#8230;<\/p>\n<p><em>Ladislav JAKL, tajemn\u00edk prezidenta republiky:<\/em><br \/>\nTo \u0159\u00edkaj\u00ed \u010dasto lidi, kte\u0159\u00ed pr\u00e1v\u011b nevid\u00ed ten, ten, ten rozd\u00edl &#8230;<\/p>\n<p><em>Helena  \u0160ULCOV\u00c1, moder\u00e1torka:<\/em><br \/>\nNerozezn\u00e1vaj\u00ed ty dva, ty dva, ty dva  term\u00edny, ale &#8230;<\/p>\n<p><em>Ladislav JAKL, tajemn\u00edk prezidenta  republiky:<\/em><br \/>\n&#8230; neform\u00e1ln\u00edho, ano, ano a m\u011bli by si &#8230; a m\u00e1m  pocit, \u017ee to nerozeznali i n\u011bkte\u0159\u00ed politici, to, ten rozd\u00edl mezi t\u011bmito  dv\u011bma, proto\u017ee ono opravdu n\u011bkomu \u0159\u00edct: &#8222;Mil\u00fd pane, pros\u00edm v\u00e1s,  jednejte, mluvte, ve\u010fte tato jedn\u00e1n\u00ed a dejte mi o nich zpr\u00e1vu,&#8220; to je  mo\u017en\u00e9 a nic to prezidenta nestoj\u00ed, ale jmenovat n\u011bkoho premi\u00e9rem, to u\u017e  je v\u00e1\u017en\u00fd z\u00e1vazn\u00fd \u00fastavn\u00ed krok.<\/p>\n<p><em>Helena \u0160ULCOV\u00c1, moder\u00e1torka:<\/em><br \/>\nA ten samoz\u0159ejm\u011b by nastal a\u017e podle toho, kdo &#8230;<\/p>\n<p><em>Ladislav  JAKL, tajemn\u00edk prezidenta republiky:<\/em><br \/>\nA je ot\u00e1zka, jestli ti,  kdo volaj\u00ed po, po tom, aby prezident republiky n\u011bkoho pov\u011b\u0159il sestaven\u00edm  vl\u00e1dy, jestli t\u00edm mysl\u00ed opravdu ten krok, kter\u00fd se naz\u00fdv\u00e1 &#8222;jmenov\u00e1n\u00ed  n\u011bkoho premi\u00e9rem&#8220;.<\/p>\n<p><em>Helena \u0160ULCOV\u00c1, moder\u00e1torka:<\/em><br \/>\nJ\u00e1  p\u0159edpokl\u00e1d\u00e1m, \u017ee politici si p\u0159e\u010detli \u00fastavu, \u017ee ji n\u011bjak\u00fdm zp\u016fsobem  znaj\u00ed a &#8230;<\/p>\n<p><em>Ladislav JAKL, tajemn\u00edk prezidenta republiky:<\/em><br \/>\nNo, nejsem si t\u00edm v\u017edycky jist.<\/p>\n<p><em>Helena \u0160ULCOV\u00c1, moder\u00e1torka:<\/em><br \/>\nNejste si t\u00edm jist\u00fd? J\u00e1 douf\u00e1m, \u017ee tomu tak je, a pokud soci\u00e1ln\u00ed  demokrat\u00e9 \u0159\u00edkaj\u00ed, \u017ee jako v\u00edt\u011bzov\u00e9 voleb by se p\u0159ece jenom r\u00e1di pokusili  sestavit tu vl\u00e1du, tak p\u0159edpokl\u00e1d\u00e1m, \u017ee maj\u00ed na mysli tady tohle.<\/p>\n<p><em>Ladislav  JAKL, tajemn\u00edk prezidenta republiky:<\/em><br \/>\nJ\u00e1 jsem takto jasn\u00e9 slovo  od nich nesly\u0161el.<\/p>\n<p><em>Helena \u0160ULCOV\u00c1, moder\u00e1torka:<\/em><br \/>\nTak\u017ee si mysl\u00edte, \u017ee nutn\u011b to nemus\u00ed doj\u00edt a\u017e tak daleko, \u017ee by Bohuslav  Sobotka se nechal jmenovat premi\u00e9rem, \u017ee zkr\u00e1tka jenom \u010dek\u00e1 na to,  jestli bude po\u017e\u00e1d\u00e1n, aby za\u010dal v\u00e9st n\u011bjak\u00e9 rozhovory, pokud nebudou  \u00fasp\u011b\u0161n\u00e9, tak nastupuje Petr Ne\u010das a potom a\u017e teprve &#8230;<\/p>\n<p><em>Ladislav  JAKL, tajemn\u00edk prezidenta republiky:<\/em><br \/>\nJ\u00e1 opravdu nev\u00edm a  mysl\u00edm, \u017ee i vy, kter\u00e1 ur\u010dit\u011b \u010dtete dob\u0159e noviny, agentury, Internet,  tak taky v tomto smyslu jasn\u00e9 slovo jste asi nesly\u0161ela, j\u00e1 mysl\u00edm, \u017ee  p\u0159edev\u0161\u00edm z\u00e1le\u017e\u00ed na tom, kdo p\u0159inese prezidentu republiky do ruky n\u011bco,  co, na co se prezident bude moci spolehnout, co bude m\u00edt n\u011bjak\u00fd tvar,  dejme tomu, n\u011bjak\u00e9 dohody, n\u011bjak\u00e9ho uspo\u0159\u00e1d\u00e1n\u00ed, z kter\u00e9ho bude mo\u017eno  odvodit vysokou pravd\u011bpodobnost, \u017ee takov\u00fd projekt z\u00edsk\u00e1 v\u011bt\u0161inu v  Poslaneck\u00e9 sn\u011bmovn\u011b.<\/p>\n<p><em>Helena \u0160ULCOV\u00c1, moder\u00e1torka:<\/em><br \/>\nTajemn\u00edk prezidenta Ladislav Jakl je st\u00e1le hostem Dvaceti minut  Radio\u017eurn\u00e1lu. <a href=\"http:\/\/mce_host\/katalog3\/katalog\/object\/%E2%80%9Emailto:dvacetminut@rozhlas.cz%E2%80%9C\">dvacetminut@rozhlas.cz<\/a>,  to je n\u00e1\u0161 mail, m\u016f\u017eete n\u00e1m i nad\u00e1le ps\u00e1t sv\u00e9 ot\u00e1zky pro Ladislava Jakla  a tak\u00e9 spolu komunikujeme prost\u0159ednictv\u00edm Facebooku,  facebook.com\/dvacetminut, i tam se samoz\u0159ejm\u011b m\u016f\u017eete pt\u00e1t. Jak se v\u00e1m  zamlouv\u00e1 ten projekt chystan\u00e9 trojkoalice ODS  TOP 09 a V\u011bc\u00ed ve\u0159ejn\u00fdch,  je to \u017eivotaschopn\u00fd projekt?<\/p>\n<p><em>Ladislav JAKL, tajemn\u00edk  prezidenta republiky:<\/em><br \/>\nTak p\u0159edev\u0161\u00edm, matematicky vzato, tento,  tento &#8230;<\/p>\n<p><em>Helena \u0160ULCOV\u00c1, moder\u00e1torka:<\/em><br \/>\n118, j\u00e1 &#8230;<\/p>\n<p><em>Ladislav JAKL, tajemn\u00edk prezidenta republiky:<\/em><br \/>\n&#8230;  projekt m\u00e1 118 a nen\u00ed o \u010dem mluvit, pokud by se tyto strany a jejich  p\u0159edstavitel\u00e9 dohodli, tak reprezentuj\u00ed tak jasnou v\u011bt\u0161inu v Poslaneck\u00e9  sn\u011bmovn\u011b, \u017ee zcela jist\u011b takov\u00fd projekt v tom smyslu, jak se pt\u00e1te, by  ur\u010dit\u011b byl schopn\u00fd \u017eivota, je ot\u00e1zkou, jestli do takov\u00e9ho projektu  p\u016fjdou, proto\u017ee nepochybn\u011b v\u0161echny ty subjekty do t\u011bch jedn\u00e1n\u00ed vch\u00e1zej\u00ed s  n\u011bjak\u00fdmi sv\u00fdmi prioritami, kter\u00e9 pro n\u011bkoho jsou v\u00edce p\u0159ijateln\u00e9, pro  n\u011bkoho m\u00e9n\u011b a jestli budou schopny doj\u00edt k n\u011bjak\u00e9mu kompromisu, k  n\u011bjak\u00e9mu pr\u016fniku spole\u010dn\u00fdch z\u00e1jm\u016f. A to je pr\u00e1v\u011b v\u011bc\u00ed t\u011bch jedn\u00e1n\u00ed,  kter\u00e1 by m\u011bla pokra\u010dovat a m\u011bla by co nejd\u0159\u00edve v\u00e9st k n\u011bjak\u00e9mu, k  n\u011bjak\u00e9mu c\u00edli, proto\u017ee \u010cesk\u00e1 republika a jej\u00ed ob\u010dan\u00e9 ne\u0161li k volb\u00e1m,  abysme se tady zase n\u011bkolik t\u00fddn\u016f a m\u011bs\u00edc\u016f d\u00edvali na nekone\u010dn\u00e1 jedn\u00e1n\u00ed,  prost\u011b silnou vl\u00e1du, ak\u010dn\u00ed vl\u00e1du pot\u0159ebujeme.<\/p>\n<p><em>Helena \u0160ULCOV\u00c1,  moder\u00e1torka:<\/em><br \/>\nI pan prezident v\u010dera \u0159ekl, \u017ee nevid\u00ed jinou  mo\u017enost ne\u017e, nebo \u017ee se mu zat\u00edm ner\u00fdsuje jin\u00e1 mo\u017enost ne\u017e vl\u00e1da ODS   TOP 09  V\u011bc\u00ed ve\u0159ejn\u00fdch, ov\u0161em my jsme dnes sly\u0161eli vyj\u00e1d\u0159en\u00ed, anebo u\u017e  v\u010dera ve\u010der, od V\u011bc\u00ed ve\u0159ejn\u00fdch, \u017ee mo\u017en\u00e1 by takovou vl\u00e1du jenom  tolerovaly, \u017ee by se na n\u00ed p\u0159\u00edmo ne\u00fa\u010dastnily, to znamen\u00e1, \u017ee by tady  vl\u00e1dla ODS spolu s TOP 09 a V\u011bci ve\u0159ejn\u00e9 by jaksi tuto vl\u00e1du tolerovaly.  Byla by toto p\u0159ijateln\u00e1 varianta pro V\u00e1clava Klause, co mysl\u00edte?<\/p>\n<p><em>Ladislav  JAKL, tajemn\u00edk prezidenta republiky:<\/em><br \/>\nTak je p\u0159edev\u0161\u00edm  d\u016fle\u017eit\u00e9, jestli by byla p\u0159ijateln\u00e1 pro potenci\u00e1ln\u00edho premi\u00e9ra a jak\u00fdm  zp\u016fsobem onen potenci\u00e1ln\u00ed premi\u00e9r by si z\u00edskal p\u0159edem n\u011bjakou smluvn\u00ed do  n\u011bjak\u00e9 m\u00edry zaru\u010denou podporu v\u011bt\u0161iny v Poslaneck\u00e9 sn\u011bmovn\u011b, to je jeho  v\u011bc, jestli by si &#8230;, jestli by si to dohodl dohodou o, o tich\u00e9  podpo\u0159e, nebo \u00fa\u010dast\u00ed vl\u00e1dy, to je jin\u00e1 v\u011bc a takov\u00e1 v\u011bc nemus\u00ed nutn\u011b  souviset s pevnost\u00ed, nebo nepevnost\u00ed t\u00e9 vl\u00e1dy, takov\u00e9 mo\u017enosti jsou  celkem ve sv\u011bt\u011b b\u011b\u017en\u00e9 a je to jedna z variant.<\/p>\n<p><em>Helena  \u0160ULCOV\u00c1, moder\u00e1torka:<\/em><br \/>\nJestli si mysl\u00edte, \u017ee by t\u0159eba pan  prezident, v\u00edte, cht\u011bl m\u00edt jistotu, \u017ee opravdu takov\u00e1 vl\u00e1da by m\u011bla  podporu a cht\u011bl by t\u0159eba podpisy.<\/p>\n<p><em>Ladislav JAKL, tajemn\u00edk  prezidenta republiky:<\/em><br \/>\nTak podpisy pan prezident cht\u011bl v jedn\u00e9  situaci, a to, kdy hrozilo divok\u00e9 hlasov\u00e1n\u00ed nap\u0159\u00ed\u010d politick\u00fdm spektrem, u  kter\u00e9ho nebyl jist\u00fd v\u00fdsledek a hrozilo u n\u011bj, \u017ee ten projekt by byl  z\u00e1visl\u00fd na komunistech, a to byl, to byl, to byla chv\u00edle, kdy se o  premi\u00e9rsk\u00e9 k\u0159eslo uch\u00e1zel Stanislav Gross a tam tehdy to nebezpe\u010d\u00ed  hrozilo a prezident si takovou tu z\u00e1ruku vym\u00ednil, proto\u017ee nebyla \u017e\u00e1dn\u00e1  jin\u00e1 relevantn\u00ed dohoda mezi relevantn\u00edmi politick\u00fdmi subjekty, kter\u00e9 by  &#8230;<\/p>\n<p><em>Helena \u0160ULCOV\u00c1, moder\u00e1torka:<\/em><br \/>\nTe\u010f u\u017e by to  necht\u011bl.<\/p>\n<p><em>Ladislav JAKL, tajemn\u00edk prezidenta republiky:<\/em><br \/>\n&#8230; kter\u00e9 by dohromady daly, dohromady daly n\u011bjak\u00e9 to \u010d\u00edslo nad sto,  pokud by prezident dostal n\u011bjakou hodnov\u011brnou z\u00e1ruku jin\u00fdm zp\u016fsobem, tak  j\u00e1 osobn\u011b a \u0159\u00edk\u00e1m zase sv\u016fj n\u00e1zor, tak by to asi nepova\u017eoval za nutn\u00e9.  Ale n\u011bjak\u00e1 forma, n\u011bjak\u00e1 forma z\u00e1vazn\u00e9 z\u00e1ruky, \u017ee se nejde jen tak do  slep\u00e9ho pokusu, jen tak, jen tak do n\u011bjak\u00e9ho dobrodru\u017estv\u00ed, kter\u00e9 n\u00e1s  v\u0161echny bude st\u00e1t t\u00fddny a m\u011bs\u00edce dal\u0161\u00edho t\u00e1p\u00e1n\u00ed, tak do takov\u00e9ho  dobrodru\u017estv\u00ed si mysl\u00edm, \u017ee by asi prezident republiky j\u00edt nem\u011bl a \u017ee by  m\u011bl cht\u00edt n\u011bjakou formu z\u00e1ruky, \u017ee ten projekt v\u011bt\u0161inu dostane.<\/p>\n<p><em>Helena  \u0160ULCOV\u00c1, moder\u00e1torka:<\/em><br \/>\nA jasn\u00e1 ot\u00e1zka  jasn\u00e1 odpov\u011b\u010f, m\u00e1 m\u00edt  podle v\u00e1s opozice post \u0161\u00e9fa sn\u011bmovny?<\/p>\n<p><em>Ladislav JAKL, tajemn\u00edk  prezidenta republiky:<\/em><br \/>\nTak to v\u016fbec nez\u00e1le\u017e\u00ed na, na m\u00e9m n\u011bjak\u00e9m  n\u00e1zoru &#8230;<\/p>\n<p><em>Helena \u0160ULCOV\u00c1, moder\u00e1torka:<\/em><br \/>\nJ\u00e1 se pt\u00e1m,  ale jako p\u0159ece jenom pohybujete se v politice docela dlouhou dobu.<\/p>\n<p><em>Ladislav  JAKL, tajemn\u00edk prezidenta republiky:<\/em><br \/>\nJ\u00e1 si mysl\u00edm, \u017ee je to  mo\u017en\u00e9, za\u017eili jsme v ned\u00e1vn\u00e9 historii i tento model i model opa\u010dn\u00fd,  ur\u010dit\u011b opozice v jist\u00e9m uspo\u0159\u00e1d\u00e1n\u00ed na to n\u00e1rok m\u00e1, ale za p\u0159edpokladu,  \u017ee je opozic\u00ed, s kterou se d\u00e1 mluvit, jednat a \u017ee ten parlament nen\u00ed  n\u011bjak zablokovan\u00fd, je funguj\u00edc\u00ed, je to, je to jeden z model\u016f, ale, ale  \u017ee bych j\u00e1 te\u010f \u0159ekl n\u011bjak\u00e9 slovo, \u017ee by to bylo dobr\u00e9, hezk\u00e9 a jedin\u00e1  spr\u00e1vn\u00e1 varianta, um\u00edm si p\u0159edstavit ob\u011b.<\/p>\n<p><em>Helena \u0160ULCOV\u00c1,  moder\u00e1torka:<\/em><br \/>\nTo \u0159\u00edk\u00e1 tajemn\u00edk prezidenta Ladislav Jakl ve  Dvaceti minut\u00e1ch Radio\u017eurn\u00e1lu. Pro\u010d naz\u00fdv\u00e1 Stranu zelen\u00fdch extremisty a  co \u0159\u00edk\u00e1 na p\u00e1d lidovc\u016f? I na to se budeme pt\u00e1t. <a href=\"http:\/\/mce_host\/katalog3\/katalog\/object\/%E2%80%9Emailto:dvacetminut@rozhlas.cz%E2%80%9C\">dvacetminut@rozhlas.cz<\/a>,  to je n\u00e1\u0161 mail a v n\u011bm t\u0159eba dotaz od Petra, kter\u00fd se t\u00fdk\u00e1 velk\u00fdch  stran a jejich volebn\u00edho v\u00fdsledku, proto\u017ee ob\u011b ty velk\u00e9 strany,  p\u0159ipom\u00edn\u00e1 poslucha\u010d, dos\u00e1hly kolem 20 procent hlas\u016f, ale utratily  des\u00edtky a\u017e stovky milion\u016f, jak tady podot\u00fdk\u00e1 pan Petr a pt\u00e1 se, co vy si  o tom mysl\u00edte, o takov\u00e9m utr\u00e1cen\u00ed.<\/p>\n<p><em>Ladislav JAKL, tajemn\u00edk  prezidenta republiky:<\/em><br \/>\nNo, n\u011bco je \u0161patn\u011b, n\u011bco je \u0161patn\u011b,  jestli\u017ee dv\u011b nejv\u011bt\u0161\u00ed strany podle n\u011bkter\u00fdch odhad\u016f utratily 90 procent  v\u0161ech pen\u011bz, kter\u00e9 v\u0161echny strany pou\u017eily na volebn\u00ed kampa\u0148 a z\u00edskaly 40  a n\u011bco procent voli\u010dsk\u00fdch hlas\u016f, tak je to prost\u011b n\u00edzk\u00e1 efektivita,  mo\u017en\u00e1 ty pen\u00edze byly nasm\u011brovan\u00e9 ke \u0161patn\u00e9mu \u00fa\u010delu, mo\u017en\u00e1 cel\u00fd projekt,  z\u00e1m\u011br t\u011bch kampan\u00ed nebyl spr\u00e1vn\u00fd, nebo mo\u017en\u00e1 si n\u011bkter\u00e9 ty agentury  nechaly zaplatit v\u011bci, kter\u00e9 nakonec potom v\u016fbec nefungovaly, t\u011b\u017eko  \u0159\u00edct, ale tyto volby byly po dlouh\u00e9 dob\u011b volbami, v kter\u00fdch obrovsk\u00e9  mno\u017estv\u00ed hlas\u016f bylo k m\u00e1n\u00ed t\u00e9m\u011b\u0159 zadarmo a byly to hlasy protestn\u00ed, byly  to hlasy nespokojen\u00fdch s t\u011bmi dv\u011bma velk\u00fdmi stranami, bylo to velk\u00e9  mno\u017estv\u00ed lid\u00ed, kter\u00fdm se nel\u00edbilo, jak to tady vypadalo posledn\u00ed 4 roky a  jejich hlasy byly t\u00e9m\u011b\u0159 k m\u00e1n\u00ed skoro, skoro zadarmo, sta\u010dilo jen se o  n\u011b dob\u0159e starat, dob\u0159e je oslovit a m\u00edsto toho, aby se o tyto zaj\u00edmav\u00e9  strany, zaj\u00edmav\u00e9 lidi ty dv\u011b strany staraly, aby je neztr\u00e1cely, tak  utr\u00e1cely obrovsk\u00e9 prachy na ten vz\u00e1jemn\u00fd boj a potom p\u0159i\u0161el n\u011bkdo t\u0159et\u00ed,  n\u011bkdo \u010dtvrt\u00fd a tyto hlasy prost\u011b posb\u00edral docela levn\u011b.<\/p>\n<p><em>Helena  \u0160ULCOV\u00c1, moder\u00e1torka:<\/em><br \/>\nCo tak\u00e9 bylo typick\u00e9 pro tyto volby,  bylo, \u017ee se spousta lid\u00ed dostala do sn\u011bmovny z pom\u011brn\u011b zadn\u00edch m\u00edst, z  osmn\u00e1ct\u00e9ho m\u00edsta t\u0159eba kandid\u00e1tky, zkr\u00e1tka, \u017ee je lid\u00e9 zakrou\u017ekovali, vy  jste krou\u017ekoval, nebo ne, kdy\u017e jste volil?<\/p>\n<p><em>Ladislav JAKL,  tajemn\u00edk prezidenta republiky:<\/em><br \/>\nJ\u00e1 jsem nekrou\u017ekoval a j\u00e1 s  prax\u00ed krou\u017ekov\u00e1n\u00ed nesouhlas\u00edm.<\/p>\n<p><em>Helena \u0160ULCOV\u00c1, moder\u00e1torka:<\/em><br \/>\nZ jak\u00e9ho d\u016fvodu?<\/p>\n<p><em>Ladislav JAKL, tajemn\u00edk prezidenta  republiky:<\/em><br \/>\nJ\u00e1 si mysl\u00edm, \u017ee stranu vol\u00edm z r\u016fzn\u00fdch d\u016fvod\u016f a  nap\u0159\u00edklad tak\u00e9 podle toho, jakou mi p\u0159edkl\u00e1d\u00e1 kandid\u00e1tku, j\u00e1 se na tu  kandid\u00e1tku pod\u00edv\u00e1m, pod\u00edv\u00e1m se na kandid\u00e1tku jin\u00e9 strany a \u0159eknu si,  tyto lidi prost\u011b jsou pro m\u011b n\u011bjakou z\u00e1rukou a na z\u00e1klad\u011b toho, jak\u00e1  jm\u00e9na tam vid\u00edm, tak tu stranu vol\u00edm, anebo nevol\u00edm a pak mi n\u011bkdo jin\u00fd,  kdo vlastn\u011b nen\u00ed ve smluvn\u00edm vztahu, \u00fa\u010dastn\u00edkem smluvn\u00edho vztahu mezi  mnou a tou stranou, tu smlouvu najednou zm\u011bn\u00ed a j\u00e1 zjist\u00edm, \u017ee jsem sv\u016fj  hlas dal n\u011bkomu \u00fapln\u011b jin\u00e9mu, s k\u00fdm bych v\u016fbec nesouhlasil a j\u00e1 bych  takovou stranu, kter\u00e1 by tam m\u011bla takov\u00e1 jm\u00e9na, v\u016fbec ned\u00e1val. To je  jeden d\u016fvod. Druh\u00fd d\u016fvod, na t\u011bch preferenc\u00edch \u010dasto vyd\u011bl\u00e1vaj\u00ed lid\u00e9,  kte\u0159\u00ed zas pro tu stranu moc neud\u011blali, kte\u0159\u00ed t\u0159eba neodvedli tu nejv\u011bt\u0161\u00ed  pr\u00e1ci v t\u00e9 kampani, ale maj\u00ed jenom t\u0159eba p\u011bkn\u011b vypadaj\u00edc\u00ed jm\u00e9no, nebo  p\u011bkn\u011b vypadaj\u00edc\u00ed v\u011bk &#8230;<\/p>\n<p><em>Helena \u0160ULCOV\u00c1, moder\u00e1torka:<\/em><br \/>\n\u010c\u00ed to byl p\u0159\u00edklad, p\u0159\u00edpad nap\u0159\u00edklad?<\/p>\n<p><em>Ladislav JAKL, tajemn\u00edk  prezidenta republiky:<\/em><br \/>\n&#8230; nebo, ne, to j\u00e1 nechci te\u010f \u0159\u00edkat  \u017e\u00e1dn\u00e9 p\u0159\u00edklady, anebo dobrou profesi, proto\u017ee kdy\u017e si nap\u00ed\u0161ete, \u017ee jste,  \u017ee jste ekolog, tak si \u0159eknou hned lidi: &#8222;No, on m\u00e1 r\u00e1d ty zv\u00ed\u0159\u00e1tka,&#8220;  nebo l\u00e9ka\u0159i, u\u010ditel\u00e9, to jsou profese, kter\u00e9 dost\u00e1vaj\u00ed ty krou\u017eky t\u00e9m\u011b\u0159  zadarmo, j\u00e1 to nepova\u017euju za, za, za spr\u00e1vn\u00e9 a j\u00e1 jsem prost\u011b  nekrou\u017ekoval, j\u00e1 jsem si \u0159ekl, ta strana mi p\u0159edkl\u00e1d\u00e1 po n\u011bjak\u00e9 sv\u00e9  vnit\u0159n\u00ed demokratick\u00e9 debat\u011b tu kandid\u00e1tku v n\u011bjak\u00e9 podob\u011b, ber, nebo  nech le\u017eet a j\u00e1 jsem u t\u00e9 strany, kterou jsem volil, prost\u011b bral tu, tu  kandid\u00e1tku, jak mi byla p\u0159edlo\u017eena.<\/p>\n<p><em>Helena \u0160ULCOV\u00c1,  moder\u00e1torka:<\/em><br \/>\nMn\u011b, jak jste tady zm\u00ednil slovo ekolog, tak jsem  si vzpomn\u011bla na v\u00e1\u0161 v\u00fdrok o v\u00edkendu v \u010cesk\u00e9 televizi, kde jste se  vyjad\u0159oval k volebn\u00edmu ne\u00fasp\u011bchu Strany zelen\u00fdch a nazval jste Stranu  zelen\u00fdch extremisty, z jak\u00e9ho d\u016fvodu je Strana zelen\u00fdch extremistick\u00e1?<\/p>\n<p><em>Ladislav JAKL, tajemn\u00edk prezidenta republiky:<\/em><br \/>\nJ\u00e1 jenom  se pozastav\u00edm nad t\u00edm va\u0161\u00edm rychl\u00fdm spojen\u00edm mezi slovem ekolog a  Stranou zelen\u00fdch. Ekologov\u00e9 &#8230;<\/p>\n<p><em>Helena \u0160ULCOV\u00c1, moder\u00e1torka:<\/em><br \/>\nTakov\u00e1 asociace.<\/p>\n<p><em>Ladislav JAKL, tajemn\u00edk prezidenta  republiky:<\/em><br \/>\n&#8230; jsou v\u011bdci ctihodn\u00ed, kte\u0159\u00ed zkoumaj\u00ed interakci  mezi civilizac\u00ed, mezi p\u016fsoben\u00edm \u010dlov\u011bka a \u017eivou p\u0159\u00edrodou. To, \u017ee se  tento n\u00e1zev ekolog pou\u017e\u00edv\u00e1 na r\u016fzn\u00e9 boj\u016fvky, kter\u00e9 se n\u011bkde p\u0159ivazuj\u00ed a  kter\u00e9 p\u00e1chaj\u00ed r\u016fzn\u00e9 extremistick\u00e9 \u010diny, to si mysl\u00edm, \u017ee nen\u00ed \u00fapln\u011b  spr\u00e1vn\u00e9, ty nemaj\u00ed &#8230;<\/p>\n<p><em>Helena \u0160ULCOV\u00c1, moder\u00e1torka:<\/em><br \/>\nA  to d\u011bl\u00e1 Strana zelen\u00fdch, t\u0159eba Ond\u0159ej Li\u0161ka je extremista, v \u010dem?<\/p>\n<p><em>Ladislav  JAKL, tajemn\u00edk prezidenta republiky:<\/em><br \/>\nStrana zelen\u00fdch je  extr\u00e9mn\u00ed u\u017e proto, \u017ee to o n\u00ed \u0159ekli voli\u010di, voli\u010di seznali, \u017ee to nen\u00ed  strana, kter\u00e1 pat\u0159\u00ed k n\u011bjak\u00e9mu hlavn\u00edmu proudu, ale hlavn\u011b je to strana,  kter\u00e1 se hl\u00e1s\u00ed, kter\u00e1 zast\u00e1v\u00e1 velmi krajn\u00ed n\u00e1zory na lidskou  civilizaci, na m\u00edru jej\u00ed regulace a hranice mezi tou &#8230;, mezi t\u00edm  ofici\u00e1ln\u00edm politick\u00fdm k\u0159\u00eddlem tohoto hnut\u00ed a t\u011bmi nepolitick\u00fdmi k\u0159\u00eddly,  co\u017e jsou r\u016fzn\u00e9 iniciativy, kter\u00e9 schvaluj\u00ed takzvan\u00e9 p\u0159\u00edm\u00e9 akce, my v\u00edme,  \u017ee se Strana zelen\u00fdch od nich nikdy nedistancovala, jenom \u0159\u00edkala: &#8222;My  pou\u017e\u00edv\u00e1me jin\u00e9 politick\u00e9 metody, ale ke stejn\u00fdm c\u00edl\u016fm, zase jin\u00e1 hnut\u00ed  pou\u017e\u00edv\u00e1, pou\u017e\u00edvaj\u00ed r\u016fzn\u00e9 n\u00e1tlakov\u00e9 a n\u011bkdy i jako teroristick\u00e9 metody.&#8220;<\/p>\n<p><em>Helena \u0160ULCOV\u00c1, moder\u00e1torka:<\/em><br \/>\nTo znamen\u00e1, \u017ee t\u0159eba i  n\u011bme\u010dt\u00ed Zelen\u00ed jsou podle v\u00e1s extremist\u00e9?<\/p>\n<p><em>Ladislav JAKL,  tajemn\u00edk prezidenta republiky:<\/em><br \/>\nCel\u00e9 sv\u011btov\u00e9 zelen\u00e9 hnut\u00ed m\u00e1  velmi bl\u00edzko k extremismu a u n\u00e1s to nen\u00ed v\u00fdjimka, u n\u00e1s to plat\u00ed mo\u017en\u00e1  dvojn\u00e1sob.<\/p>\n<p><em>Helena \u0160ULCOV\u00c1, moder\u00e1torka:<\/em><br \/>\nZm\u00ednili jsme  ten volebn\u00ed ne\u00fasp\u011bch Strany zelen\u00fdch, ov\u0161em vy jste volil stranu, kter\u00e1  zaznamenala je\u0161t\u011b v\u011bt\u0161\u00ed ne\u00fasp\u011bch, volil jste stranu pana Macha  Stranu  svobodn\u00fdch ob\u010dan\u016f a ta z\u00edskala necel\u00e9 jedno procento hlas\u016f. Po\u0159\u00e1d si  je\u0161t\u011b mysl\u00edte, \u017ee tato strana je \u017eivotaschopn\u00fd projekt?<\/p>\n<p><em>Ladislav  JAKL, tajemn\u00edk prezidenta republiky:<\/em><br \/>\nJ\u00e1 si mysl\u00edm, \u017ee ano,  proto\u017ee je nositelkou pro m\u011b velmi srozumiteln\u00fdch idej\u00ed svobody \u010dlov\u011bka,  co nejmen\u0161\u00ed regulace, z\u00edskala t\u0159ikr\u00e1t m\u00e9n\u011b hlas\u016f ne\u017e Strana zelen\u00fdch,  kterou podpo\u0159il b\u00fdval\u00fd prezident, plej\u00e1da medi\u00e1ln\u00edch mil\u00e1\u010dk\u016f, byla to  strana, kter\u00e1 byla obrovsky podporovan\u00e1 v\u0161emi m\u00e9dii, o Stran\u011b svobodn\u00fdch  ob\u010dan\u016f se z na\u0161ich m\u00e9di\u00ed nedozv\u011bd\u011bl skoro nikdo.<\/p>\n<p><em>Helena  \u0160ULCOV\u00c1, moder\u00e1torka:<\/em><br \/>\nNa druhou stranu ani nikdo nevid\u011bl t\u0159eba  pana Macha n\u011bkde na n\u00e1m\u011bst\u00ed, \u017ee by n\u011bjak\u00fdm zp\u016fsobem si sh\u00e1n\u011bl hlasy.<\/p>\n<p><em>Ladislav JAKL, tajemn\u00edk prezidenta republiky:<\/em><br \/>\nTak zcela  ur\u010dit\u011b to nen\u00ed jenom t\u00edm, \u017ee vymlouvat se na nep\u0159\u00edze\u0148 m\u00e9di\u00ed, to je  mo\u017en\u00e1 jenom 50 procent t\u011bch p\u0159\u00ed\u010din, ur\u010dit\u011b kdo se chce prosadit, tak se  mus\u00ed sna\u017eit ur\u010dit\u011b je\u0161t\u011b o n\u011bco v\u00edc. Asi m\u00e1te pravdu.<\/p>\n<p><em>Helena  \u0160ULCOV\u00c1, moder\u00e1torka:<\/em><br \/>\n\u010c\u00edm si vysv\u011btlujete propad lidovc\u016f, to je  tady dotaz od pana tak\u00e9 Ladislava.<\/p>\n<p><em>Ladislav JAKL, tajemn\u00edk  prezidenta republiky:<\/em><br \/>\nLidovci byla po des\u00edtky let tradi\u010dn\u00ed  sou\u010d\u00e1st \u010desk\u00e9ho politick\u00e9ho spektra, j\u00e1 jsem m\u011bl pocit posledn\u00ed del\u0161\u00ed  dobu, ale p\u0159edev\u0161\u00edm v posledn\u00edch dnech a t\u00fddnech t\u011bsn\u011b p\u0159ed volbami,  jako kdyby ta strana se soust\u0159edila na n\u011bkolik naprosto margin\u00e1ln\u00edch  marketingov\u00fdch moment\u016f, nap\u0159\u00edklad zdan\u011bn\u00ed hazardu nebo p\u0159erozd\u011blov\u00e1n\u00ed ve  prosp\u011bch od jedn\u011bch da\u0148ov\u00fdch poplatn\u00edk\u016f jin\u00fdm da\u0148ov\u00fdm poplatn\u00edk\u016fm a j\u00e1  m\u00e1m pocit, \u017ee tro\u0161ku opou\u0161t\u011bla ty svoje tradi\u010dn\u00ed ideje, ty svoje  tradi\u010dn\u00ed hodnoty a jejich voli\u010d mohl b\u00fdt t\u00edm tro\u0161ku znejist\u011bn, ale to je  m\u016fj mo\u017en\u00e1 amat\u00e9rsk\u00fd analytick\u00fd soud, mo\u017en\u00e1, \u017ee je za t\u00edm je\u0161t\u011b n\u011bco  jin\u00e9ho.<\/p>\n<p><em>Helena \u0160ULCOV\u00c1, moder\u00e1torka:<\/em><br \/>\nAle kdy\u017e  vypadne takov\u00e1 tradi\u010dn\u00ed strana z Poslaneck\u00e9 sn\u011bmovny, mysl\u00edte, \u017ee to  m\u016f\u017ee b\u00fdt pro ni likvida\u010dn\u00ed?<\/p>\n<p><em>Ladislav JAKL, tajemn\u00edk  prezidenta republiky:<\/em><br \/>\nTo j\u00e1 si \u00fapln\u011b nemysl\u00edm, j\u00e1 si mysl\u00edm, \u017ee  likvida\u010dn\u00ed pro ni by bylo, kdyby pokra\u010dovala v tom trendu odpout\u00e1v\u00e1n\u00ed  se od sv\u00fdch tradi\u010dn\u00edch hodnotov\u00fdch z\u00e1klad\u016f, od, od sv\u00e9ho programu, to by  pro ni bylo likvida\u010dn\u00ed, kdyby najednou z nouze za\u010dala hledat r\u016fzn\u00e9,  r\u016fzn\u00e1 \u00fanikov\u00e1 t\u00e9mata, pokud by se dr\u017eela t\u011bch sv\u00fdch p\u016fvodn\u00edch, anebo se k  nim pokou\u0161ela vr\u00e1tit, tak p\u0159ece, p\u0159ece se nevypa\u0159ilo to, to jej\u00ed  p\u016fvodn\u00ed voli\u010dsk\u00e9 j\u00e1dro, to ur\u010dit\u011b existuje a ti lid\u00e9 \u017eij\u00ed, jenom je  prost\u011b u\u017e asi z\u0159ejm\u011b nikdo necht\u011bl oslovovat.<\/p>\n<p><em>Helena \u0160ULCOV\u00c1,  moder\u00e1torka:<\/em><br \/>\nCo asi lidi hodn\u011b tr\u00e1p\u00ed, je, pro\u010d je venku takov\u00e1  zima, m\u00e1te pro to n\u011bjak\u00e9 vysv\u011btlen\u00ed?<\/p>\n<p><em>Ladislav JAKL, tajemn\u00edk  prezidenta republiky:<\/em><br \/>\nJe d\u011bsn\u00e1 zima, dneska, v\u010dera, \u00fapln\u011b  hroziv\u00e1, j\u00e1 bych si tak p\u0159\u00e1l n\u011bjak\u00e9 tro\u0161ku glob\u00e1ln\u00ed oteplov\u00e1n\u00ed, mn\u011b te\u010f  poslalo n\u011bkolik lid\u00ed z Ameriky n\u011bkolik zaj\u00edmav\u00fdch fotek, jak to tam te\u010f  vypad\u00e1, v Montan\u011b i v pom\u011brn\u011b ni\u017e\u0161\u00edch poloh\u00e1ch je sn\u00edh, ale dostal jsem  tak\u00e9 i n\u011bkter\u00e1 velmi fundovan\u00e1 v\u011bdeck\u00e1 data, nap\u0159\u00edklad sn\u00edmky k  p\u0159edv\u010derej\u0161\u00edmu dnu severn\u00ed polokoule a zaledn\u011bn\u00fdch oblast\u00ed, k  p\u0159edv\u010derej\u0161\u00edmu dnu roku 2010 a roku 1990, no, \u017e\u00e1dn\u00fd \u00fastup zaledn\u011bn\u00ed se  tam nekon\u00e1, prost\u011b ledu je v\u00edc a v\u00edc a j\u00e1 bych si docela p\u0159\u00e1l, kdyby  bylo tro\u0161ku tepleji, vy ne?<\/p>\n<p><em>Helena \u0160ULCOV\u00c1, moder\u00e1torka:<\/em><br \/>\nV pond\u011bl\u00ed bude 26 stup\u0148\u016f, j\u00e1 jsem se d\u00edvala na p\u0159edpov\u011b\u010f, tak\u017ee se m\u00e1me  na co t\u011b\u0161it, v ned\u011bli 25.<\/p>\n<p><em>Ladislav JAKL, tajemn\u00edk prezidenta  republiky:<\/em><br \/>\nJ\u00e1 bych pot\u0159eboval, j\u00e1 bych pot\u0159eboval, aby bylo  l\u00e9pe v sobotu, proto\u017ee to hraju &#8230;, to hraju s kapelou v L\u00e1zn\u00edch  Libverda &#8230;<\/p>\n<p><em>Helena \u0160ULCOV\u00c1, moder\u00e1torka:<\/em><br \/>\nTo je\u0161t\u011b,  to je\u0161t\u011b, mysl\u00edm, pr\u0161\u00ed, ale vy asi hrajete v n\u011bjak\u00e9m uzav\u0159en\u00e9m prostoru,  nebo venku hrajete?<\/p>\n<p><em>Ladislav JAKL, tajemn\u00edk prezidenta  republiky:<\/em><br \/>\nNe, ne, ne, to je takov\u00fd zaj\u00edmav\u00fd klub\u00edk ud\u011blan\u00fd z  b\u00fdval\u00e9 stodoly a v\u017edycky, kdy\u017e jsme tam hr\u00e1li v p\u0159edchoz\u00ed dobu, tak bu\u010f  padaly traka\u0159e, nebo byla stra\u0161liv\u00e1 zima a \u0159\u00edkal jsem si, te\u010f u\u017e kone\u010dn\u011b  snad by mohlo b\u00fdt \u0161t\u011bst\u00ed &#8230;<\/p>\n<p><em>Helena \u0160ULCOV\u00c1, moder\u00e1torka:<\/em><br \/>\nTak mus\u00edte poru\u010dit v\u011btru, de\u0161ti na Hrad\u011b asi.<\/p>\n<p><em>Ladislav JAKL,  tajemn\u00edk prezidenta republiky:<\/em><br \/>\n&#8230; a zat\u00edm, ne, zat\u00edm to moc  nevypad\u00e1 teda.<\/p>\n<p><em>Helena \u0160ULCOV\u00c1, moder\u00e1torka:<\/em><br \/>\n\u0158editel  politick\u00e9ho odboru prezidentsk\u00e9 kancel\u00e1\u0159e Ladislav Jakl byl hostem  Dvaceti minut Radio\u017eurn\u00e1lu, d\u00edky za to, na shledanou.<\/p>\n<p><em>Ladislav  JAKL, tajemn\u00edk prezidenta republiky:<\/em><br \/>\nD\u011bkuji v\u00e1m za pozv\u00e1n\u00ed.<\/p>\n<p>Zdroj: <a href=\"http:\/\/www.rozhlas.cz\/radiozurnal\/dvacetminut\/_zprava\/740744\" target=\"_blank\">Rozhlas.cz<\/a><\/p>\n","protected":false},"excerpt":{"rendered":"<p>L\u00edd\u0159i stran st\u00e1le jednaj\u00ed o mo\u017en\u00fdch variant\u00e1ch vl\u00e1dy. Oproti v\u010derej\u0161ku se nic p\u0159\u00edli\u0161 nezm\u011bnilo. Zat\u00edm se zd\u00e1 jako nejpravd\u011bpodobn\u011bj\u0161\u00ed, \u017ee tady bude vl\u00e1dnout trojkoalice ODS TOP 09 a V\u011bci ve\u0159ejn\u00e9. Ve h\u0159e je samoz\u0159ejm\u011b tak\u00e9 varianta vl\u00e1dy ODS a TOP 09, kterou by V\u011bci ve\u0159ejn\u00e9 pouze tolerovaly. Zat\u00edm ale ne\u0159ekl jasn\u00e9 slovo prezident V\u00e1clav Klaus. [&hellip;]<\/p>\n","protected":false},"author":1,"featured_media":0,"comment_status":"open","ping_status":"open","sticky":false,"template":"","format":"standard","meta":{"ngg_post_thumbnail":0,"footnotes":""},"categories":[13],"tags":[],"class_list":["post-390","post","type-post","status-publish","format-standard","hentry","category-rozhovory"],"_links":{"self":[{"href":"https:\/\/www.ladislavjakl.cz\/index.php?rest_route=\/wp\/v2\/posts\/390","targetHints":{"allow":["GET"]}}],"collection":[{"href":"https:\/\/www.ladislavjakl.cz\/index.php?rest_route=\/wp\/v2\/posts"}],"about":[{"href":"https:\/\/www.ladislavjakl.cz\/index.php?rest_route=\/wp\/v2\/types\/post"}],"author":[{"embeddable":true,"href":"https:\/\/www.ladislavjakl.cz\/index.php?rest_route=\/wp\/v2\/users\/1"}],"replies":[{"embeddable":true,"href":"https:\/\/www.ladislavjakl.cz\/index.php?rest_route=%2Fwp%2Fv2%2Fcomments&post=390"}],"version-history":[{"count":1,"href":"https:\/\/www.ladislavjakl.cz\/index.php?rest_route=\/wp\/v2\/posts\/390\/revisions"}],"predecessor-version":[{"id":391,"href":"https:\/\/www.ladislavjakl.cz\/index.php?rest_route=\/wp\/v2\/posts\/390\/revisions\/391"}],"wp:attachment":[{"href":"https:\/\/www.ladislavjakl.cz\/index.php?rest_route=%2Fwp%2Fv2%2Fmedia&parent=390"}],"wp:term":[{"taxonomy":"category","embeddable":true,"href":"https:\/\/www.ladislavjakl.cz\/index.php?rest_route=%2Fwp%2Fv2%2Fcategories&post=390"},{"taxonomy":"post_tag","embeddable":true,"href":"https:\/\/www.ladislavjakl.cz\/index.php?rest_route=%2Fwp%2Fv2%2Ftags&post=390"}],"curies":[{"name":"wp","href":"https:\/\/api.w.org\/{rel}","templated":true}]}}