{"id":3904,"date":"2013-06-04T11:54:23","date_gmt":"2013-06-04T09:54:23","guid":{"rendered":"http:\/\/www.ladislavjakl.cz\/?p=3904"},"modified":"2013-06-04T11:54:23","modified_gmt":"2013-06-04T09:54:23","slug":"pivo-na-hrad-2","status":"publish","type":"post","link":"https:\/\/www.ladislavjakl.cz\/?p=3904","title":{"rendered":"Pivo na Hrad!"},"content":{"rendered":"<p>Mo\u017en\u00e1 si leckdo z v\u00e1s mysl\u00ed, \u017ee po m\u00e9m odchodu z Hradu je toto posv\u00e1tn\u00e9 m\u00edsto okupov\u00e1no jen becherovkou a slivovic\u00ed. Ale nen\u00ed tomu tak. N\u011bco p\u0159etrvalo. Loni zalo\u017een\u00fd festival Pivo na Hrad m\u00e1 sv\u00e9 pokra\u010dov\u00e1n\u00ed i v nov\u00e9 dob\u011b. A je to festival ohromn\u00fd, nab\u00eddkou kvalitn\u00edch piv u n\u00e1s mo\u017en\u00e1 nejv\u011bt\u0161\u00ed.<\/p>\n<p><!--more--><\/p>\n<p>Po\u0159adatelem je \u010ceskomoravsk\u00fd svaz minipivovar\u016f a ten svou pr\u00e1ci d\u011bl\u00e1 skv\u011ble. Sv\u00e9 kousky p\u0159edstav\u00ed p\u0159es 60 mikropivovar\u016f, celkem hodn\u011b p\u0159es sto r\u016fzn\u00fdch piv, jedno lep\u0161\u00ed ne\u017e druh\u00e9. U vchodu si za t\u0159i stovky koup\u00edte degusta\u010dn\u00ed sklenku a katalog a co potom vypijete, je u\u017e na v\u00e1s. J\u00e1 tam rozhodn\u011b budu, tak\u017ee kdo si chce pochutnat a pokecat o dobr\u00e9m pivu, poj\u010fte se mnou. Skoro bych asi m\u011bl \u0159\u00edct term\u00edn, \u017eejo. Festival Pivo na hrad se kon\u00e1 v zahrad\u00e1ch Pra\u017esk\u00e9ho hradu na pl\u00e1cku mezi F\u00edkovnou a Belvederem v p\u00e1tek a v sobotu 14. a 15. \u010dervna. V p\u00e1tek je otev\u0159eno od 14, v sobotu u\u017e od 10, oba dny do osmi do ve\u010dera. Tak\u017ee \u017e\u00e1dn\u00e1 becherovka, <strong>Pivo na Hrad!<\/strong><\/p>\n","protected":false},"excerpt":{"rendered":"<p>Mo\u017en\u00e1 si leckdo z v\u00e1s mysl\u00ed, \u017ee po m\u00e9m odchodu z Hradu je toto posv\u00e1tn\u00e9 m\u00edsto okupov\u00e1no jen becherovkou a slivovic\u00ed. Ale nen\u00ed tomu tak. N\u011bco p\u0159etrvalo. Loni zalo\u017een\u00fd festival Pivo na Hrad m\u00e1 sv\u00e9 pokra\u010dov\u00e1n\u00ed i v nov\u00e9 dob\u011b. A je to festival ohromn\u00fd, nab\u00eddkou kvalitn\u00edch piv u n\u00e1s mo\u017en\u00e1 nejv\u011bt\u0161\u00ed.<\/p>\n","protected":false},"author":1,"featured_media":0,"comment_status":"open","ping_status":"open","sticky":false,"template":"","format":"standard","meta":{"ngg_post_thumbnail":0,"footnotes":""},"categories":[5],"tags":[],"class_list":["post-3904","post","type-post","status-publish","format-standard","hentry","category-rodina"],"_links":{"self":[{"href":"https:\/\/www.ladislavjakl.cz\/index.php?rest_route=\/wp\/v2\/posts\/3904","targetHints":{"allow":["GET"]}}],"collection":[{"href":"https:\/\/www.ladislavjakl.cz\/index.php?rest_route=\/wp\/v2\/posts"}],"about":[{"href":"https:\/\/www.ladislavjakl.cz\/index.php?rest_route=\/wp\/v2\/types\/post"}],"author":[{"embeddable":true,"href":"https:\/\/www.ladislavjakl.cz\/index.php?rest_route=\/wp\/v2\/users\/1"}],"replies":[{"embeddable":true,"href":"https:\/\/www.ladislavjakl.cz\/index.php?rest_route=%2Fwp%2Fv2%2Fcomments&post=3904"}],"version-history":[{"count":1,"href":"https:\/\/www.ladislavjakl.cz\/index.php?rest_route=\/wp\/v2\/posts\/3904\/revisions"}],"predecessor-version":[{"id":3905,"href":"https:\/\/www.ladislavjakl.cz\/index.php?rest_route=\/wp\/v2\/posts\/3904\/revisions\/3905"}],"wp:attachment":[{"href":"https:\/\/www.ladislavjakl.cz\/index.php?rest_route=%2Fwp%2Fv2%2Fmedia&parent=3904"}],"wp:term":[{"taxonomy":"category","embeddable":true,"href":"https:\/\/www.ladislavjakl.cz\/index.php?rest_route=%2Fwp%2Fv2%2Fcategories&post=3904"},{"taxonomy":"post_tag","embeddable":true,"href":"https:\/\/www.ladislavjakl.cz\/index.php?rest_route=%2Fwp%2Fv2%2Ftags&post=3904"}],"curies":[{"name":"wp","href":"https:\/\/api.w.org\/{rel}","templated":true}]}}