{"id":3910,"date":"2013-06-06T13:57:18","date_gmt":"2013-06-06T11:57:18","guid":{"rendered":"http:\/\/www.ladislavjakl.cz\/?p=3910"},"modified":"2013-06-06T13:57:18","modified_gmt":"2013-06-06T11:57:18","slug":"ceska-republika-zrusi-zakon-ktery-je-nejlepsi-v-evrope","status":"publish","type":"post","link":"https:\/\/www.ladislavjakl.cz\/?p=3910","title":{"rendered":"\u010cesk\u00e1 republika zru\u0161\u00ed z\u00e1kon, kter\u00fd je nejlep\u0161\u00ed v Evrop\u011b"},"content":{"rendered":"<p>Medi\u00e1ln\u00ed \u00fachylka srovn\u00e1vat r\u016fzn\u00e9 jednotlivosti v \u010cR s  Evropou (a hlavn\u011b tzv. &#8222;z\u00e1padem&#8220;) se s \u017eeleznou pravidelnost\u00ed objevuje v  \u010cesk\u00e9 televizi, zejm\u00e9na, pokud jde o kou\u0159en\u00ed. Jsme dost evrop\u0161t\u00ed?  B\u011b\u017e\u00edme ve stejn\u00e9m tempu?\u00a0Nezaost\u00e1v\u00e1me n\u00e1hodou v budov\u00e1n\u00ed socialismu?<\/p>\n<p><!--more--><\/p>\n<div>\n<p>V p\u0159\u00edpad\u011b z\u00e1kona, jen\u017e  upravuje kou\u0159en\u00ed v restaurac\u00edch, barech a podobn\u00fdch podnic\u00edch, kter\u00e9 z  n\u011bjak\u00e9ho nepochopiteln\u00e9ho d\u016fvodu n\u011bkte\u0159\u00ed pova\u017euj\u00ed za <strong>ve\u0159ejn\u00fd<\/strong> prostor, na kter\u00fd si dokonce \u010din\u00ed n\u00e1rok, si trouf\u00e1m \u0159\u00edct, \u017ee m\u00e1me jednu  z nejlep\u0161\u00edch z\u00e1konn\u00fdch \u00faprav \u0161iroko daleko.\u00a0Snad jen ta hloup\u00e1  upozorn\u011bn\u00ed, kdyby zmizela z krabi\u010dek, ale dokud nem\u00e1me stupidn\u00ed obr\u00e1zky  jako t\u0159eba Britov\u00e9, je to je\u0161t\u011b celkem dobr\u00e9.<\/p>\n<p><strong>Touha ministra zdravotnictv\u00ed Hegera vychov\u00e1vat<\/strong> a <a href=\"http:\/\/mmister.com\/pravym-duvodem-prohibice-je-touha-ridit-lidem-zivot\/\">\u0159\u00eddit lidem \u017eivot<\/a> je ov\u0161em nezastaviteln\u00e1. Nejde samoz\u0159ejm\u011b o nic men\u0161\u00edho ne\u017e <strong>dirigismus schovan\u00fd za pokrok<\/strong>.\u00a0<strong>Zak\u00e1zat<\/strong> cigarety (i elektronick\u00e9!), p\u0159ik\u00e1zat cenu nealkoholick\u00e9ho n\u00e1poje tak,  aby byla ni\u017e\u0161\u00ed ne\u017e nejlevn\u011bj\u0161\u00edho alkoholu, a kdo v\u00ed, co se mu je\u0161t\u011b <a href=\"http:\/\/jakl.blog.idnes.cz\/c\/316078\/Heger-na-Hrad.html\">klube v hlav\u011b<\/a>.\u00a0Beztak n\u00e1m zanedlouho EU p\u0159ik\u00e1\u017ee, \u017ee krabi\u010dky budou cel\u00e9 b\u00edl\u00e9, s hnusn\u00fdmi obr\u00e1zky a texty.<\/p>\n<p><strong>\u010cT hl\u00e1s\u00ed: <em>&#8222;Kou\u0159en\u00ed na ve\u0159ejnosti p\u0159estalo b\u00fdt norm\u00e1ln\u00ed.&#8220;<\/em><\/strong> Pokrok nastal. Je tady a te\u010f. Mise je jasn\u00e1: Vnutit sv\u016fj \u017eivotn\u00ed styl, sv\u00e9 preference a sv\u00e9 p\u0159edstavy o sv\u011bt\u011b ostatn\u00edm.<\/p>\n<p>Fa\u0161ounek Cabrnoch, kter\u00fd je v ODS z\u0159ejm\u011b omylem (a nebo snad spr\u00e1vn\u011b, proto\u017ee <strong>ODS se odkym\u00e1cela doleva a z my\u0161len\u00ed typick\u00e9ho pro pravou \u010d\u00e1st politick\u00e9ho spektra j\u00ed zbyly jen nahodil\u00e9 \u00fatr\u017eky v pam\u011bti<\/strong>; asi jako mlad\u00edkovi s d\u011bsnou rann\u00ed kocovinou), tvrd\u00ed: <a href=\"http:\/\/www.ods.cz\/clanek\/4422-musime-vytvorit-spolecenskou-naladu-nepriznivou-ke-koureni\">Mus\u00edme vytvo\u0159it spole\u010denskou n\u00e1ladu nep\u0159\u00edznivou ke kou\u0159en\u00ed<\/a>.<\/p>\n<p>Nep\u0159evychov\u00e1vejte lidi. Nevnucujte jim sv\u016fj zp\u016fsob \u017eivota. Trh  ku\u0159\u00e1ck\u00fdch i neku\u0159\u00e1ck\u00fdch restaurac\u00ed je bohat\u00fd a funguje. Majitel\u00e9 podnik\u016f  nemaj\u00ed z\u00e1jem o budov\u00e1n\u00ed r\u00e1je, maj\u00ed z\u00e1jem vyd\u011bl\u00e1vat pen\u00edze. N\u011bkdo se  specializuje na ku\u0159\u00e1ky, n\u011bkdo zas poslechne ty, kte\u0159\u00ed volaj\u00ed po  neku\u0159\u00e1ck\u00e9m prost\u0159ed\u00ed a vod\u011b zdarma (nesmysl stolet\u00ed). N\u011bkte\u0159\u00ed t\u0159eba  zavedli neku\u0159\u00e1ck\u00e9 hodiny v dob\u011b ob\u011bd\u016f. Kr\u00e1sa voln\u00e9ho trhu a svobodn\u00e9ho  rozhodov\u00e1n\u00ed. N\u011bkter\u00fdm to ov\u0161em nesta\u010d\u00ed. Cht\u011bj\u00ed sv\u011bt podle sebe. N\u011bkte\u0159\u00ed  natolik, \u017ee navrhuj\u00ed je na plo\u0161n\u00fd z\u00e1kaz i v klubech, diskot\u00e9k\u00e1ch a  barech, kde je tradi\u010dn\u011b v\u00fdskyt ku\u0159\u00e1k\u016f v\u011bt\u0161\u00ed. Zaslepeni ohromnou  nen\u00e1vist\u00ed v\u016f\u010di t\u011bm, kte\u0159\u00ed maj\u00ed jin\u00e9 \u017eivotn\u00ed preference, si neuv\u011bdomuj\u00ed  z\u00e1sadn\u00ed v\u011bc:<\/p>\n<p style=\"text-align: center;\"><strong><em>\u201cLid\u00e9 jsou r\u016fzn\u00ed a pocit  \u0161t\u011bst\u00ed \u010di blaha je u ka\u017ed\u00e9ho vyvol\u00e1n jin\u00fdmi podn\u011bty. Tedy i jeho pro\u017eit\u00ed  je individu\u00e1ln\u00ed. Mo\u017en\u00e1, \u017ee je to pro n\u011bkoho ban\u00e1ln\u00ed my\u0161lenka, ale pro  m\u011b je velmi d\u016fle\u017eit\u00e1 v jedn\u00e9 v\u011bci. Kdyby si v\u0161ichni lid\u00e9 byli podobn\u00ed a  \u0161t\u011bst\u00ed by bylo vyvol\u00e1v\u00e1no stejn\u00fdmi p\u0159\u00ed\u010dinami, nepot\u0159ebovali by b\u00fdt  svobodn\u00ed. Proto\u017ee ke \u0161t\u011bst\u00ed vedou r\u016fzn\u00e9 cesty, je zapot\u0159eb\u00ed volnosti,  d\u00edky kter\u00e9 si m\u016f\u017eeme naj\u00edt ka\u017ed\u00fd svoj\u00ed vlastn\u00ed. Ne ka\u017ed\u00fd m\u00e1 ale ke  svobod\u011b podobn\u00fd vztah.\u201d<\/em><\/strong><br \/>\n&#8211; Ladislav Jakl<\/p>\n<p>Neku\u0159\u00e1ci nemaj\u00ed pr\u00e1vo na neku\u0159\u00e1ckou restauraci. Stejn\u011b tak ku\u0159\u00e1ci nemaj\u00ed pr\u00e1vo si \u010dmudit v ciz\u00edm objektu, jak se jim zl\u00edb\u00ed. <strong>Pravidla ur\u010duje hospodsk\u00fd.<\/strong> Tak je to nejlep\u0161\u00ed, a co v\u00edc, tak je to dokonce uz\u00e1kon\u011bno v \u010cR. To  na\u0161\u00edm z\u00e1konem by se m\u011bl inspirovat sv\u011bt, kter\u00fd se ji\u017e zcela nepr\u00e1vem  ozna\u010duje za svobodn\u00fd.<\/p>\n<p>Na tlak z Evropsk\u00e9 unie a <a href=\"http:\/\/jirirybar.tumblr.com\/post\/32346336643\/lide-musi-zit-zdraveji-a-kdyz-si-to-neuvedomuji\">spr\u00e1vn\u011b motivuj\u00edc\u00edch ministr\u016f zdravotnictv\u00ed<\/a> se  v\u0161ak brzy do\u010dk\u00e1me zm\u011bny. Ve v\u00fdsledku mo\u017en\u00e1 dokonce toho, co ji\u017e bylo v  seri\u00e1lu Hospoda (v epizod\u011b Neku\u0159\u00e1ck\u00fd den) z\u00e1v\u011brem rozhovoru hospodsk\u00e9ho s  ortodoxn\u00edm neku\u0159\u00e1kem a u\u010ditelem t\u011blocviku.<\/p>\n<p style=\"text-align: center;\"><em>&#8222;No vida a jde to.&#8220;<\/p>\n<p><\/em><em>&#8222;Co jako jde?&#8220;<\/em><\/p>\n<p style=\"text-align: center;\"><em>&#8222;Aby byl v hospod\u00e1ch kr\u00e1sn\u00fd, \u010dist\u00fd a d\u00fdchateln\u00fd vzduch.&#8220;<\/p>\n<p><\/em><em>&#8222;A \u017ee tu nejsou lidi, to v\u00e1m nevad\u00ed?&#8220;<\/em><\/p>\n<p style=\"text-align: center;\"><em>&#8222;Mhehehe&#8230; A pro\u010d by mi to m\u011blo vadit?&#8220;<\/em><\/p>\n<p style=\"text-align: center;\"><em> <\/em><\/p>\n<p style=\"text-align: left;\"><em>Ji\u0159\u00ed Ryb\u00e1\u0159 je \u010dlenem Svobodn\u00fdch<\/em><\/p>\n<p style=\"text-align: left;\"><a href=\"http:\/\/jirirybar.blog.idnes.cz\/c\/345872\/Ceska-republika-zrusi-zakon-ktery-je-nejlepsi-v-Evrope.html\" target=\"_blank\">Zdroj<\/a><em><br \/>\n<\/em><\/p>\n<\/div>\n","protected":false},"excerpt":{"rendered":"<p>Medi\u00e1ln\u00ed \u00fachylka srovn\u00e1vat r\u016fzn\u00e9 jednotlivosti v \u010cR s Evropou (a hlavn\u011b tzv. &#8222;z\u00e1padem&#8220;) se s \u017eeleznou pravidelnost\u00ed objevuje v \u010cesk\u00e9 televizi, zejm\u00e9na, pokud jde o kou\u0159en\u00ed. Jsme dost evrop\u0161t\u00ed? B\u011b\u017e\u00edme ve stejn\u00e9m tempu?\u00a0Nezaost\u00e1v\u00e1me n\u00e1hodou v budov\u00e1n\u00ed socialismu?<\/p>\n","protected":false},"author":1,"featured_media":0,"comment_status":"open","ping_status":"open","sticky":false,"template":"","format":"standard","meta":{"ngg_post_thumbnail":0,"footnotes":""},"categories":[11],"tags":[],"class_list":["post-3910","post","type-post","status-publish","format-standard","hentry","category-ozvena"],"_links":{"self":[{"href":"https:\/\/www.ladislavjakl.cz\/index.php?rest_route=\/wp\/v2\/posts\/3910","targetHints":{"allow":["GET"]}}],"collection":[{"href":"https:\/\/www.ladislavjakl.cz\/index.php?rest_route=\/wp\/v2\/posts"}],"about":[{"href":"https:\/\/www.ladislavjakl.cz\/index.php?rest_route=\/wp\/v2\/types\/post"}],"author":[{"embeddable":true,"href":"https:\/\/www.ladislavjakl.cz\/index.php?rest_route=\/wp\/v2\/users\/1"}],"replies":[{"embeddable":true,"href":"https:\/\/www.ladislavjakl.cz\/index.php?rest_route=%2Fwp%2Fv2%2Fcomments&post=3910"}],"version-history":[{"count":2,"href":"https:\/\/www.ladislavjakl.cz\/index.php?rest_route=\/wp\/v2\/posts\/3910\/revisions"}],"predecessor-version":[{"id":3912,"href":"https:\/\/www.ladislavjakl.cz\/index.php?rest_route=\/wp\/v2\/posts\/3910\/revisions\/3912"}],"wp:attachment":[{"href":"https:\/\/www.ladislavjakl.cz\/index.php?rest_route=%2Fwp%2Fv2%2Fmedia&parent=3910"}],"wp:term":[{"taxonomy":"category","embeddable":true,"href":"https:\/\/www.ladislavjakl.cz\/index.php?rest_route=%2Fwp%2Fv2%2Fcategories&post=3910"},{"taxonomy":"post_tag","embeddable":true,"href":"https:\/\/www.ladislavjakl.cz\/index.php?rest_route=%2Fwp%2Fv2%2Ftags&post=3910"}],"curies":[{"name":"wp","href":"https:\/\/api.w.org\/{rel}","templated":true}]}}