{"id":3918,"date":"2013-06-06T14:01:25","date_gmt":"2013-06-06T12:01:25","guid":{"rendered":"http:\/\/www.ladislavjakl.cz\/?p=3918"},"modified":"2013-06-06T14:01:25","modified_gmt":"2013-06-06T12:01:25","slug":"za-%e2%80%9ecely%e2%80%9c-do-cely","status":"publish","type":"post","link":"https:\/\/www.ladislavjakl.cz\/?p=3918","title":{"rendered":"Za \u201ecel\u00fd\u201c do cely"},"content":{"rendered":"<p>Kdy\u017e jsem je\u0161t\u011b pracoval v\u00a0novin\u00e1ch, rozd\u00e1val jsem za  gramatick\u00e9 a stylistick\u00e9 proh\u0159e\u0161ky p\u011btistovkov\u00e9 pokuty. Hlavn\u011b za rusk\u00e9  genitivy a \u0161patn\u00e9 plur\u00e1ly ve t\u0159et\u00ed osob\u011b. A je\u0161t\u011b ne moc \u010dasto. Dnes by  si \u0161\u00e9fredakto\u0159i m\u011bli v\u00a0redakc\u00edch rad\u011bji po\u0159\u00eddit rovnou cely. A do t\u00e9  cely zav\u00edrat za slovo cel\u00fd.<\/p>\n<p><!--more--><\/p>\n<div>\n<p>Jojo, polovi\u010datost se  hlavn\u011b v\u00a0televizn\u00edch redakc\u00edch dnes nenos\u00ed. V\u0161e mus\u00ed b\u00fdt cel\u00e9. T\u0159eba i  n\u011bkolikr\u00e1t v\u00a0jedn\u00e9 v\u011bt\u011b a mnohokr\u00e1t v\u00a0jednom p\u0159\u00edsp\u011bvku. Z\u00e1sadn\u011b cel\u00fd  mus\u00ed b\u00fdt p\u0159\u00edpad nebo kauza. I probl\u00e9m mus\u00ed b\u00fdt cel\u00fd. Vy\u0161et\u0159ov\u00e1n\u00ed tak\u00e9  mus\u00ed b\u00fdt cel\u00e9, aby si div\u00e1k t\u0159eba nemyslel, \u017ee ho bude jen p\u016flka.  Dokonce jsem na Nov\u011b na vlastn\u00ed u\u0161i sly\u0161el obrat \u201ecel\u00e1 vra\u017eda\u201c. Asi aby  n\u00e1s nenapadlo, \u017ee n\u011bkoho \u0161patn\u011b zabili.<\/p>\n<p>Tohle redundantn\u00ed, neboli v\u00fdstelkov\u00e9 \u010di vatov\u00e9 slovo se \u0161\u00ed\u0159\u00ed jako  mor. P\u016fvodn\u011b m\u011blo sv\u016fj smysl, aby se j\u00edm explicitn\u011b zd\u016fraznilo, \u017ee nejde  jen o \u010d\u00e1st n\u011bjak\u00e9ho celku. Jen\u017ee se nyn\u00ed pou\u017e\u00edv\u00e1, i kdy\u017e \u017e\u00e1dn\u00e1 takov\u00e1  pochybnost nastat nem\u016f\u017ee a kdy je snad jasn\u011b, \u017ee pokud p\u0159\u00edpad za\u010dal,  za\u010dal prost\u011b cel\u00fd a ne od sv\u00e9 poloviny. A proto nem\u00e1 smysl \u0159\u00edkat, \u017ee  \u201ecel\u00fd p\u0159\u00edpad za\u010dal\u2026\u201c<\/p>\n<p>Na slovo <strong>cel\u00fd<\/strong> by m\u011bl b\u00fdt vyd\u00e1n p\u0159\u00edsn\u00fd z\u00e1kaz.  Report\u00e9ry by to nutilo j\u00edt rovnou k\u00a0v\u011bci bez pol\u0161t\u00e1\u0159e nebo si hledat  ekvivalenty, kter\u00e9 by nesly n\u011bjak\u00fd v\u00fdznam. A div\u00e1ci by si na cel\u00fd ve\u010der  odpo\u010dinuli. Nebo aspo\u0148 na jeho kousek.<\/p>\n<p>V\u00a0televizi pracuje jeden moder\u00e1tor, nyn\u00ed sp\u00ed\u0161e hlasatel, kter\u00fd je asi  l\u00edn\u00fd u\u010dit se k\u0159estn\u00ed jm\u00e9na lid\u00ed, o kter\u00fdch mluv\u00ed, tak m\u00edsto nich se  \u017eeleznou pravidelnost\u00ed po\u0159\u00e1d dokola pou\u017e\u00edv\u00e1 slovo \u201epan\u201c a \u201epan\u00ed\u201c. U\u017e  jsem od n\u011bj sly\u0161el i v\u00fdraz \u201epan Hitler\u201c a \u201epan Stalin.\u201c Je mu hloup\u00e9  \u0159\u00edci jen p\u0159\u00edjmen\u00ed, titul zpravidla nezn\u00e1, tak \u201epanuje\u201c, jak naz\u00fdv\u00e1m  tenhle jeho protivn\u00fd zlozvyk. Report\u00e9\u0159i, o kter\u00fdch jsem dnes psal, ti  zase \u201eceluj\u00ed\u201c.<\/p>\n<p>Tak a\u0165 n\u00e1m u\u017e s\u00a0t\u00edm celov\u00e1n\u00ed poceluj\u00ed z\u00e1da. Nebo do cely s\u00a0nimi.<\/p>\n<p><a href=\"http:\/\/jakl.blog.idnes.cz\/c\/346218\/Za-cely-do-cely.html\" target=\"_blank\">Zdroj<\/a><\/div>\n","protected":false},"excerpt":{"rendered":"<p>Kdy\u017e jsem je\u0161t\u011b pracoval v\u00a0novin\u00e1ch, rozd\u00e1val jsem za gramatick\u00e9 a stylistick\u00e9 proh\u0159e\u0161ky p\u011btistovkov\u00e9 pokuty. Hlavn\u011b za rusk\u00e9 genitivy a \u0161patn\u00e9 plur\u00e1ly ve t\u0159et\u00ed osob\u011b. A je\u0161t\u011b ne moc \u010dasto. Dnes by si \u0161\u00e9fredakto\u0159i m\u011bli v\u00a0redakc\u00edch rad\u011bji po\u0159\u00eddit rovnou cely. A do t\u00e9 cely zav\u00edrat za slovo cel\u00fd.<\/p>\n","protected":false},"author":1,"featured_media":0,"comment_status":"open","ping_status":"open","sticky":false,"template":"","format":"standard","meta":{"ngg_post_thumbnail":0,"footnotes":""},"categories":[10],"tags":[],"class_list":["post-3918","post","type-post","status-publish","format-standard","hentry","category-zlehka"],"_links":{"self":[{"href":"https:\/\/www.ladislavjakl.cz\/index.php?rest_route=\/wp\/v2\/posts\/3918","targetHints":{"allow":["GET"]}}],"collection":[{"href":"https:\/\/www.ladislavjakl.cz\/index.php?rest_route=\/wp\/v2\/posts"}],"about":[{"href":"https:\/\/www.ladislavjakl.cz\/index.php?rest_route=\/wp\/v2\/types\/post"}],"author":[{"embeddable":true,"href":"https:\/\/www.ladislavjakl.cz\/index.php?rest_route=\/wp\/v2\/users\/1"}],"replies":[{"embeddable":true,"href":"https:\/\/www.ladislavjakl.cz\/index.php?rest_route=%2Fwp%2Fv2%2Fcomments&post=3918"}],"version-history":[{"count":2,"href":"https:\/\/www.ladislavjakl.cz\/index.php?rest_route=\/wp\/v2\/posts\/3918\/revisions"}],"predecessor-version":[{"id":3920,"href":"https:\/\/www.ladislavjakl.cz\/index.php?rest_route=\/wp\/v2\/posts\/3918\/revisions\/3920"}],"wp:attachment":[{"href":"https:\/\/www.ladislavjakl.cz\/index.php?rest_route=%2Fwp%2Fv2%2Fmedia&parent=3918"}],"wp:term":[{"taxonomy":"category","embeddable":true,"href":"https:\/\/www.ladislavjakl.cz\/index.php?rest_route=%2Fwp%2Fv2%2Fcategories&post=3918"},{"taxonomy":"post_tag","embeddable":true,"href":"https:\/\/www.ladislavjakl.cz\/index.php?rest_route=%2Fwp%2Fv2%2Ftags&post=3918"}],"curies":[{"name":"wp","href":"https:\/\/api.w.org\/{rel}","templated":true}]}}