{"id":393,"date":"2010-06-03T13:26:45","date_gmt":"2010-06-03T12:26:45","guid":{"rendered":"http:\/\/www.ladislavjakl.cz\/?p=393"},"modified":"2010-06-03T13:26:45","modified_gmt":"2010-06-03T12:26:45","slug":"neni-mozne-aby-klaus-mezi-reci-jmenoval-premiera-mini-jakl","status":"publish","type":"post","link":"https:\/\/www.ladislavjakl.cz\/?p=393","title":{"rendered":"Nen\u00ed mo\u017en\u00e9, aby Klaus mezi \u0159e\u010d\u00ed jmenoval premi\u00e9ra, m\u00edn\u00ed Jakl"},"content":{"rendered":"<p><strong>Prezident\u016fv tajemn\u00edk  Ladislav Jakl u\u017e m\u00e1 dost vlezl\u00e9 zimy. P\u0159\u00e1l by si, kdyby skute\u010dn\u011b bylo  n\u011bjak\u00e9 glob\u00e1ln\u00ed oteplov\u00e1n\u00ed, kter\u00e9 by ho zah\u0159\u00e1lo. Klaus pr\u00fd bude jmenovat  premi\u00e9ra, a\u017e budou jasn\u011bj\u0161\u00ed povolebn\u00ed jedn\u00e1n\u00ed.<\/strong><\/p>\n<p><strong><!--more--><\/strong>&#8222;Dostaly se ke mn\u011b sn\u00edmky severn\u00ed polokoule a zaledn\u011bn\u00fdch oblast\u00ed z  leto\u0161ka a z roku 1990. A\u00a0ledu je v\u00edc a v\u00edc,&#8220; ironizoval sv\u011btov\u00fd fenom\u00e9n  glob\u00e1ln\u00edho oteplov\u00e1n\u00ed, kter\u00fd spolu s prezidentem Klausem vytrvale  pop\u00edr\u00e1.<\/p>\n<p>Dodal, \u017ee by uv\u00edtal, kdyby bylo hezky hlavn\u011b v sobotu. To toti\u017e hraje s  kapelou pod \u0161ir\u00fdm nebem.<\/p>\n<p><strong>N\u011bco shnil\u00e9ho ve velk\u00fdch stran\u00e1ch<\/strong><\/p>\n<p>Velk\u00fd \u00fasp\u011bch mal\u00fdch stran je podle n\u011bj celkem\u00a0lehce vysv\u011btliteln\u00fd.  &#8222;Obrovsk\u00e9 mno\u017estv\u00ed hlas\u016f bylo k dispozici t\u00e9m\u011b\u0159 zadarmo, byly protestn\u00ed.  Protestovaly v\u016f\u010di velk\u00fdm stran\u00e1m, sta\u010dilo je jen\u00a0dob\u0159e oslovit a starat  se o n\u011b,&#8220; \u0159ekl v \u00fatern\u00edch Dvaceti minut\u00e1ch Radio\u017eurn\u00e1lu.<\/p>\n<p>Neodpustil si r\u00fdpnut\u00ed. Kdyby se toti\u017e o\u00a0zm\u00edn\u011bn\u00e9 hlasy velk\u00e9 strany l\u00e9pe  staraly, nikdy by k m\u00e1n\u00ed nebyly.<\/p>\n<p><strong>On m\u00e1 r\u00e1d zv\u00ed\u0159\u00e1tka, toho zakrou\u017ekuji<\/strong><\/p>\n<p>S\u00e1m Jakl volil Svobodn\u00e9 Petra Macha, kte\u0159\u00ed podle n\u011bj maj\u00ed ideu. Na  kandid\u00e1tce nikoho nekrou\u017ekoval, bral listinu jako kompletn\u00ed produkt,  kter\u00fd mu strana sv\u011b\u0159ila.<\/p>\n<p>Krou\u017ekov\u00e1n\u00ed je podle n\u011bj tak\u00e9 v mnoha aspektech o\u0161idn\u00e9. &#8222;\u010casto z toho  t\u011b\u017e\u00ed lidi s p\u011bkn\u011b vypadaj\u00edc\u00edm jm\u00e9nem, v\u011bkem nebo profes\u00ed. Kdy\u017e\u00a0je  n\u011bkdo\u00a0ekolog, voli\u010di si\u00a0\u0159eknou, \u017ee m\u00e1 r\u00e1d zv\u00ed\u0159\u00e1tka a zvol\u00ed ho. Stejn\u011b  tak l\u00e9ka\u0159i. Jsou zkr\u00e1tka profese, kter\u00e9 dost\u00e1vaj\u00ed krou\u017eky t\u00e9m\u011b\u0159  zadarmo.&#8220;<\/p>\n<p><strong>Chcete narychlo sp\u00edchl\u00e9ho premi\u00e9ra?<\/strong><\/p>\n<p>Jakl mimo jin\u00e9 utlumil vol\u00e1n\u00ed po tom, aby prezident co nejrychleji  pov\u011b\u0159il n\u011bkoho ustanoven\u00edm vl\u00e1dy.<\/p>\n<p>&#8222;Ono kdy\u017e se \u0159ekne &#8218;pov\u011b\u0159it n\u011bkoho sestaven\u00edm vl\u00e1dy&#8216; \u010dlov\u011bku to kolikr\u00e1t  nep\u0159ijde nijak z\u00e1vratn\u00e9. Ten, kdo sestavuje vl\u00e1du, je ov\u0161em premi\u00e9r.  Znamen\u00e1 to tedy, \u017ee m\u00e1 prezident jmenovat p\u0159edsedu vl\u00e1dy,&#8220; vysv\u011btlil  form\u00e1ln\u00ed n\u00e1le\u017eitosti v\u011bci.<\/p>\n<p>&#8222;To v\u00fdznam toho aktu hned stoupne.\u00a0V\u00edte p\u0159eci, \u017ee nen\u00ed mo\u017en\u00e9 jen tak  mezi \u0159e\u010d\u00ed zvolit n\u011bkoho p\u0159edsedou vl\u00e1dy,&#8220; dodal. Prezident si podle n\u011bj  zodpov\u011bdn\u011b po\u010dk\u00e1, a\u017e zda bude vytvo\u0159ena stabiln\u00ed koalice, a podle toho  se za\u0159\u00edd\u00ed.<\/p>\n<p>Koali\u010dn\u00ed podm\u00ednky by podle n\u011bj m\u011bly b\u00fdt zalo\u017eeny na kompromisu v\u0161ech  z\u00fa\u010dastn\u011bn\u00fdch stran a vl\u00e1da by se m\u011bla ustanovit co nejd\u0159\u00edve. &#8222;Ob\u010dan\u00e9  p\u0159ece ne\u0161li k volb\u00e1m, abychom se tu n\u011bkolik m\u011bs\u00edc\u016f d\u00edvali na h\u00e1dky,&#8220;  dodal.<\/p>\n<p>Zdroj: parlamentnilisty.cz<\/p>\n","protected":false},"excerpt":{"rendered":"<p>Prezident\u016fv tajemn\u00edk Ladislav Jakl u\u017e m\u00e1 dost vlezl\u00e9 zimy. P\u0159\u00e1l by si, kdyby skute\u010dn\u011b bylo n\u011bjak\u00e9 glob\u00e1ln\u00ed oteplov\u00e1n\u00ed, kter\u00e9 by ho zah\u0159\u00e1lo. Klaus pr\u00fd bude jmenovat premi\u00e9ra, a\u017e budou jasn\u011bj\u0161\u00ed povolebn\u00ed jedn\u00e1n\u00ed.<\/p>\n","protected":false},"author":1,"featured_media":0,"comment_status":"open","ping_status":"open","sticky":false,"template":"","format":"standard","meta":{"ngg_post_thumbnail":0,"footnotes":""},"categories":[11],"tags":[],"class_list":["post-393","post","type-post","status-publish","format-standard","hentry","category-ozvena"],"_links":{"self":[{"href":"https:\/\/www.ladislavjakl.cz\/index.php?rest_route=\/wp\/v2\/posts\/393","targetHints":{"allow":["GET"]}}],"collection":[{"href":"https:\/\/www.ladislavjakl.cz\/index.php?rest_route=\/wp\/v2\/posts"}],"about":[{"href":"https:\/\/www.ladislavjakl.cz\/index.php?rest_route=\/wp\/v2\/types\/post"}],"author":[{"embeddable":true,"href":"https:\/\/www.ladislavjakl.cz\/index.php?rest_route=\/wp\/v2\/users\/1"}],"replies":[{"embeddable":true,"href":"https:\/\/www.ladislavjakl.cz\/index.php?rest_route=%2Fwp%2Fv2%2Fcomments&post=393"}],"version-history":[{"count":2,"href":"https:\/\/www.ladislavjakl.cz\/index.php?rest_route=\/wp\/v2\/posts\/393\/revisions"}],"predecessor-version":[{"id":395,"href":"https:\/\/www.ladislavjakl.cz\/index.php?rest_route=\/wp\/v2\/posts\/393\/revisions\/395"}],"wp:attachment":[{"href":"https:\/\/www.ladislavjakl.cz\/index.php?rest_route=%2Fwp%2Fv2%2Fmedia&parent=393"}],"wp:term":[{"taxonomy":"category","embeddable":true,"href":"https:\/\/www.ladislavjakl.cz\/index.php?rest_route=%2Fwp%2Fv2%2Fcategories&post=393"},{"taxonomy":"post_tag","embeddable":true,"href":"https:\/\/www.ladislavjakl.cz\/index.php?rest_route=%2Fwp%2Fv2%2Ftags&post=393"}],"curies":[{"name":"wp","href":"https:\/\/api.w.org\/{rel}","templated":true}]}}