{"id":3930,"date":"2013-06-11T10:41:43","date_gmt":"2013-06-11T08:41:43","guid":{"rendered":"http:\/\/www.ladislavjakl.cz\/?p=3930"},"modified":"2013-06-11T10:42:12","modified_gmt":"2013-06-11T08:42:12","slug":"jaklvitezne-pivo-melo-vsechno-co-psenice-ma-mit","status":"publish","type":"post","link":"https:\/\/www.ladislavjakl.cz\/?p=3930","title":{"rendered":"Jakl:V\u00edt\u011bzn\u00e9 pivo m\u011blo v\u0161echno co &#8222;p\u0161enice&#8220; m\u00e1 m\u00edt"},"content":{"rendered":"<p>V Prvn\u00ed Pivn\u00ed Tramwayi prob\u011bhla ji\u017e t\u0159et\u00ed degustace v\u011bnovan\u00e1  p\u0161eni\u010dn\u00fdm piv\u016fm. Degustaci provedla Prvn\u00ed pivn\u00ed extraliga, kter\u00e1 se  tomuto pivn\u00edmu stylu v\u011bnuje pom\u011brn\u011b systematicky.<\/p>\n<p><!--more--><img loading=\"lazy\" decoding=\"async\" id=\"zpravy_image_edee6a32-d0f4-11e2-8668-003048df98d0ccfc3491e2c54e02a6b891b965bdaf8a\" title=\"Jakl:V\u00edt\u011bzn\u00e9  pivo m\u011blo v\u0161echno co &quot;p\u0161enice&quot; m\u00e1 m\u00edt\" src=\"http:\/\/www.prazskenovinky.cz\/repository\/zpravy\/_antialias_edee6a32-d0f4-11e2-8668-003048df98d0_a0a7d9c03537baa203eafd69a348b24a.jpg\" alt=\"Jakl:V\u00edt\u011bzn\u00e9  pivo m\u011blo v\u0161echno co &quot;p\u0161enice&quot; m\u00e1 m\u00edt\" width=\"369\" height=\"246\" \/><\/p>\n<div>Degust\u00e1to\u0159i p\u0159i odpov\u011bdn\u00e9 pr\u00e1ci<\/div>\n<div><strong>9.\u010derven 2013 &#8211; 14:00<\/strong><\/div>\n<div id=\"zprava_text\">\n<div>C\u00edle byly dva:  jednak otestovat nov\u00e9 p\u0161eni\u010dn\u00e9 pivo z Kru\u0161ovic, jednak obecn\u011b zmapovat  nab\u00eddku p\u0161eni\u010dn\u00fdch piv typu weizen v b\u011b\u017en\u00e9 obchodn\u00ed s\u00edti. P\u0159ekvapiv\u00fdm  v\u00edt\u011bzem degustace p\u0161eni\u010dn\u00fdch piv se stal Velen z pivovaru \u010cern\u00e1 Hora.<\/p>\n<p>&#8222;Kdy\u017e  byl Velen uveden na trh, bylo to velmi p\u0159\u00edjemn\u00e9 zpest\u0159en\u00ed, ale posledn\u00ed  l\u00e9ta byl velmi kol\u00edsav\u00e9 kvality, tak\u017ee jeho um\u00edst\u011bn\u00ed n\u00e1s v\u0161echny  p\u0159ekvapilo. Z\u0159ejm\u011b zde zapracoval p\u0159echod na nov\u00e9 kmeny kvasinek. Pivo  m\u011blo v\u0161echno co p\u0161enice m\u00e1 m\u00edt, sv\u011b\u017e\u00ed v\u016fni po ban\u00e1nech, p\u0159\u00edjemnou plnost  a z\u00e1rove\u0148 lehkost, \u201e uv\u00e1d\u00ed Ladislav Jakl, prezident Prvn\u00ed pivn\u00ed  extraligy.<\/p>\n<p>Komer\u010dn\u00ed v\u00fdrob\u011b se v sou\u010dasn\u00e9 dob\u011b v\u011bnuj\u00ed pouze \u010dty\u0159i  pivovary: Prim\u00e1tor N\u00e1chod, Herold B\u0159eznice, \u010cern\u00e1 Hora a nov\u011b i  Kru\u0161ovice. Proto bylo za\u0159azeno je\u0161t\u011b p\u0161eni\u010dn\u00e9 pivo z minipivovaru Permon  Sokolov, st\u00e1\u010den\u00e9 do p\u016fllitrov\u00fdch l\u00e1hv\u00ed a zahrani\u010dn\u00ed p\u0161eni\u010dn\u00e1 piva &#8211;  Paulaner, kter\u00fd je k dost\u00e1n\u00ed prakticky v\u0161ude, Erdinger Weissbier (nab\u00edz\u00ed  u\u017e jen \u0159et\u011bzec Billa) a Stephans Brau Hefeweizen (marketov\u00e9 pivo k  dost\u00e1n\u00ed v \u0159et\u011bzc\u00edch Kaufland).<\/p>\n<p>Tak byla tedy dohromady sestavena  kolekce osmi vzork\u016f a mohlo doj\u00edt k plnohodnotn\u00e9 degustaci.Jak se ji\u017e\u00a0 v  t\u011bchto sout\u011b\u017e\u00edch st\u00e1v\u00e1 tradic\u00ed, degustace byla prov\u00e1d\u011bna dvoukolov\u011b \u2013 v  prvn\u00edm kole samotn\u00fdmi \u010dleny PPE, v kole druh\u00e9m skupinou mlad\u00fdch dam,  kter\u00e9 se v\u0161ak sv\u00e9ho \u00fakolu zhostily nem\u00e9n\u011b zodpov\u011bdn\u011b, ba a\u017e fundovan\u011b.<\/p>\n<div><img loading=\"lazy\" decoding=\"async\" src=\"http:\/\/www.prazskenovinky.cz\/repository\/sanep_grafy\/degustace_zeny.jpg\" alt=\"\" width=\"420\" height=\"314\" \/><br \/>\n<em>Mlad\u00e9 d\u00e1my se zhostily \u00fakolu degustace zodpov\u011bdn\u011b<\/em><\/div>\n<\/div>\n<div>D\u00edky  tomuto syst\u00e9mu vznikly hned t\u0159i v\u00fdsledkov\u00e9 listiny. Prvn\u00ed na z\u00e1klad\u011b  hodnocen\u00ed \u010dlen\u016f PPE, druh\u00e1 dle \u00fasudku mlad\u00fdch dam a t\u0159et\u00ed \u2013 absolutn\u00ed \u2013  je sou\u010dtem bodov\u00e1n\u00ed obou komor.Ztohoto d\u016fvodu se tak\u00e9 vzorky nebodovaly  tak, jak je b\u011b\u017en\u00e9 p\u0159i norm\u00e1ln\u00edch degustac\u00edch, ale ur\u010dovalo se po\u0159ad\u00ed od  1. do 8. m\u00edsta, aby se p\u0159ede\u0161lo p\u0159\u00edpadn\u00fdm rozd\u00edl\u016fm v kalibraci.<\/p>\n<p>\u201eMluv\u00edme-li  o Kru\u0161ovic\u00edch, jedn\u00e1 se o novinku, kterou jsme je\u0161t\u011b netestovali, a zd\u00e1  se, \u017ee je to dobr\u00fd po\u010din. Jsme r\u00e1di, \u017ee se n\u011bkter\u00fd z velk\u00fdch pivovar\u016f  se chopil v\u00fdzvy pustit se na pole p\u0161enic (do t\u00e9to chv\u00edle se t\u00edmto  segmentem zab\u00fdvali jen mikropivovary) a usp\u011bl dob\u0159e,\u201c dod\u00e1v\u00e1 Jakl.<\/p><\/div>\n<div><a href=\"http:\/\/www.prazskenovinky.cz\/zpravy\/regiony\/jaklvitezne-pivo-melo-vsechno-co-psenice-ma-mit\/\" target=\"_blank\">Zdroj<\/a><\/div>\n<\/div>\n","protected":false},"excerpt":{"rendered":"<p>V Prvn\u00ed Pivn\u00ed Tramwayi prob\u011bhla ji\u017e t\u0159et\u00ed degustace v\u011bnovan\u00e1 p\u0161eni\u010dn\u00fdm piv\u016fm. Degustaci provedla Prvn\u00ed pivn\u00ed extraliga, kter\u00e1 se tomuto pivn\u00edmu stylu v\u011bnuje pom\u011brn\u011b systematicky.<\/p>\n","protected":false},"author":1,"featured_media":0,"comment_status":"open","ping_status":"open","sticky":false,"template":"","format":"standard","meta":{"ngg_post_thumbnail":0,"footnotes":""},"categories":[11],"tags":[],"class_list":["post-3930","post","type-post","status-publish","format-standard","hentry","category-ozvena"],"_links":{"self":[{"href":"https:\/\/www.ladislavjakl.cz\/index.php?rest_route=\/wp\/v2\/posts\/3930","targetHints":{"allow":["GET"]}}],"collection":[{"href":"https:\/\/www.ladislavjakl.cz\/index.php?rest_route=\/wp\/v2\/posts"}],"about":[{"href":"https:\/\/www.ladislavjakl.cz\/index.php?rest_route=\/wp\/v2\/types\/post"}],"author":[{"embeddable":true,"href":"https:\/\/www.ladislavjakl.cz\/index.php?rest_route=\/wp\/v2\/users\/1"}],"replies":[{"embeddable":true,"href":"https:\/\/www.ladislavjakl.cz\/index.php?rest_route=%2Fwp%2Fv2%2Fcomments&post=3930"}],"version-history":[{"count":3,"href":"https:\/\/www.ladislavjakl.cz\/index.php?rest_route=\/wp\/v2\/posts\/3930\/revisions"}],"predecessor-version":[{"id":3933,"href":"https:\/\/www.ladislavjakl.cz\/index.php?rest_route=\/wp\/v2\/posts\/3930\/revisions\/3933"}],"wp:attachment":[{"href":"https:\/\/www.ladislavjakl.cz\/index.php?rest_route=%2Fwp%2Fv2%2Fmedia&parent=3930"}],"wp:term":[{"taxonomy":"category","embeddable":true,"href":"https:\/\/www.ladislavjakl.cz\/index.php?rest_route=%2Fwp%2Fv2%2Fcategories&post=3930"},{"taxonomy":"post_tag","embeddable":true,"href":"https:\/\/www.ladislavjakl.cz\/index.php?rest_route=%2Fwp%2Fv2%2Ftags&post=3930"}],"curies":[{"name":"wp","href":"https:\/\/api.w.org\/{rel}","templated":true}]}}