{"id":3934,"date":"2013-06-12T13:55:12","date_gmt":"2013-06-12T11:55:12","guid":{"rendered":"http:\/\/www.ladislavjakl.cz\/?p=3934"},"modified":"2013-06-12T13:55:12","modified_gmt":"2013-06-12T11:55:12","slug":"klausuv-jakl-se-vraci-na-hrad-jako-prezident-jak-je-to-mozne","status":"publish","type":"post","link":"https:\/\/www.ladislavjakl.cz\/?p=3934","title":{"rendered":"Klaus\u016fv Jakl se vrac\u00ed na Hrad jako prezident. Jak je to mo\u017en\u00e9?"},"content":{"rendered":"<p>Praha &#8211; Mysl\u00edte si, \u017ee Ladislav Jakl, spolupracovn\u00edk V\u00e1clava Klause, zmizel z Hradu? Tak to se \u0161eredn\u011b m\u00fdl\u00edte. V p\u016fli \u010dervna se na n\u011bj vr\u00e1t\u00ed, a to jako prezident. Opravdu!<\/p>\n<p><!--more--><\/p>\n<p>Ladislav Jakl byl tajemn\u00edkem prezidenta Klause. S nov\u00fdm prezidentem Zemanem ale spolupracovat odm\u00edtl a ode\u0161el. Moment\u00e1ln\u011b spolupracuje s exprezidentem v jeho institutu. Z\u00e1rove\u0148 je ale tento milovn\u00edk piva prezidentem Prvn\u00ed pivn\u00ed extraligy.<\/p>\n<p>Jako takov\u00fd se vr\u00e1t\u00ed v p\u016flce \u010dervna na Hrad, kde se bude odehr\u00e1vat festival Pivo na Hrad. Bude se jednat ji\u017e o druh\u00fd ro\u010dn\u00edk.<\/p>\n<p>&#8222;Mo\u017en\u00e1 si leckdo z v\u00e1s mysl\u00ed, \u017ee po m\u00e9m odchodu z Hradu je toto posv\u00e1tn\u00e9 m\u00edsto okupov\u00e1no jen becherovkou a slivovic\u00ed. Ale nen\u00ed tomu tak. N\u011bco p\u0159etrvalo. Loni zalo\u017een\u00fd festival Pivo na Hrad m\u00e1 sv\u00e9 pokra\u010dov\u00e1n\u00ed i v nov\u00e9 dob\u011b,&#8220; uv\u00e1d\u00ed k tomu Jakl.<\/p>\n<p>Po\u0159adatelem akce je \u010ceskomoravsk\u00fd svaz minipivovar\u016f a sv\u00e1 piva na t\u00e9to akci p\u0159edstav\u00ed v\u00edce jak 60 mikropivovar\u016f.<\/p>\n<p><a href=\"http:\/\/m.domaci.eurozpravy.cz\/spolecnost\/71602-klausuv-jakl-se-vraci-na-hrad-jako-prezident-jak-je-to-mozne\/\" target=\"_blank\">Zdroj<\/a><\/p>\n","protected":false},"excerpt":{"rendered":"<p>Praha &#8211; Mysl\u00edte si, \u017ee Ladislav Jakl, spolupracovn\u00edk V\u00e1clava Klause, zmizel z Hradu? Tak to se \u0161eredn\u011b m\u00fdl\u00edte. V p\u016fli \u010dervna se na n\u011bj vr\u00e1t\u00ed, a to jako prezident. Opravdu!<\/p>\n","protected":false},"author":1,"featured_media":0,"comment_status":"open","ping_status":"open","sticky":false,"template":"","format":"standard","meta":{"ngg_post_thumbnail":0,"footnotes":""},"categories":[11],"tags":[],"class_list":["post-3934","post","type-post","status-publish","format-standard","hentry","category-ozvena"],"_links":{"self":[{"href":"https:\/\/www.ladislavjakl.cz\/index.php?rest_route=\/wp\/v2\/posts\/3934","targetHints":{"allow":["GET"]}}],"collection":[{"href":"https:\/\/www.ladislavjakl.cz\/index.php?rest_route=\/wp\/v2\/posts"}],"about":[{"href":"https:\/\/www.ladislavjakl.cz\/index.php?rest_route=\/wp\/v2\/types\/post"}],"author":[{"embeddable":true,"href":"https:\/\/www.ladislavjakl.cz\/index.php?rest_route=\/wp\/v2\/users\/1"}],"replies":[{"embeddable":true,"href":"https:\/\/www.ladislavjakl.cz\/index.php?rest_route=%2Fwp%2Fv2%2Fcomments&post=3934"}],"version-history":[{"count":1,"href":"https:\/\/www.ladislavjakl.cz\/index.php?rest_route=\/wp\/v2\/posts\/3934\/revisions"}],"predecessor-version":[{"id":3935,"href":"https:\/\/www.ladislavjakl.cz\/index.php?rest_route=\/wp\/v2\/posts\/3934\/revisions\/3935"}],"wp:attachment":[{"href":"https:\/\/www.ladislavjakl.cz\/index.php?rest_route=%2Fwp%2Fv2%2Fmedia&parent=3934"}],"wp:term":[{"taxonomy":"category","embeddable":true,"href":"https:\/\/www.ladislavjakl.cz\/index.php?rest_route=%2Fwp%2Fv2%2Fcategories&post=3934"},{"taxonomy":"post_tag","embeddable":true,"href":"https:\/\/www.ladislavjakl.cz\/index.php?rest_route=%2Fwp%2Fv2%2Ftags&post=3934"}],"curies":[{"name":"wp","href":"https:\/\/api.w.org\/{rel}","templated":true}]}}