{"id":3945,"date":"2013-06-13T16:23:27","date_gmt":"2013-06-13T14:23:27","guid":{"rendered":"http:\/\/www.ladislavjakl.cz\/?p=3945"},"modified":"2013-06-13T16:23:27","modified_gmt":"2013-06-13T14:23:27","slug":"ladislav-jakl-snad-je-to-dobre-pripravene","status":"publish","type":"post","link":"https:\/\/www.ladislavjakl.cz\/?p=3945","title":{"rendered":"Ladislav Jakl: Snad je to dob\u0159e p\u0159ipraven\u00e9"},"content":{"rendered":"<p>K z\u00e1sahu  \u00datvaru pro odhalov\u00e1n\u00ed organizovan\u00e9ho zlo\u010dinu v budov\u011b \u00da\u0159adu vl\u00e1dy i pra\u017esk\u00e9ho Magistr\u00e1tu a  \u00fadajn\u00e9m zat\u010den\u00ed \u0159ady p\u0159edstavitel\u016f ODS se pro Prvnizpravy.cz vyj\u00e1d\u0159il Ladislav Jakl.<\/p>\n<p><!--more--><\/p>\n<p>&#8220; Snad je to dob\u0159e p\u0159ipraven\u00e9, &#8220; \u0159\u00edk\u00e1 Ladislav Jakl, tajemn\u00edk b\u00fdval\u00e9ho prezidenta V\u00e1clava Klause.<\/p>\n<p>&#8222;O chystan\u00e9m z\u00e1tahu si cvrlikaj\u00ed vrabci na pra\u017esk\u00fdch st\u0159ech\u00e1ch u\u017e tak t\u00fdden, o dobr\u00e9 p\u0159\u00edprav\u011b to moc nesv\u011bd\u010d\u00ed,&#8220; dod\u00e1v\u00e1 Ladislav Jakl.<\/p>\n<p><strong>Dal\u0161\u00ed akt\u00e9\u0159i mohou b\u00fdt v zahrani\u010d\u00ed?<\/strong><br \/>\nPodle sd\u011blen\u00ed Radio\u017eurn\u00e1lu n\u011bkte\u0159\u00ed dal\u0161\u00ed potenci\u00e1ln\u00ed mo\u017en\u00ed zat\u010den\u00ed jsou na cest\u00e1ch v zahrani\u010d\u00ed.<\/p>\n<p>V souvislosti s Janou Nagyovou u\u017e zazn\u00edvaj\u00ed hlasy z koali\u010dn\u00ed TOP 09, \u017ee pokud se d\u016fvodnost jej\u00edho zat\u010den\u00ed potvrd\u00ed, premi\u00e9r by m\u011bl odstoupit.<\/p>\n<p>Sn\u011bmovna p\u0159eru\u0161ila jedn\u00e1n\u00ed a \u010dek\u00e1 na vysv\u011btlen\u00ed premi\u00e9ra k cel\u00e9 akci.<\/p>\n<p>Prezident Milo\u0161 Zeman tak\u00e9 po\u017eaduje vysv\u011btlen\u00ed toho co se stalo od premi\u00e9ra Petra Ne\u010dase.<\/p>\n<p><a href=\"http:\/\/www.prvnizpravy.cz\/zpravy\/zpravy\/ladislav-jakl-snad-je-to-dobre-pripravene\/\" target=\"_blank\">Zdroj<\/a><\/p>\n","protected":false},"excerpt":{"rendered":"<p>K z\u00e1sahu \u00datvaru pro odhalov\u00e1n\u00ed organizovan\u00e9ho zlo\u010dinu v budov\u011b \u00da\u0159adu vl\u00e1dy i pra\u017esk\u00e9ho Magistr\u00e1tu a \u00fadajn\u00e9m zat\u010den\u00ed \u0159ady p\u0159edstavitel\u016f ODS se pro Prvnizpravy.cz vyj\u00e1d\u0159il Ladislav Jakl.<\/p>\n","protected":false},"author":1,"featured_media":0,"comment_status":"open","ping_status":"open","sticky":false,"template":"","format":"standard","meta":{"ngg_post_thumbnail":0,"footnotes":""},"categories":[11],"tags":[],"class_list":["post-3945","post","type-post","status-publish","format-standard","hentry","category-ozvena"],"_links":{"self":[{"href":"https:\/\/www.ladislavjakl.cz\/index.php?rest_route=\/wp\/v2\/posts\/3945","targetHints":{"allow":["GET"]}}],"collection":[{"href":"https:\/\/www.ladislavjakl.cz\/index.php?rest_route=\/wp\/v2\/posts"}],"about":[{"href":"https:\/\/www.ladislavjakl.cz\/index.php?rest_route=\/wp\/v2\/types\/post"}],"author":[{"embeddable":true,"href":"https:\/\/www.ladislavjakl.cz\/index.php?rest_route=\/wp\/v2\/users\/1"}],"replies":[{"embeddable":true,"href":"https:\/\/www.ladislavjakl.cz\/index.php?rest_route=%2Fwp%2Fv2%2Fcomments&post=3945"}],"version-history":[{"count":1,"href":"https:\/\/www.ladislavjakl.cz\/index.php?rest_route=\/wp\/v2\/posts\/3945\/revisions"}],"predecessor-version":[{"id":3946,"href":"https:\/\/www.ladislavjakl.cz\/index.php?rest_route=\/wp\/v2\/posts\/3945\/revisions\/3946"}],"wp:attachment":[{"href":"https:\/\/www.ladislavjakl.cz\/index.php?rest_route=%2Fwp%2Fv2%2Fmedia&parent=3945"}],"wp:term":[{"taxonomy":"category","embeddable":true,"href":"https:\/\/www.ladislavjakl.cz\/index.php?rest_route=%2Fwp%2Fv2%2Fcategories&post=3945"},{"taxonomy":"post_tag","embeddable":true,"href":"https:\/\/www.ladislavjakl.cz\/index.php?rest_route=%2Fwp%2Fv2%2Ftags&post=3945"}],"curies":[{"name":"wp","href":"https:\/\/api.w.org\/{rel}","templated":true}]}}