{"id":3948,"date":"2013-06-18T10:18:08","date_gmt":"2013-06-18T08:18:08","guid":{"rendered":"http:\/\/www.ladislavjakl.cz\/?p=3948"},"modified":"2013-06-18T10:20:25","modified_gmt":"2013-06-18T08:20:25","slug":"klausuv-jakl-k-afere-nagyova-kazdemu-troubovi-je-jasne-ze","status":"publish","type":"post","link":"https:\/\/www.ladislavjakl.cz\/?p=3948","title":{"rendered":"Klaus\u016fv Jakl k af\u00e9\u0159e Nagyov\u00e1: Ka\u017ed\u00e9mu troubovi je jasn\u00e9, \u017ee&#8230;"},"content":{"rendered":"<p>V \u010dasech vl\u00e1dy policie a st\u00e1tn\u00edch z\u00e1stupc\u016f je mo\u017en\u00e9 v\u0161e,  komentuje Ladislav Jakl rozs\u00e1hlou akci, kter\u00e1 vedla a\u017e rezignaci  premi\u00e9ra Ne\u010dase. K obvin\u011bn\u00fdm exposlanc\u016fm ODS Jakl uv\u00e1d\u00ed, \u017ee je to tot\u00e9\u017e,  jako kdyby po\u017e\u00e1dal sv\u00e9ho zn\u00e1m\u00e9ho guvern\u00e9ra \u010cNB, aby mu do hospody  p\u0159inesl deset kilo zlata. \u201eZlo\u010din by sp\u00e1chal on, ne j\u00e1,\u201c \u0159\u00edk\u00e1.<\/p>\n<p><!--more--><\/p>\n<p>Odpov\u011b\u010f na ot\u00e1zku, pro\u010d byla cel\u00e1 policejn\u00ed akce provedena tolik  ok\u00e1zal\u00fdm zp\u016fsobem s no\u010dn\u00edm zat\u00fdk\u00e1n\u00edm a stovkami zakuklenc\u016f nasazen\u00fdmi po  cel\u00e9 zemi, je podle Ladislava Jakla jasn\u00e1.<\/p>\n<p>\u201eAby i posledn\u00edmu troubovi do\u0161lo, \u017ee vl\u00e1da volen\u00fdch politik\u016f kon\u010d\u00ed a  za\u010d\u00edn\u00e1 vl\u00e1da policie, soudc\u016f a st\u00e1tn\u00edch z\u00e1stupc\u016f. Hodn\u011b lid\u00ed z toho h\u00fdk\u00e1  nad\u0161en\u00edm, proto\u017ee se myln\u011b domn\u00edvaj\u00ed, \u017ee v t\u00e9to nov\u00e9 dob\u011b budou v\u017edy a  za v\u0161ech okolnost\u00ed st\u00e1t na t\u00e9 spr\u00e1vn\u00e9 stran\u011b m\u0159\u00ed\u017ee,\u201c \u0159ekl pro  Parlamentn\u00edListy.cz b\u00fdval\u00fd tajemn\u00edk prezidenta a sou\u010dasn\u00fd \u0159editel Sekce  spole\u010densk\u00fdch studi\u00ed Institutu V\u00e1clava Klause Ladislav Jakl.<\/p>\n<h4>Bez mrtvoly nem\u00e1 Columbo co vy\u0161et\u0159ovat<\/h4>\n<p>Ten pr\u00fd rozhodn\u011b nehodl\u00e1 ve\u0159ejn\u011b spekulovat o tom, kdo mohl m\u00edt z cel\u00e9  akce prosp\u011bch. \u201eNepodlo\u017een\u00e9 ve\u0159ejn\u00e9 spekulace jsou v t\u011bchto chv\u00edl\u00edch  nezodpov\u011bdn\u00fdm zlem,\u201c sd\u011blil Jakl.<\/p>\n<p>St\u00edh\u00e1n\u00ed exposlanc\u016f ODS Tlucho\u0159e, \u0160najdra a Fuksy se pon\u011bkud zvl\u00e1\u0161tn\u011b  t\u00fdk\u00e1 toho, \u017ee rezignovali na poslaneck\u00fd mand\u00e1t v\u00fdm\u011bnou za posty ve  st\u00e1tn\u00edch \u010di polost\u00e1tn\u00edch firm\u00e1ch. By\u0165 to nemus\u00ed b\u00fdt zrovna mor\u00e1ln\u00ed, jde o  b\u011b\u017enou politickou praxi nejen v na\u0161\u00ed zemi.<\/p>\n<p>\u201eCht\u011blo by to semin\u00e1\u0159 pro st\u00e1tn\u00ed z\u00e1stupce na t\u00e9ma korupce. Tam by m\u011bl  n\u011bkdo na tabuli napsat velk\u00fdm p\u00edsmem slovo \u00daJMA. Ta je p\u0159ece vlastn\u00edm  j\u00e1drem ka\u017ed\u00e9ho zlo\u010dinu. To je ta vlastn\u00ed mrtvola, bez kter\u00e9 Columbo nem\u00e1  co \u0161et\u0159it. J\u00e1drem nebezpe\u010dnosti korup\u010dn\u00edho jedn\u00e1n\u00ed je pr\u00e1v\u011b n\u011bjak\u00e1  \u00fajma, n\u011bkomu zp\u016fsoben\u00e1 \u0161koda, tedy suboptim\u00e1ln\u00ed, \u010dili \u00famysln\u011b \u0161patn\u00e9  rozhodnut\u00ed toho, kdo m\u00e1 podle sv\u00e9ho nejlep\u0161\u00edho sv\u011bdom\u00ed h\u00e1jit n\u011b\u010d\u00ed z\u00e1jem,  nap\u0159\u00edklad st\u00e1tu,\u201c pokra\u010duje ex\u0159editel politick\u00e9ho odboru prezidentsk\u00e9  kancel\u00e1\u0159e.<\/p>\n<h4>Jak\u00fd trestn\u00fd \u010din sp\u00e1chala Nagyov\u00e1?<\/h4>\n<p>Pokud ho k tomu \u0161patn\u00e9mu rozhodnut\u00ed podle Jaklov\u00fdch slov n\u011bkdo ponouk\u00e1  slibem \u010di poskytnut\u00edm n\u011bjak\u00e9 v\u00fdhody, nen\u00ed toto ponouk\u00e1n\u00ed vlastn\u00ed  \u201evra\u017edou\u201c, ale pr\u00e1v\u011b jen n\u00e1vodem ke zlo\u010dinu. \u201eNech\u00e1pu, kde le\u017e\u00ed ony  \u201amrtvoly\u2018 pot\u00e9, co doty\u010dn\u00ed poslanci dostali po sv\u00e9m odstoupen\u00ed jinou  funkci. Jen to ukazuje, jak up\u0159\u00edmn\u00e9 byly jejich v\u00fdhrady ke zv\u00fd\u0161en\u00ed dan\u00ed.  Ale trestn\u00e9ho na tom nevid\u00edm nic. Leda\u017ee by sami ti poslanci tvrdili,  \u017ee byli k odstoupen\u00ed nuceni,\u201c m\u00edn\u00ed.<\/p>\n<p>Ale pak by naopak byli po\u0161kozen\u00fdmi a ne zav\u0159en\u00fdmi. \u201eA co se t\u00fd\u010de  soub\u011b\u017en\u00e9 kauzy pan\u00ed Nagyov\u00e9, zde tak\u00e9 moc nech\u00e1pu, jak\u00fd trestn\u00fd \u010din  mohla sp\u00e1chat. V jej\u00ed pravomoci p\u0159eci vyt\u011b\u017eov\u00e1n\u00ed arm\u00e1dn\u00edch \u0161pi\u00f3n\u016f  nebylo. Prost\u011b po\u017e\u00e1dala sv\u00e9 zn\u00e1m\u00e9 o slu\u017ebu,\u201c \u0159\u00edk\u00e1 Jakl.<\/p>\n<h4>Z\u00e1minka, jak n\u011bkoho sk\u0159\u00edpnout a zjistit informace o n\u011bkom jin\u00e9m\u2026<\/h4>\n<p>\u201eJako kdybych j\u00e1 po\u017e\u00e1dal guvern\u00e9ra centr\u00e1ln\u00ed banky, aby mi do hospody  p\u0159inesl deset kilo zlata. Copak bych t\u00edm n\u011bco sp\u00e1chal? Zcela jist\u011b by  ale zlo\u010din provedl on, pokud by mi to zlato opravdu donesl. Za vin\u00edky  (nev\u00edm, jestli po trestn\u00ed \u010di vojensk\u00e9 str\u00e1nce) lze ur\u010dit\u011b pova\u017eovat ty,  co na p\u0159\u00e1n\u00ed sv\u00e9 zn\u00e1m\u00e9 \u00fakolovali vojenskou rozv\u011bdku. Jej\u00ed provin\u011bn\u00ed je  sp\u00ed\u0161e mor\u00e1ln\u00ed a profesion\u00e1ln\u00ed, tak\u017ee na pad\u00e1ka to asi je, na krimin\u00e1l  ale dost t\u011b\u017eko,\u201c soud\u00ed Jakl.<\/p>\n<p>Jen\u017ee v \u010dasech vl\u00e1dy policie a st\u00e1tn\u00edch z\u00e1stupc\u016f je podle Jakla asi  mo\u017en\u00e9 v\u0161e. \u201eBu\u010f je to v\u0161echno naprost\u00e9 \u0161l\u00e1pnut\u00ed vedle, nebo z\u00e1minka, jak  n\u011bkoho sk\u0159\u00edpnout a pak z n\u011bj dostat informace o n\u011b\u010dem \u00fapln\u011b jin\u00e9m,\u201c  dod\u00e1v\u00e1 pro server Parlamentn\u00edchList\u016f.cz Ladislav Jakl.<\/p>\n<h4>Tlucho\u0159 je bez trafiky, p\u0159esto skon\u010dil ve vazb\u011b<\/h4>\n<p>V\u00a0t\u00e9 souvislosti je pom\u011brn\u011b zaj\u00edmav\u00e9, \u017ee byla uvalena vazba i na  exposlance Marka \u0160najdra, kter\u00fd se na policii po sv\u00e9m p\u0159\u00edjezdu zp\u011bt do  \u010cesk\u00e9 republiky p\u0159ihl\u00e1sil s\u00e1m, nechal se zatknout a vypov\u00eddal. Mo\u017en\u00e1  je\u0161t\u011b podivn\u011bj\u0161\u00ed je vazba Petra Tlucho\u0159e, kter\u00fd \u017e\u00e1dnou \u201etrafiku\u201c  n\u00e1hradou za rezignaci na poslaneck\u00fd mand\u00e1t nep\u0159ijal.<\/p>\n<p><a href=\"http:\/\/www.parlamentnilisty.cz\/zpravy\/kauzy\/Klausuv-Jakl-k-afere-Nagyova-Kazdemu-troubovi-je-jasne-ze-275967\" target=\"_blank\">Zdroj<\/a><\/p>\n","protected":false},"excerpt":{"rendered":"<p>V \u010dasech vl\u00e1dy policie a st\u00e1tn\u00edch z\u00e1stupc\u016f je mo\u017en\u00e9 v\u0161e, komentuje Ladislav Jakl rozs\u00e1hlou akci, kter\u00e1 vedla a\u017e rezignaci premi\u00e9ra Ne\u010dase. K obvin\u011bn\u00fdm exposlanc\u016fm ODS Jakl uv\u00e1d\u00ed, \u017ee je to tot\u00e9\u017e, jako kdyby po\u017e\u00e1dal sv\u00e9ho zn\u00e1m\u00e9ho guvern\u00e9ra \u010cNB, aby mu do hospody p\u0159inesl deset kilo zlata. \u201eZlo\u010din by sp\u00e1chal on, ne j\u00e1,\u201c \u0159\u00edk\u00e1.<\/p>\n","protected":false},"author":1,"featured_media":0,"comment_status":"open","ping_status":"open","sticky":false,"template":"","format":"standard","meta":{"ngg_post_thumbnail":0,"footnotes":""},"categories":[11],"tags":[],"class_list":["post-3948","post","type-post","status-publish","format-standard","hentry","category-ozvena"],"_links":{"self":[{"href":"https:\/\/www.ladislavjakl.cz\/index.php?rest_route=\/wp\/v2\/posts\/3948","targetHints":{"allow":["GET"]}}],"collection":[{"href":"https:\/\/www.ladislavjakl.cz\/index.php?rest_route=\/wp\/v2\/posts"}],"about":[{"href":"https:\/\/www.ladislavjakl.cz\/index.php?rest_route=\/wp\/v2\/types\/post"}],"author":[{"embeddable":true,"href":"https:\/\/www.ladislavjakl.cz\/index.php?rest_route=\/wp\/v2\/users\/1"}],"replies":[{"embeddable":true,"href":"https:\/\/www.ladislavjakl.cz\/index.php?rest_route=%2Fwp%2Fv2%2Fcomments&post=3948"}],"version-history":[{"count":2,"href":"https:\/\/www.ladislavjakl.cz\/index.php?rest_route=\/wp\/v2\/posts\/3948\/revisions"}],"predecessor-version":[{"id":3954,"href":"https:\/\/www.ladislavjakl.cz\/index.php?rest_route=\/wp\/v2\/posts\/3948\/revisions\/3954"}],"wp:attachment":[{"href":"https:\/\/www.ladislavjakl.cz\/index.php?rest_route=%2Fwp%2Fv2%2Fmedia&parent=3948"}],"wp:term":[{"taxonomy":"category","embeddable":true,"href":"https:\/\/www.ladislavjakl.cz\/index.php?rest_route=%2Fwp%2Fv2%2Fcategories&post=3948"},{"taxonomy":"post_tag","embeddable":true,"href":"https:\/\/www.ladislavjakl.cz\/index.php?rest_route=%2Fwp%2Fv2%2Ftags&post=3948"}],"curies":[{"name":"wp","href":"https:\/\/api.w.org\/{rel}","templated":true}]}}