{"id":3961,"date":"2013-06-21T15:29:05","date_gmt":"2013-06-21T13:29:05","guid":{"rendered":"http:\/\/www.ladislavjakl.cz\/?p=3961"},"modified":"2013-06-21T15:29:05","modified_gmt":"2013-06-21T13:29:05","slug":"ale-ale-schwarzenberg-pouziva-titul-knize-podivil-se-jakl","status":"publish","type":"post","link":"https:\/\/www.ladislavjakl.cz\/?p=3961","title":{"rendered":"Ale, ale: Schwarzenberg pou\u017e\u00edv\u00e1 titul kn\u00ed\u017ee, podivil se Jakl"},"content":{"rendered":"<p>Ladislav Jakl se podivil, jak se p\u0159edseda TOP 09 Karel  Schwarzenberg vyj\u00e1d\u0159il k mo\u017en\u00e9 nominaci Martina Kuby na post premi\u00e9ra.  A\u010d dle sv\u00fdch slov ctitel Masarykovsk\u00fdch idej\u00ed, mluv\u00ed o sob\u011b jako o  legitimn\u00edm kn\u00ed\u017eeti. Z toho by asi Masaryk radost nem\u011bl.<\/p>\n<p><!--more--><\/p>\n<p>&#8222;Jak m\u016f\u017ee pan  Schwarzenberg prohla\u0161ovat, jak si ct\u00ed prezidenta Masaryka a z\u00e1rove\u0148 se  prohla\u0161ovat za legitimn\u00edho kn\u00ed\u017eete? On vlastn\u011b m\u016f\u017ee, proto\u017ee si na konci  v\u011bty u\u017e nepamatuje, jak v\u011btu za\u010d\u00ednal,&#8220; \u0159ekl pro Prvnizpravy.cz  spolupracovn\u00edk exprezidenta.<\/p>\n<p>\u0158editel Centra spole\u010densk\u00fdch studi\u00ed  Institutu V\u00e1clava Klause Ladislav Jakl tak nar\u00e1\u017eel na v\u00fdroky, kter\u00e9  zazn\u011bly z TOP 09 v souvislosti se sou\u010dasnou vl\u00e1dn\u00ed kriz\u00ed i na fakt, \u017ee  to byl Masaryk, kdo nechal uz\u00e1konit z\u00e1kaz pou\u017e\u00edv\u00e1n\u00ed \u0161lechtick\u00fdch titul\u016f,  kter\u00fdmi se Karel Schwarzenberg py\u0161n\u00ed.<\/p>\n<p>Schwarzenberg toti\u017e r\u00e1zn\u011b  odm\u00edtl p\u0159edstavu, \u017ee by TOP 09 souhlasila s nominac\u00ed sou\u010dasn\u00e9ho  \u00fa\u0159aduj\u00edc\u00edho p\u0159edsedy ODS Martina Kuby na post premi\u00e9ra n\u00e1sleduj\u00edc\u00edmi  slovy:<\/p>\n<p>&#8222;Mn\u011b, legitimn\u00edmu kn\u00ed\u017eeti z Hlubok\u00e9, nebude d\u011blat premi\u00e9ra  pohunek nelegitimn\u00edho kn\u00ed\u017eete z Hlubok\u00e9,&#8220; \u0159ekl o Kubovi pro den\u00edk Pr\u00e1vo  v souvislosti s Kubov\u00fdmi vazbami na jiho\u010desk\u00e9ho &#8222;kmotra&#8220; ODS Pavla  Dlouh\u00e9ho, kter\u00e9mu se v kraji pro jeho vliv p\u0159ezd\u00edv\u00e1 &#8222;kn\u00ed\u017ee z Hlubok\u00e9&#8220;.<\/p>\n<p>Karlu  Schwarzenbergovi by ale m\u011bl n\u011bkdo p\u0159ipomenout, \u017ee \u017eije v republik\u00e1nsk\u00e9m  z\u0159\u00edzen\u00ed a \u017ee pou\u017e\u00edv\u00e1n\u00ed \u0161lechtick\u00fdch titul\u016f je v t\u00e9to zemi nez\u00e1konn\u00e9.  Zru\u0161eno bylo hned po vzniku \u010ceskoslovenska v roce 1918 a od roku 1921  bylo u\u017e\u00edv\u00e1n\u00ed titul\u016f nav\u00edc pova\u017eov\u00e1no za trestn\u00e9 pod hrozbou sankc\u00ed. Roku  1936 pak bylo zak\u00e1z\u00e1no i u\u017e\u00edv\u00e1n\u00ed erb\u016f.<\/p>\n<p><a href=\"http:\/\/www.prvnizpravy.cz\/zpravy\/politika\/ale-ale-schwarzenberg-pouziva-titul-knize-podivil-se-jakl\/\" target=\"_blank\">Zdroj<\/a><\/p>\n","protected":false},"excerpt":{"rendered":"<p>Ladislav Jakl se podivil, jak se p\u0159edseda TOP 09 Karel Schwarzenberg vyj\u00e1d\u0159il k mo\u017en\u00e9 nominaci Martina Kuby na post premi\u00e9ra. A\u010d dle sv\u00fdch slov ctitel Masarykovsk\u00fdch idej\u00ed, mluv\u00ed o sob\u011b jako o legitimn\u00edm kn\u00ed\u017eeti. Z toho by asi Masaryk radost nem\u011bl.<\/p>\n","protected":false},"author":1,"featured_media":0,"comment_status":"open","ping_status":"open","sticky":false,"template":"","format":"standard","meta":{"ngg_post_thumbnail":0,"footnotes":""},"categories":[11],"tags":[],"class_list":["post-3961","post","type-post","status-publish","format-standard","hentry","category-ozvena"],"_links":{"self":[{"href":"https:\/\/www.ladislavjakl.cz\/index.php?rest_route=\/wp\/v2\/posts\/3961","targetHints":{"allow":["GET"]}}],"collection":[{"href":"https:\/\/www.ladislavjakl.cz\/index.php?rest_route=\/wp\/v2\/posts"}],"about":[{"href":"https:\/\/www.ladislavjakl.cz\/index.php?rest_route=\/wp\/v2\/types\/post"}],"author":[{"embeddable":true,"href":"https:\/\/www.ladislavjakl.cz\/index.php?rest_route=\/wp\/v2\/users\/1"}],"replies":[{"embeddable":true,"href":"https:\/\/www.ladislavjakl.cz\/index.php?rest_route=%2Fwp%2Fv2%2Fcomments&post=3961"}],"version-history":[{"count":1,"href":"https:\/\/www.ladislavjakl.cz\/index.php?rest_route=\/wp\/v2\/posts\/3961\/revisions"}],"predecessor-version":[{"id":3962,"href":"https:\/\/www.ladislavjakl.cz\/index.php?rest_route=\/wp\/v2\/posts\/3961\/revisions\/3962"}],"wp:attachment":[{"href":"https:\/\/www.ladislavjakl.cz\/index.php?rest_route=%2Fwp%2Fv2%2Fmedia&parent=3961"}],"wp:term":[{"taxonomy":"category","embeddable":true,"href":"https:\/\/www.ladislavjakl.cz\/index.php?rest_route=%2Fwp%2Fv2%2Fcategories&post=3961"},{"taxonomy":"post_tag","embeddable":true,"href":"https:\/\/www.ladislavjakl.cz\/index.php?rest_route=%2Fwp%2Fv2%2Ftags&post=3961"}],"curies":[{"name":"wp","href":"https:\/\/api.w.org\/{rel}","templated":true}]}}