{"id":3963,"date":"2013-06-21T15:31:15","date_gmt":"2013-06-21T13:31:15","guid":{"rendered":"http:\/\/www.ladislavjakl.cz\/?p=3963"},"modified":"2013-06-25T12:31:34","modified_gmt":"2013-06-25T10:31:34","slug":"homosexualove-i-muslimove-nesnaseji-karikatury","status":"publish","type":"post","link":"https:\/\/www.ladislavjakl.cz\/?p=3963","title":{"rendered":"Homosexu\u00e1lov\u00e9 i muslimov\u00e9 nesn\u00e1\u0161ej\u00ed karikatury"},"content":{"rendered":"<p>B\u00fdval\u00fd prezident V\u00e1clav Klaus zve\u0159ejnil ve \u010dtvrtek na sv\u00fdch  internetov\u00fdch str\u00e1nk\u00e1ch karikaturu na homosexu\u00e1ln\u00ed partnerstv\u00ed s  adoptovan\u00fdmi d\u011btmi. Nedlouho pot\u00e9 p\u0159i\u0161la kritika. Ladislav Jakl m\u00e1 ale v  p\u0159\u00edpadu jasno.<\/p>\n<p><!--more--><\/p>\n<p><strong> <\/strong><\/p>\n<div><img loading=\"lazy\" decoding=\"async\" src=\"http:\/\/cms.parlamentnilisty.cz\/image.ashx?w=632&amp;h=307&amp;f=IMG_0803-634992321434515335.jpg&amp;id=10555\" alt=\"Jakl po boku Klause: Muslimov\u00e9 a homosexu\u00e1lov\u00e9 maj\u00ed n\u011bco spole\u010dn\u00e9ho...\" width=\"381\" height=\"185\" \/><\/div>\n<p><small>Foto: <strong>Hans \u0160tembera<\/strong><br \/>\nPopisek: <strong>Ladislav Jakl, tajemn\u00edk b\u00fdval\u00e9ho prezidenta Klause<\/strong><\/small><\/p>\n<div id=\"aofullbanner\" style=\"display: block;\">\n<div>\n<p>Reklama<\/p>\n<p>\u201eMuslimov\u00e9 a homosexu\u00e1lov\u00e9 maj\u00ed cosi spole\u010dn\u00e9ho. Nesn\u00e1\u0161ej\u00ed karikatury,\u201c  glosuje ud\u00e1losti kolem karikatury b\u00fdval\u00fd \u0159editel politick\u00e9ho  odboru\u00a0Kancel\u00e1\u0159e prezidenta republiky Ladislav Jakl v\u00a0rozhovoru pro  Parlamentn\u00edListy.cz.<\/p><\/div>\n<\/div>\n<p><a href=\"http:\/\/cms.parlamentnilisty.cz\/edition_files\/uploaded-images\/klaus_obrazek.jpg\"><img loading=\"lazy\" decoding=\"async\" src=\"http:\/\/cms.parlamentnilisty.cz\/edition_files\/uploaded-images\/klaus_obrazek.jpg\" alt=\"Karikatura od V\u00e1clava Klause\" width=\"380\" height=\"267\" \/><\/a><br \/>\n<em>Karikatura od V\u00e1clava Klause<\/em><\/p>\n<p>Vz\u00e1p\u011bt\u00ed se ale nad probl\u00e9mem adopce homosexu\u00e1ly zam\u00fd\u0161l\u00ed v\u00e1\u017en\u011bji.  \u201eHomosexu\u00e1lov\u00e9 volaj\u00ed po toleranci a sami netoleruj\u00ed ani slu\u0161nou  karikaturu. Jejich aktivist\u00e9 zast\u00e1vaj\u00ed heslo: koukej bejt tolerantn\u00ed,  nebo dostane\u0161 po tlam\u011b,\u201c uvedl Jakl.<\/p>\n<div><\/div>\n<p>Jedn\u00edm z\u00a0kritik\u016f karikatury byl i poslanec LIDEM Viktor Paggio, kter\u00fd  na obr\u00e1zek zareagoval svou verz\u00ed. \u201eDobr\u00fd je tak\u00e9 ten Paggio, kter\u00fd  v\u00a0karikatu\u0159e vid\u00ed dikt\u00e1t st\u00e1tu. On a\u0165 si \u017eije t\u0159eba s\u00a0oslic\u00ed nebo  kan\u00e1rkem. Ale a\u0165 nenut\u00ed st\u00e1t, aby z\u00a0jeho lib\u016fstky d\u011blal instituci,\u201c  vzkazuje mu Jakl.<\/p>\n<p>Paggio obhajoval pr\u00e1vo homosexu\u00e1l\u016f na adopce d\u011bt\u00ed tak\u00e9 v ned\u00e1vn\u00e9m  po\u0159adu M\u00e1te slovo Michaely J\u00edlkov\u00e9, kde mu byl nejhlasit\u011bj\u0161\u00edm odp\u016frcem  dal\u0161\u00ed z Klausov\u00fdch spolupracovn\u00edk\u016f, b\u00fdval\u00fd vicekancl\u00e9\u0159 Petr H\u00e1jek. Ten v  po\u0159adu zopakoval sv\u00e1 slova, kter\u00e1 d\u0159\u00edve uvedl i pro  Parlamentn\u00edListy.cz, \u017ee homosexualita je deviace a nemoc.<\/p>\n<p><a href=\"http:\/\/cms.parlamentnilisty.cz\/edition_files\/uploaded-images\/paggio_obrazek.jpg\"><img loading=\"lazy\" decoding=\"async\" src=\"http:\/\/cms.parlamentnilisty.cz\/edition_files\/uploaded-images\/paggio_obrazek.jpg\" alt=\"\" width=\"420\" height=\"315\" \/><\/a><br \/>\nObr\u00e1zek od Viktora Paggia<\/p>\n<p>V\u00e1clav Klaus je odp\u016frce registrovan\u00e9ho partnerstv\u00ed i adopc\u00ed d\u011bt\u00ed  homosexu\u00e1ly, kterou ale z\u00e1kon registrovan\u00fdm zakazuje. Podle Platformy  pro rovnopr\u00e1vnost, uzn\u00e1n\u00ed a diverzitu (PROUD) exprezident jen posiluje  stereotypy. Podle \u010dlenky vl\u00e1dn\u00edch v\u00fdbor\u016f pro pr\u00e1va d\u00edt\u011bte a pro sexu\u00e1ln\u00ed  men\u0161iny D\u017eamily Stehl\u00edkov\u00e9 Klaus karikaturou \u00fato\u010d\u00ed na d\u011bti, kter\u00e9 se  dv\u011bma matkami \u010di otci vyr\u016fstaj\u00ed, a p\u0159isp\u00edv\u00e1 k netoleranci.<\/p>\n<p><a href=\"http:\/\/www.parlamentnilisty.cz\/arena\/monitor\/Jakl-po-boku-Klause-Muslimove-a-homosexualove-maji-neco-spolecneho-276419\" target=\"_blank\">Zdroj<\/a><\/p>\n","protected":false},"excerpt":{"rendered":"<p>B\u00fdval\u00fd prezident V\u00e1clav Klaus zve\u0159ejnil ve \u010dtvrtek na sv\u00fdch internetov\u00fdch str\u00e1nk\u00e1ch karikaturu na homosexu\u00e1ln\u00ed partnerstv\u00ed s adoptovan\u00fdmi d\u011btmi. Nedlouho pot\u00e9 p\u0159i\u0161la kritika. Ladislav Jakl m\u00e1 ale v p\u0159\u00edpadu jasno.<\/p>\n","protected":false},"author":1,"featured_media":0,"comment_status":"open","ping_status":"open","sticky":false,"template":"","format":"standard","meta":{"ngg_post_thumbnail":0,"footnotes":""},"categories":[11],"tags":[],"class_list":["post-3963","post","type-post","status-publish","format-standard","hentry","category-ozvena"],"_links":{"self":[{"href":"https:\/\/www.ladislavjakl.cz\/index.php?rest_route=\/wp\/v2\/posts\/3963","targetHints":{"allow":["GET"]}}],"collection":[{"href":"https:\/\/www.ladislavjakl.cz\/index.php?rest_route=\/wp\/v2\/posts"}],"about":[{"href":"https:\/\/www.ladislavjakl.cz\/index.php?rest_route=\/wp\/v2\/types\/post"}],"author":[{"embeddable":true,"href":"https:\/\/www.ladislavjakl.cz\/index.php?rest_route=\/wp\/v2\/users\/1"}],"replies":[{"embeddable":true,"href":"https:\/\/www.ladislavjakl.cz\/index.php?rest_route=%2Fwp%2Fv2%2Fcomments&post=3963"}],"version-history":[{"count":5,"href":"https:\/\/www.ladislavjakl.cz\/index.php?rest_route=\/wp\/v2\/posts\/3963\/revisions"}],"predecessor-version":[{"id":3977,"href":"https:\/\/www.ladislavjakl.cz\/index.php?rest_route=\/wp\/v2\/posts\/3963\/revisions\/3977"}],"wp:attachment":[{"href":"https:\/\/www.ladislavjakl.cz\/index.php?rest_route=%2Fwp%2Fv2%2Fmedia&parent=3963"}],"wp:term":[{"taxonomy":"category","embeddable":true,"href":"https:\/\/www.ladislavjakl.cz\/index.php?rest_route=%2Fwp%2Fv2%2Fcategories&post=3963"},{"taxonomy":"post_tag","embeddable":true,"href":"https:\/\/www.ladislavjakl.cz\/index.php?rest_route=%2Fwp%2Fv2%2Ftags&post=3963"}],"curies":[{"name":"wp","href":"https:\/\/api.w.org\/{rel}","templated":true}]}}