{"id":399,"date":"2010-06-04T14:21:16","date_gmt":"2010-06-04T13:21:16","guid":{"rendered":"http:\/\/www.ladislavjakl.cz\/?p=399"},"modified":"2010-06-04T14:21:16","modified_gmt":"2010-06-04T13:21:16","slug":"je-jiri-leschtina-z-hn-nemocen","status":"publish","type":"post","link":"https:\/\/www.ladislavjakl.cz\/?p=399","title":{"rendered":"Je Ji\u0159\u00ed Leschtina z HN nemocen?!"},"content":{"rendered":"<p>Koment\u00e1tor  Hospod\u00e1\u0159sk\u00fdch novin Ji\u0159\u00ed Leschtina ji\u017e l\u00e9ta trp\u00ed v\u00e1\u017enou nemoc\u00ed: klausofobi\u00ed. Tato nemoc prosakuje do v\u0161ech jeho text\u016f v m\u00ed\u0159e a\u017e legra\u010dn\u00ed. T\u0159eba dnes ve sv\u00e9m koment\u00e1\u0159i postavil hromadu p\u00edsmenek o tom, jak je V\u00e1clav Klaus o\u0161kliv\u00fd, na tezi, \u017ee prezident republiky \u00fadajn\u011b ot\u00e1l\u00ed s pov\u011b\u0159en\u00edm &#8222;kohokoliv&#8220; sestavov\u00e1n\u00edm vl\u00e1dy.<\/p>\n<p><!--more-->Ono je dobr\u00e9, ne\u017e \u010dlov\u011bk za\u010dne ps\u00e1t o politice, zjistit si \u00fapln\u011b nejz\u00e1kladn\u011bj\u0161\u00ed fakta. Novin\u00e1\u0159 p\u00ed\u0161\u00edc\u00ed t\u0159eba o letectv\u00ed si snad tak\u00e9 nejd\u0159\u00edv zjist\u00ed, jak funguje letadlo.<\/p>\n<p>Tak tedy: prezident repbuliky s ni\u010d\u00edm neot\u00e1l\u00ed. Pov\u011b\u0159it sestaven\u00edm vl\u00e1dy lze pouze jmenovan\u00e9ho premi\u00e9ra. A premi\u00e9ra m\u016f\u017ee prezident jmenovat teprve tehdy, a\u017e ten dosavadn\u00ed pod\u00e1 demisi. A ten dosavadn\u00ed pod\u00e1 demisi, a\u017e skon\u010d\u00ed ustavuj\u00edc\u00edc\u00ed sch\u016fze Poslaneck\u00e9 sn\u011bmovny. Tak prav\u00ed \u00fastava. Tyto podm\u00ednky dosud spln\u011bny nebyly a jejich spln\u011bn\u00ed nez\u00e1vis\u00ed na prezidentovi.<\/p>\n<p>\u010cist\u011b neform\u00e1ln\u00ed akt (kter\u00fd dnes prezident u\u010dinil), j\u00edm\u017e je po\u017e\u00e1d\u00e1n\u00ed zvolen\u00e9ho politika, aby vedl rozhovory o vytvo\u0159en\u00ed koalice, nelze pova\u017eovat za onen startovn\u00ed v\u00fdst\u0159el, o kter\u00e9m tak barvit\u011b Leschtina p\u00ed\u0161e. Politici mohou vyjedn\u00e1vat i bez n\u011bj, jde jen o jist\u00e9 politick\u00e9 gesto, kter\u00e9 m\u016f\u017ee a nemus\u00ed jmenov\u00e1n\u00ed nov\u00e9ho premi\u00e9ra p\u0159edch\u00e1zet.<\/p>\n<p>Douf\u00e1m, \u017ee jsem horliv\u00e9mu panu Leschtinovi v\u011bc dostate\u010dn\u011b vysv\u011btlil a \u017ee z\u00edtra postav\u00ed dal\u0161\u00ed d\u00edl sv\u00e9ho nekone\u010dn\u00e9ho seri\u00e1lu Lump Klaus zase na jin\u00e9m vadn\u00e9m p\u0159edpokladu. Na tomhle u\u017e, pros\u00edm, ne.<\/p>\n<p>Zdrav\u00ed<\/p>\n<p>L. Jakl<\/p>\n","protected":false},"excerpt":{"rendered":"<p>Koment\u00e1tor Hospod\u00e1\u0159sk\u00fdch novin Ji\u0159\u00ed Leschtina ji\u017e l\u00e9ta trp\u00ed v\u00e1\u017enou nemoc\u00ed: klausofobi\u00ed. Tato nemoc prosakuje do v\u0161ech jeho text\u016f v m\u00ed\u0159e a\u017e legra\u010dn\u00ed. T\u0159eba dnes ve sv\u00e9m koment\u00e1\u0159i postavil hromadu p\u00edsmenek o tom, jak je V\u00e1clav Klaus o\u0161kliv\u00fd, na tezi, \u017ee prezident republiky \u00fadajn\u011b ot\u00e1l\u00ed s pov\u011b\u0159en\u00edm &#8222;kohokoliv&#8220; sestavov\u00e1n\u00edm vl\u00e1dy.<\/p>\n","protected":false},"author":1,"featured_media":0,"comment_status":"open","ping_status":"open","sticky":false,"template":"","format":"standard","meta":{"ngg_post_thumbnail":0,"footnotes":""},"categories":[6],"tags":[],"class_list":["post-399","post","type-post","status-publish","format-standard","hentry","category-co-jsem-nerekl"],"_links":{"self":[{"href":"https:\/\/www.ladislavjakl.cz\/index.php?rest_route=\/wp\/v2\/posts\/399","targetHints":{"allow":["GET"]}}],"collection":[{"href":"https:\/\/www.ladislavjakl.cz\/index.php?rest_route=\/wp\/v2\/posts"}],"about":[{"href":"https:\/\/www.ladislavjakl.cz\/index.php?rest_route=\/wp\/v2\/types\/post"}],"author":[{"embeddable":true,"href":"https:\/\/www.ladislavjakl.cz\/index.php?rest_route=\/wp\/v2\/users\/1"}],"replies":[{"embeddable":true,"href":"https:\/\/www.ladislavjakl.cz\/index.php?rest_route=%2Fwp%2Fv2%2Fcomments&post=399"}],"version-history":[{"count":1,"href":"https:\/\/www.ladislavjakl.cz\/index.php?rest_route=\/wp\/v2\/posts\/399\/revisions"}],"predecessor-version":[{"id":400,"href":"https:\/\/www.ladislavjakl.cz\/index.php?rest_route=\/wp\/v2\/posts\/399\/revisions\/400"}],"wp:attachment":[{"href":"https:\/\/www.ladislavjakl.cz\/index.php?rest_route=%2Fwp%2Fv2%2Fmedia&parent=399"}],"wp:term":[{"taxonomy":"category","embeddable":true,"href":"https:\/\/www.ladislavjakl.cz\/index.php?rest_route=%2Fwp%2Fv2%2Fcategories&post=399"},{"taxonomy":"post_tag","embeddable":true,"href":"https:\/\/www.ladislavjakl.cz\/index.php?rest_route=%2Fwp%2Fv2%2Ftags&post=399"}],"curies":[{"name":"wp","href":"https:\/\/api.w.org\/{rel}","templated":true}]}}