{"id":3993,"date":"2013-07-01T16:39:22","date_gmt":"2013-07-01T14:39:22","guid":{"rendered":"http:\/\/www.ladislavjakl.cz\/?p=3993"},"modified":"2013-07-01T16:39:22","modified_gmt":"2013-07-01T14:39:22","slug":"trilobit-schwarzenberg-a-dinosaurus-kalousek-zaluji-na-to-co-sami-zavedli","status":"publish","type":"post","link":"https:\/\/www.ladislavjakl.cz\/?p=3993","title":{"rendered":"Trilobit Schwarzenberg a dinosaurus Kalousek \u017ealuj\u00ed na to, co sami zavedli"},"content":{"rendered":"<p>\u010c\u00e1st na\u0161\u00ed politick\u00e9 sc\u00e9ny po jmenov\u00e1n\u00ed Ji\u0159\u00edho  Rusnoka premi\u00e9rem kvi\u010d\u00ed tak bolest\u00ednsky, \u017ee je to dosp\u011bl\u00fdch lid\u00ed a\u017e  ned\u016fstojn\u00e9. Ubulen\u00e9 \u017ealobn\u00ed\u010dkov\u00e1n\u00ed p\u0159ipom\u00edn\u00e1 t\u00f3n rozmazlen\u00e9ho d\u011bcka,  kter\u00e9 nem\u016f\u017ee p\u0159i sv\u00e9 premi\u00e9\u0159e na pl\u00e1cku za vs\u00ed rozd\u00fdchat, \u017ee ho  soupe\u0159\u00edc\u00ed d\u011bti necht\u011bj\u00ed nechat d\u00e1t g\u00f3l.<\/p>\n<p><!--more-->Nen\u00ed to zrovna jev nov\u00fd. Kdekdo na na\u0161em politick\u00e9m i medi\u00e1ln\u00edm  h\u0159i\u0161ti m\u00e1 pocit, \u017ee kdy\u017e ten druh\u00fd kon\u00e1 jinak, ne\u017e by se kdekomu l\u00edbilo,  tak to mus\u00ed b\u00fdt kon\u00e1n\u00ed neleg\u00e1ln\u00ed, nelegitimn\u00ed, zak\u00e1z\u00e1n\u00edhodn\u00e9. A ono je  to p\u0159itom jen kon\u00e1n\u00ed v\u00a0z\u00e1jmu n\u011bkoho jin\u00e9ho. G\u00f3lem do jin\u00e9 branky.<\/p>\n<p>P\u0159edes\u00edl\u00e1m, \u017ee nejsem p\u0159\u00edtelem \u00fa\u0159ednick\u00fdch vl\u00e1d. A m\u00e1m pocit, \u017ee se  k\u00a0nim sah\u00e1 a\u017e p\u0159\u00edli\u0161 \u010dasto. Podle mne je to varianta vhodn\u00e1 pro p\u0159\u00edpad  katastrofy nebo absolutn\u011b ne\u0159e\u0161iteln\u00e9 politick\u00e9 krize. A ne pro \u0159e\u0161en\u00ed  v\u00a0situaci, kdy mo\u017en\u00e1 existuje re\u00e1ln\u00e1 v\u011bt\u0161ina v\u00a0Poslaneck\u00e9 sn\u011bmovn\u011b.<\/p>\n<p><strong>Soupe\u0159 dal g\u00f3l<\/strong><\/p>\n<p>Jen\u017ee co se n\u011bkomu nel\u00edb\u00ed, nemus\u00ed b\u00fdt hned proti\u00fastavn\u00ed \u010di  nelegitimn\u00ed. V\u00a0\u010desk\u00e9 spole\u010densk\u00e9 debat\u011b se b\u011b\u017en\u011b sm\u011b\u0161uj\u00ed deskriptivn\u00ed a  normativn\u00ed v\u00fdroky. Kdy\u017e \u0159eknu, \u017ee se v\u011bci maj\u00ed tak a tak, ihned jsem  napaden, \u017ee se mi to tak l\u00edb\u00ed. Jen\u017ee hodnocen\u00ed a popis je fakt n\u011bco  \u00fapln\u011b jin\u00e9ho. Toto rozli\u0161en\u00ed ale dne\u0161n\u00edmu politicko-medi\u00e1ln\u00edmu vyt\u00ed  sch\u00e1z\u00ed. Ne \u017ee si jeho auto\u0159i \u0159eknou, \u017ee holt soupe\u0159 dal g\u00f3l. Oni  pova\u017euj\u00ed ka\u017ed\u00fd g\u00f3l ve vlastn\u00ed s\u00edti za neplatn\u00fd a volaj\u00ed po jeho  neuzn\u00e1n\u00ed.<\/p>\n<p>V\u0161ichni politi\u010dt\u00ed dinosau\u0159i Kalouskov\u00e9 a politi\u010dt\u00ed trilobiti  Schwarzenbergov\u00e9 dokola om\u00edlaj\u00ed, \u017ee krom\u011b zaveden\u00ed p\u0159\u00edm\u00e9 volby  prezidenta se \u00fastava nijak nezm\u011bnila a tedy i pravomoci prezidenta  republiky jsou po\u0159\u00e1d stejn\u00e9. Odvol\u00e1vaj\u00ed se na dosavadn\u00ed zvyklosti a  precedenty.<\/p>\n<p>Zaveden\u00ed p\u0159\u00edm\u00e9 volby m\u011bn\u00ed \u00fapln\u011b v\u0161e. Celou architekturu \u00fastavn\u00edho syst\u00e9mu.<\/p>\n<p>Jen\u017ee nepochopili, \u017ee v\u0161echny zvyklosti a precedenty s\u00a0p\u0159\u00edmou volbou  prezidenta padaj\u00ed. Zaveden\u00ed p\u0159\u00edm\u00e9 volby m\u011bn\u00ed \u00fapln\u011b v\u0161e. Celou  architekturu \u00fastavn\u00edho syst\u00e9mu. Mnoz\u00ed si jist\u011b mysleli, \u017ee zaveden\u00edm  p\u0159\u00edm\u00e9 volby z\u00edskaj\u00ed lacin\u00e9 body u ve\u0159ejnosti, kter\u00e9 daj\u00ed \u010duchnout  k\u00a0pocitu, \u017ee se pod\u00edl\u00ed na moci, ale \u017ee jinak v\u0161e pojede jako d\u0159\u00edv a  sta\u0159\u00ed politi\u010dt\u00ed matado\u0159i si d\u00e1l podr\u017e\u00ed v\u0161echny zdroje sv\u00e9 moci.<\/p>\n<p>To se ale p\u0159epo\u010d\u00edtali. \u0160lo o body p\u011bkn\u011b drah\u00e9. Zaveden\u00edm p\u0159\u00edm\u00e9 volby  skon\u010dil parlament jako jedin\u00fd mocensk\u00fd suver\u00e9n, jako jedin\u00fd reprezentant  v\u016fle lidu. M\u00e1me tu zdroje v\u016fle lidu dva. A oba jsou zcela legitimn\u00ed a  rovnocenn\u00e9. Z\u00a0obou plyne stejn\u011b siln\u00fd mand\u00e1t od voli\u010d\u016f, ov\u0161em mand\u00e1t  velmi rozd\u00edln\u00fd.<\/p>\n<p><strong>Poloprezidentsk\u00fd syst\u00e9m<\/strong><\/p>\n<p>To ne Milo\u0161 Zeman zav\u00e1d\u00ed u n\u00e1s poloprezidentsk\u00fd syst\u00e9m nam\u00edsto  \u010distokrevn\u00e9 parlamentn\u00ed demokracie. Zavedli ho u\u017e ti, kdo po\u010d\u00e1tkem  lo\u0148sk\u00e9ho roku odhlasovali p\u0159\u00edmou volbu prezidenta. \u00a0P\u0159ed m\u011bs\u00edcem, tedy  dva t\u00fddny p\u0159ed t\u00edm, ne\u017e prokur\u00e1to\u0159i a policist\u00e9 svrhli dosavadn\u00ed vl\u00e1du,  jsem napsal text s\u00a0n\u00e1zvem <a href=\"http:\/\/www.institutvk.cz\/politicke-komentare\/politicky-komentar-ivk-c-9-mate-co-jste-chteli-primo-voleneho-prezidenta-tak-pro\">\u201eM\u00e1te, co jste cht\u011bli, p\u0159\u00edmou volbu prezidenta. Tak pro\u010d nej\u00e1s\u00e1te.\u201c <\/a><\/p>\n<p>V\u00a0n\u011bm jsem napsal tato slova: <em>\u201eZa 23 let na\u0161\u00ed novodob\u00e9 demokracie  jsme za\u017eili jen n\u011bkolik p\u0159\u00edpad\u016f situace, kdy n\u011bkter\u00fd z \u00fastavn\u00edch  \u010dinitel\u016f zkou\u0161el j\u00edt a\u017e na samu hranu sv\u00fdch pravomoc\u00ed a zkusil je  skonzumovat bezezbytku. Prezident republiky nic podobn\u00e9ho nep\u0159edvedl.  Dosud \u017e\u00e1dn\u00fd prezident. Ale to se m\u016f\u017ee zm\u011bnit pr\u00e1v\u011b nyn\u00ed, po zaveden\u00ed  p\u0159\u00edm\u00e9 volby. Dnes p\u0159et\u0159\u00e1san\u00e9 kroky prezidenta Zemana jsou pouhou  selankou proti tomu, co m\u016f\u017ee p\u0159\u00edmo volen\u00fd prezident p\u0159edv\u00e9st ve  vyhrocen\u00fdch okam\u017eic\u00edch p\u0159\u00edpadn\u00fdch vl\u00e1dn\u00edch kriz\u00ed \u010di po p\u0159\u00ed\u0161t\u00edch volb\u00e1ch.  To budeme vzpom\u00ednat na nadhozenou mo\u017enost odvol\u00e1n\u00ed vl\u00e1dy, prosazov\u00e1n\u00ed  velvyslance \u010di (ne)jmenov\u00e1n\u00ed profesora jako na malichern\u00e9 pat\u00e1lie.\u201c<\/em><\/p>\n<p>No, ani jsem netu\u0161il, jak brzo d\u00e1 v\u00fdvoj t\u011bm slov\u016fm zapravdu.<\/p>\n<p>V\u00e1clav Klaus by krok, kter\u00fd provedl Milo\u0161 Zeman se svou \u00fa\u0159ednickou  vl\u00e1dou, nikdy neud\u011blal. Po \u0160pidlov\u00e9 p\u00e1du dal \u0161anci Grossovi, po Grossov\u011b  p\u00e1du dal \u0161anci Paroubkovi. Ne z\u00a0l\u00e1sky k\u00a0t\u011bmto p\u00e1n\u016fm. Respektoval  v\u00fdsledky voleb a z\u00a0nich plynouc\u00ed rozlo\u017een\u00ed sil ve sn\u011bmovn\u011b. Mimo jin\u00e9 i  proto, \u017ee sv\u016fj mand\u00e1t zprost\u0159edkovan\u011b odvozoval pr\u00e1v\u011b od z\u00e1konod\u00e1rc\u016f.<\/p>\n<p><strong>Zaveden\u00edm p\u0159\u00edm\u00e9 volby se m\u011bn\u00ed v\u0161e<\/strong><\/p>\n<p>Zaveden\u00edm p\u0159\u00edm\u00e9 volby se m\u011bn\u00ed v\u0161e. Pro\u010d by m\u011bl p\u0159\u00edmo volen\u00fd prezident  preferovat mand\u00e1t poslanc\u016f p\u0159ed mand\u00e1tem sv\u00fdm? Pro\u010d by m\u011bl respektovat  v\u00fdsledek jejich voleb a ne v\u00fdsledek volby prezidentsk\u00e9? Posledn\u00ed volby  do sn\u011bmovny poskytly mand\u00e1t k\u00a0sestaven\u00ed v\u011bt\u0161inov\u00e9 koali\u010dn\u00ed vl\u00e1dy. I kdy\u017e  mo\u017en\u00e1 voli\u010di V\u011bc\u00ed ve\u0159ejn\u00fdch nedali mand\u00e1t k\u00a0vl\u00e1d\u011b dinosaur\u016f, kdy\u017e ji VV  v\u00a0kampani odm\u00edtaly. Ale na druhou stranu mohli politici VV tvrdit, \u017ee  \u00fa\u010dast ve vl\u00e1d\u011b s\u00a0dinosaury a trilobity je jedinou cestou, jak sv\u016fj  mand\u00e1t uplatnit efektivn\u011b.<\/p>\n<p>Zato mand\u00e1t prezidenta Zemana je jasn\u00fd, je postaven na volebn\u00edm heslu  Stop Ne\u010dasov\u011b vl\u00e1d\u011b. Pro\u010d by m\u011bl prezident nedbat sv\u00e9ho \u010derstv\u00e9ho  mand\u00e1tu a d\u00e1t p\u0159ednost t\u0159i roky star\u00e9mu mand\u00e1tu poslanc\u016f? Ti tak\u00e9  nerespektuj\u00ed hlas voli\u010d\u016f vze\u0161l\u00fd z\u00a0prezidentsk\u00fdch voleb, proto\u017ee to by  den po nich musela vl\u00e1da podat demisi.<\/p>\n<p>Mo\u017en\u00e1 v\u011bc skon\u010d\u00ed a\u017e u \u00dastavn\u00edho soudu. Pak by si n\u011bkte\u0159\u00ed  \u017ealobn\u00ed\u010dci z\u00a0velezrady m\u011bli vzpomenout, jak pracn\u011b skl\u00e1dal V\u00e1clav Klaus  \u00dastavn\u00ed soud tak, aby byl politicky i n\u00e1zorov\u011b vyv\u00e1\u017een\u00fd.<\/p>\n<p>Prezidentovo nedb\u00e1n\u00ed poslaneck\u00e9 matematiky je nejen \u00fastavn\u011b konformn\u00ed  a leg\u00e1ln\u00ed, je i svrchovan\u011b legitimn\u00ed. \u00dapln\u011b jin\u00e1 p\u00edsni\u010dka je, jestli je  to \u0159e\u0161en\u00ed, kter\u00e9 vyhovuje t\u00e9 nebo jin\u00e9 stran\u011b, dokonce \u00fapln\u011b jin\u00e1  p\u00edsni\u010dka je, jestli to je i \u0159e\u0161en\u00ed obecn\u011b prosp\u011b\u0161n\u00e9 a spr\u00e1vn\u00e9. Ale to je  na normativn\u00ed debatu, ne na deskriptivn\u00ed soud o tom, jestli se to sm\u00ed.<\/p>\n<p>Mo\u017en\u00e1 v\u011bc skon\u010d\u00ed a\u017e u \u00dastavn\u00edho soudu. Pak by si n\u011bkte\u0159\u00ed \u017ealobn\u00ed\u010dci  z\u00a0velezrady m\u011bli vzpomenout, jak pracn\u011b skl\u00e1dal V\u00e1clav Klaus \u00dastavn\u00ed  soud tak, aby byl politicky i n\u00e1zorov\u011b vyv\u00e1\u017een\u00fd. Milo\u0161 Zeman si s\u00a0t\u00edm  hlavu nel\u00e1mal a \u0161el zcela na ruku socialistick\u00e9mu Sen\u00e1tu. Ti, kdo mu za  jeho rychlost tleskali, si mo\u017en\u00e1 budou za chv\u00edli tleskat po tv\u00e1\u0159\u00edch.<\/p>\n<p>I za to, jak nepromy\u0161len\u011b podpo\u0159ili dobrodru\u017estv\u00ed zvan\u00e9 p\u0159\u00edm\u00e1 volba prezidenta.<\/p>\n<p><a href=\"http:\/\/www.protiproud.cz\/svet\/politika\/komentare\/337-trilobit-schwarzenberg-a-dinosaurus-kalousek-zaluji-na-to-co-sami-zavedli.htm\" target=\"_blank\">Zdroj<\/a><\/p>\n","protected":false},"excerpt":{"rendered":"<p>\u010c\u00e1st na\u0161\u00ed politick\u00e9 sc\u00e9ny po jmenov\u00e1n\u00ed Ji\u0159\u00edho Rusnoka premi\u00e9rem kvi\u010d\u00ed tak bolest\u00ednsky, \u017ee je to dosp\u011bl\u00fdch lid\u00ed a\u017e ned\u016fstojn\u00e9. Ubulen\u00e9 \u017ealobn\u00ed\u010dkov\u00e1n\u00ed p\u0159ipom\u00edn\u00e1 t\u00f3n rozmazlen\u00e9ho d\u011bcka, kter\u00e9 nem\u016f\u017ee p\u0159i sv\u00e9 premi\u00e9\u0159e na pl\u00e1cku za vs\u00ed rozd\u00fdchat, \u017ee ho soupe\u0159\u00edc\u00ed d\u011bti necht\u011bj\u00ed nechat d\u00e1t g\u00f3l.<\/p>\n","protected":false},"author":1,"featured_media":0,"comment_status":"open","ping_status":"open","sticky":false,"template":"","format":"standard","meta":{"ngg_post_thumbnail":0,"footnotes":""},"categories":[1],"tags":[],"class_list":["post-3993","post","type-post","status-publish","format-standard","hentry","category-publikovane-clanky"],"_links":{"self":[{"href":"https:\/\/www.ladislavjakl.cz\/index.php?rest_route=\/wp\/v2\/posts\/3993","targetHints":{"allow":["GET"]}}],"collection":[{"href":"https:\/\/www.ladislavjakl.cz\/index.php?rest_route=\/wp\/v2\/posts"}],"about":[{"href":"https:\/\/www.ladislavjakl.cz\/index.php?rest_route=\/wp\/v2\/types\/post"}],"author":[{"embeddable":true,"href":"https:\/\/www.ladislavjakl.cz\/index.php?rest_route=\/wp\/v2\/users\/1"}],"replies":[{"embeddable":true,"href":"https:\/\/www.ladislavjakl.cz\/index.php?rest_route=%2Fwp%2Fv2%2Fcomments&post=3993"}],"version-history":[{"count":1,"href":"https:\/\/www.ladislavjakl.cz\/index.php?rest_route=\/wp\/v2\/posts\/3993\/revisions"}],"predecessor-version":[{"id":3994,"href":"https:\/\/www.ladislavjakl.cz\/index.php?rest_route=\/wp\/v2\/posts\/3993\/revisions\/3994"}],"wp:attachment":[{"href":"https:\/\/www.ladislavjakl.cz\/index.php?rest_route=%2Fwp%2Fv2%2Fmedia&parent=3993"}],"wp:term":[{"taxonomy":"category","embeddable":true,"href":"https:\/\/www.ladislavjakl.cz\/index.php?rest_route=%2Fwp%2Fv2%2Fcategories&post=3993"},{"taxonomy":"post_tag","embeddable":true,"href":"https:\/\/www.ladislavjakl.cz\/index.php?rest_route=%2Fwp%2Fv2%2Ftags&post=3993"}],"curies":[{"name":"wp","href":"https:\/\/api.w.org\/{rel}","templated":true}]}}