{"id":3995,"date":"2013-07-01T16:40:29","date_gmt":"2013-07-01T14:40:29","guid":{"rendered":"http:\/\/www.ladislavjakl.cz\/?p=3995"},"modified":"2013-07-01T16:40:29","modified_gmt":"2013-07-01T14:40:29","slug":"l-jakl-v-partii-televize-prima","status":"publish","type":"post","link":"https:\/\/www.ladislavjakl.cz\/?p=3995","title":{"rendered":"L. Jakl v Partii televize Prima"},"content":{"rendered":"<p><span style=\"font-size:9.0pt\">Zaveden\u00edm p\u0159\u00edm\u00e9 volby se m\u011bn\u00ed v\u0161e, n\u00e1\u0159ek politik\u016f je nem\u00edstn\u00fd. <\/span>(video uvnit\u0159)<\/p>\n<p><!--more--><a href=\"http:\/\/play.iprima.cz\/all\/359185\/all\" target=\"_blank\">http:\/\/play.iprima.cz\/all\/359185\/all<\/a><\/p>\n","protected":false},"excerpt":{"rendered":"<p>Zaveden\u00edm p\u0159\u00edm\u00e9 volby se m\u011bn\u00ed v\u0161e, n\u00e1\u0159ek politik\u016f je nem\u00edstn\u00fd. (video uvnit\u0159)<\/p>\n","protected":false},"author":1,"featured_media":0,"comment_status":"open","ping_status":"open","sticky":false,"template":"","format":"standard","meta":{"ngg_post_thumbnail":0,"footnotes":""},"categories":[13,12],"tags":[],"class_list":["post-3995","post","type-post","status-publish","format-standard","hentry","category-rozhovory","category-video"],"_links":{"self":[{"href":"https:\/\/www.ladislavjakl.cz\/index.php?rest_route=\/wp\/v2\/posts\/3995","targetHints":{"allow":["GET"]}}],"collection":[{"href":"https:\/\/www.ladislavjakl.cz\/index.php?rest_route=\/wp\/v2\/posts"}],"about":[{"href":"https:\/\/www.ladislavjakl.cz\/index.php?rest_route=\/wp\/v2\/types\/post"}],"author":[{"embeddable":true,"href":"https:\/\/www.ladislavjakl.cz\/index.php?rest_route=\/wp\/v2\/users\/1"}],"replies":[{"embeddable":true,"href":"https:\/\/www.ladislavjakl.cz\/index.php?rest_route=%2Fwp%2Fv2%2Fcomments&post=3995"}],"version-history":[{"count":1,"href":"https:\/\/www.ladislavjakl.cz\/index.php?rest_route=\/wp\/v2\/posts\/3995\/revisions"}],"predecessor-version":[{"id":3996,"href":"https:\/\/www.ladislavjakl.cz\/index.php?rest_route=\/wp\/v2\/posts\/3995\/revisions\/3996"}],"wp:attachment":[{"href":"https:\/\/www.ladislavjakl.cz\/index.php?rest_route=%2Fwp%2Fv2%2Fmedia&parent=3995"}],"wp:term":[{"taxonomy":"category","embeddable":true,"href":"https:\/\/www.ladislavjakl.cz\/index.php?rest_route=%2Fwp%2Fv2%2Fcategories&post=3995"},{"taxonomy":"post_tag","embeddable":true,"href":"https:\/\/www.ladislavjakl.cz\/index.php?rest_route=%2Fwp%2Fv2%2Ftags&post=3995"}],"curies":[{"name":"wp","href":"https:\/\/api.w.org\/{rel}","templated":true}]}}