{"id":3997,"date":"2013-07-02T11:27:57","date_gmt":"2013-07-02T09:27:57","guid":{"rendered":"http:\/\/www.ladislavjakl.cz\/?p=3997"},"modified":"2013-07-02T11:27:57","modified_gmt":"2013-07-02T09:27:57","slug":"klausuv-jakl-se-vysmal-ubulenemu-zalobnickovani-kalouska-a-schwarzenberga","status":"publish","type":"post","link":"https:\/\/www.ladislavjakl.cz\/?p=3997","title":{"rendered":"Klaus\u016fv Jakl se vysm\u00e1l &#8222;ubulen\u00e9mu \u017ealobn\u00ed\u010dkov\u00e1n\u00ed&#8220; Kalouska a Schwarzenberga"},"content":{"rendered":"<p>B\u00fdval\u00fd tajemn\u00edk prezidenta republiky Ladislav Jakl se na serveru  Protiproud.cz vysm\u00edv\u00e1 v\u0161em t\u011bm, kte\u0159\u00ed podporovali p\u0159\u00edmou volbu  prezidenta a nyn\u00ed \u00fato\u010d\u00ed na prezidenta republiky Milo\u0161e Zemana. P\u0159\u00edmou  volbou podle Jakla p\u0159estaly platit star\u00e9 \u00fastavn\u00ed zvyklosti a Zeman  vyu\u017e\u00edv\u00e1 sv\u00e9ho mand\u00e1tu od lid\u00ed.<\/p>\n<p><!--more--><\/p>\n<p>\u201e\u010c\u00e1st na\u0161\u00ed politick\u00e9 sc\u00e9ny po jmenov\u00e1n\u00ed Ji\u0159\u00edho Rusnoka premi\u00e9rem kvi\u010d\u00ed  tak bolest\u00ednsky, \u017ee je to dosp\u011bl\u00fdch lid\u00ed a\u017e ned\u016fstojn\u00e9. Ubulen\u00e9  \u017ealobn\u00ed\u010dkov\u00e1n\u00ed p\u0159ipom\u00edn\u00e1 t\u00f3n rozmazlen\u00e9ho d\u011bcka, kter\u00e9 nem\u016f\u017ee p\u0159i sv\u00e9  premi\u00e9\u0159e na pl\u00e1cku za vs\u00ed rozd\u00fdchat, \u017ee ho soupe\u0159\u00edc\u00ed d\u011bti necht\u011bj\u00ed  nechat d\u00e1t g\u00f3l. Nen\u00ed to zrovna jev nov\u00fd. Kdekdo na na\u0161em politick\u00e9m i  medi\u00e1ln\u00edm h\u0159i\u0161ti m\u00e1 pocit, \u017ee kdy\u017e ten druh\u00fd kon\u00e1 jinak, ne\u017e by se  kdekomu l\u00edbilo, tak to mus\u00ed b\u00fdt kon\u00e1n\u00ed neleg\u00e1ln\u00ed, nelegitimn\u00ed,  zak\u00e1z\u00e1n\u00edhodn\u00e9. A ono je to p\u0159itom jen kon\u00e1n\u00ed v\u00a0z\u00e1jmu n\u011bkoho jin\u00e9ho.  G\u00f3lem do jin\u00e9 branky,\u201c p\u00ed\u0161e Jakl <strong><a href=\"http:\/\/www.protiproud.cz\/svet\/politika\/komentare\/337-trilobit-schwarzenberg-a-dinosaurus-kalousek-zaluji-na-to-co-sami-zavedli.htm\">v \u010dl\u00e1nku s titulkem &#8222;Trilobit Schwarzenberg a dinosaurus Kalousek \u017ealuj\u00ed na to, co sami zavedli&#8220;<\/a><\/strong>.<\/p>\n<h4><strong>\u00da\u0159ednick\u00fdm vl\u00e1d\u00e1m nefand\u00edm, ale Zeman na to m\u00e1 pr\u00e1vo<\/strong><\/h4>\n<p align=\"JUSTIFY\">S\u00e1m Jakl nen\u00ed zast\u00e1ncem \u00fa\u0159ednick\u00fdch vl\u00e1d a podle n\u011bj se k\u00a0nim sah\u00e1 a\u017e  p\u0159\u00edli\u0161 \u010dasto. Je to dle jeho n\u00e1zoru varianta vhodn\u00e1 pro p\u0159\u00edpad  katastrofy nebo absolutn\u011b ne\u0159e\u0161iteln\u00e9 politick\u00e9 krize, a ne pro \u0159e\u0161en\u00ed  v\u00a0situaci, kdy mo\u017en\u00e1 existuje re\u00e1ln\u00e1 v\u011bt\u0161ina v\u00a0Poslaneck\u00e9 sn\u011bmovn\u011b. To,  \u017ee se mu tento krok nel\u00edb\u00ed ale neznamen\u00e1, \u017ee je proti\u00fastavn\u00ed.<\/p>\n<p align=\"JUSTIFY\">\u201eCo se n\u011bkomu nel\u00edb\u00ed, nemus\u00ed b\u00fdt hned proti\u00fastavn\u00ed \u010di nelegitimn\u00ed.  V\u00a0\u010desk\u00e9 spole\u010densk\u00e9 debat\u011b se b\u011b\u017en\u011b sm\u011b\u0161uj\u00ed deskriptivn\u00ed a normativn\u00ed  v\u00fdroky. Kdy\u017e \u0159eknu, \u017ee se v\u011bci maj\u00ed tak a tak, ihned jsem napaden, \u017ee se  mi to tak l\u00edb\u00ed. Jen\u017ee hodnocen\u00ed a popis je fakt n\u011bco \u00fapln\u011b jin\u00e9ho. Toto  rozli\u0161en\u00ed ale dne\u0161n\u00edmu politicko-medi\u00e1ln\u00edmu vyt\u00ed sch\u00e1z\u00ed. Ne \u017ee si jeho  auto\u0159i \u0159eknou, \u017ee holt soupe\u0159 dal g\u00f3l, oni pova\u017euj\u00ed ka\u017ed\u00fd g\u00f3l ve vlastn\u00ed  s\u00edti za neplatn\u00fd a volaj\u00ed po jeho neuzn\u00e1n\u00ed,\u201c upozor\u0148uje Jakl, kter\u00fd  nyn\u00ed pracuje v Institutu V\u00e1clava Klause.<\/p>\n<p align=\"JUSTIFY\"><strong>Kalousku a kn\u00ed\u017ee, cel\u00e1 architektura \u00fastavn\u00edho syst\u00e9mu se zm\u011bnila<\/strong><\/p>\n<p align=\"JUSTIFY\">Zaveden\u00edm p\u0159\u00edm\u00e9 volby prezidenta a zm\u011bnou \u00dastavy podle Jakla dosavadn\u00ed  \u00fastavn\u00ed zvyklosti p\u0159estaly platit a s pos\u00edlen\u00fdm mand\u00e1tem Zemana  vych\u00e1zej\u00edc\u00edho z p\u0159\u00edm\u00e9 podpory ob\u010dan\u016f se tvo\u0159\u00ed nov\u00e9. Prezident toti\u017e  ne\u010derp\u00e1 svou legitimitu od Parlamentu.<\/p>\n<p align=\"JUSTIFY\">\u201eV\u0161ichni politi\u010dt\u00ed dinosau\u0159i Kalouskov\u00e9 a politi\u010dt\u00ed trilobiti  Schwarzenbergov\u00e9 dokola om\u00edlaj\u00ed, \u017ee krom\u011b zaveden\u00ed p\u0159\u00edm\u00e9 volby  prezidenta se \u00dastava nijak nezm\u011bnila a tedy i pravomoci prezidenta  republiky jsou po\u0159\u00e1d stejn\u00e9. Odvol\u00e1vaj\u00ed se na dosavadn\u00ed zvyklosti a  precedenty. Jen\u017ee nepochopili, \u017ee v\u0161echny zvyklosti a precedenty  s\u00a0p\u0159\u00edmou volbou prezidenta padaj\u00ed. Zaveden\u00ed p\u0159\u00edm\u00e9 volby m\u011bn\u00ed \u00fapln\u011b v\u0161e.  Celou architekturu \u00fastavn\u00edho syst\u00e9mu,\u201c vysv\u011btluje Jakl.<\/p>\n<p align=\"JUSTIFY\">\u201eMnoz\u00ed si jist\u011b mysleli, \u017ee zaveden\u00edm p\u0159\u00edm\u00e9 volby z\u00edskaj\u00ed lacin\u00e9 body u  ve\u0159ejnosti, kter\u00e9 daj\u00ed \u010duchnout k\u00a0pocitu, \u017ee se pod\u00edl\u00ed na moci, ale \u017ee  jinak v\u0161e pojede jako d\u0159\u00edv a sta\u0159\u00ed politi\u010dt\u00ed matado\u0159i si d\u00e1l podr\u017e\u00ed  v\u0161echny zdroje sv\u00e9 moci. To se ale p\u0159epo\u010d\u00edtali. \u0160lo o body p\u011bkn\u011b drah\u00e9.  Zaveden\u00edm p\u0159\u00edm\u00e9 volby skon\u010dil Parlament jako jedin\u00fd mocensk\u00fd suver\u00e9n,  jako jedin\u00fd reprezentant v\u016fle lidu. M\u00e1me tu zdroje v\u016fle lidu dva. A oba  jsou zcela legitimn\u00ed a rovnocenn\u00e9. Z\u00a0obou plyne stejn\u011b siln\u00fd mand\u00e1t od  voli\u010d\u016f, ov\u0161em mand\u00e1t velmi rozd\u00edln\u00fd,\u201c dodal Jakl.<\/p>\n<p align=\"JUSTIFY\">Podle Jakla u n\u00e1s poloprezidentsk\u00fd syst\u00e9m nam\u00edsto \u010distokrevn\u00e9  parlamentn\u00ed demokracie nezav\u00e1d\u00ed Milo\u0161 Zeman, n\u00fdbr\u017e ti, kdo odhlasovali  p\u0159\u00edmou volbu prezidenta.<\/p>\n<p align=\"JUSTIFY\"><a href=\"http:\/\/www.parlamentnilisty.cz\/profily\/profil.aspx?id=1195\"><img loading=\"lazy\" decoding=\"async\" src=\"http:\/\/www.parlamentnilisty.cz\/profily-sprava\/user-data\/664A00A0\/image\/43925-zemanMILOS_profil_top.jpg\" alt=\"\" width=\"162\" height=\"117\" \/><\/a><\/p>\n<div>\n<div>\n<div>\n<p><strong><a href=\"http:\/\/www.parlamentnilisty.cz\/profily\/profil.aspx?id=1195\">Ing. Milo\u0161 Zeman<\/a><\/strong><\/p>\n<ul>\n<li>BPP<\/li>\n<li>Prvn\u00ed p\u0159\u00edmo zvolen\u00fd prezident \u010cR<\/li>\n<li>prezident \u010cesk\u00e9 republiky<\/li>\n<\/ul>\n<div><a href=\"http:\/\/www.parlamentnilisty.cz\/profily\/Ing-Milos-Zeman-1195\/stitky\"><\/a><\/div>\n<\/div>\n<\/div>\n<\/div>\n<h4><strong>Te\u010f u\u017e m\u00e1te, co jste cht\u011bli<\/strong><\/h4>\n<p align=\"JUSTIFY\">To ne Milo\u0161 Zeman zav\u00e1d\u00ed u n\u00e1s poloprezidentsk\u00fd syst\u00e9m nam\u00edsto  \u010distokrevn\u00e9 parlamentn\u00ed demokracie. Zavedli ho u\u017e ti, kdo po\u010d\u00e1tkem  lo\u0148sk\u00e9ho roku odhlasovali p\u0159\u00edmou volbu prezidenta.<\/p>\n<p align=\"JUSTIFY\">V\u00e1clav Klaus by podle Jakla krok, kter\u00fd provedl Milo\u0161 Zeman se svou  \u00fa\u0159ednickou vl\u00e1dou, nikdy neud\u011blal: \u201ePo \u0160pidlov\u00e9 p\u00e1du dal \u0161anci Grossovi,  po Grossov\u011b p\u00e1du dal \u0161anci Paroubkovi. Ne z\u00a0l\u00e1sky k\u00a0t\u011bmto p\u00e1n\u016fm.  Respektoval v\u00fdsledky voleb a z\u00a0nich plynouc\u00ed rozlo\u017een\u00ed sil ve sn\u011bmovn\u011b.  Mimo jin\u00e9 i proto, \u017ee sv\u016fj mand\u00e1t zprost\u0159edkovan\u011b odvozoval pr\u00e1v\u011b od  z\u00e1konod\u00e1rc\u016f.\u201c<\/p>\n<h4><strong>Zeman m\u00e1 siln\u00fd mand\u00e1t p\u0159\u00edmo od lid\u00ed<\/strong><\/h4>\n<p align=\"JUSTIFY\">\u201eZaveden\u00edm p\u0159\u00edm\u00e9 volby se m\u011bn\u00ed v\u0161e. Pro\u010d by m\u011bl p\u0159\u00edmo volen\u00fd prezident  preferovat mand\u00e1t poslanc\u016f p\u0159ed mand\u00e1tem sv\u00fdm? Pro\u010d by m\u011bl respektovat  v\u00fdsledek jejich voleb a ne v\u00fdsledek volby prezidentsk\u00e9?\u201c pt\u00e1 se Jakl.<\/p>\n<p align=\"JUSTIFY\">Mand\u00e1t prezidenta Zemana je podle Jakla jasn\u00fd a je postaven na volebn\u00edm  heslu Stop Ne\u010dasov\u011b vl\u00e1d\u011b: \u201ePro\u010d by m\u011bl prezident nedbat sv\u00e9ho  \u010derstv\u00e9ho mand\u00e1tu a d\u00e1t p\u0159ednost t\u0159i roky star\u00e9mu mand\u00e1tu poslanc\u016f? Ti  tak\u00e9 nerespektuj\u00ed hlas voli\u010d\u016f vze\u0161l\u00fd z\u00a0prezidentsk\u00fdch voleb, proto\u017ee to  by den po nich musela vl\u00e1da podat demisi.\u201c<\/p>\n<p align=\"JUSTIFY\">Prezidentovo nedb\u00e1n\u00ed poslaneck\u00e9 matematiky je podle Jakla nejen \u00fastavn\u011b  konformn\u00ed a leg\u00e1ln\u00ed, je i svrchovan\u011b legitimn\u00ed. \u201e\u00dapln\u011b jin\u00e1 p\u00edsni\u010dka  je, jestli je to \u0159e\u0161en\u00ed, kter\u00e9 vyhovuje t\u00e9 nebo jin\u00e9 stran\u011b, dokonce  \u00fapln\u011b jin\u00e1 p\u00edsni\u010dka je, jestli to je i \u0159e\u0161en\u00ed obecn\u011b prosp\u011b\u0161n\u00e9 a  spr\u00e1vn\u00e9. Ale to je na normativn\u00ed debatu, ne na deskriptivn\u00ed soud o tom,  jestli se to sm\u00ed,\u201c p\u00ed\u0161e Jakl.<\/p>\n<p align=\"JUSTIFY\">\n<div>\n<div>\n<div><a href=\"http:\/\/www.parlamentnilisty.cz\/profily\/profil.aspx?id=78\"> <img loading=\"lazy\" decoding=\"async\" src=\"http:\/\/www.parlamentnilisty.cz\/profily-sprava\/user-data\/59350FB6\/image\/78-2060_profil_top.jpg\" alt=\"\" width=\"162\" height=\"117\" \/><\/a><\/div>\n<div>\n<p><strong><a href=\"http:\/\/www.parlamentnilisty.cz\/profily\/profil.aspx?id=78\">Karel Schwarzenberg<\/a><\/strong><\/p>\n<ul>\n<li>TOP 09<\/li>\n<li>Do voleb s \u00fasm\u011bvem<\/li>\n<li>1. m\u00edstop\u0159edseda vl\u00e1dy<\/li>\n<\/ul>\n<div><a href=\"http:\/\/www.parlamentnilisty.cz\/profily\/Karel-Schwarzenberg-78\/stitky\"><\/a><\/div>\n<\/div>\n<\/div>\n<\/div>\n<h4><strong>Budou tu zase \u017ealobn\u00ed\u010dci?<\/strong><\/h4>\n<p align=\"JUSTIFY\">Podle Jakla mo\u017en\u00e1 cel\u00e1 v\u011bc skon\u010d\u00ed a\u017e u \u00dastavn\u00edho soudu. \u201ePak by si  n\u011bkte\u0159\u00ed \u017ealobn\u00ed\u010dci z\u00a0velezrady m\u011bli vzpomenout, jak pracn\u011b skl\u00e1dal  V\u00e1clav Klaus \u00dastavn\u00ed soud tak, aby byl politicky i n\u00e1zorov\u011b vyv\u00e1\u017een\u00fd.  Milo\u0161 Zeman si s\u00a0t\u00edm hlavu nel\u00e1mal a \u0161el zcela na ruku socialistick\u00e9mu  Sen\u00e1tu. Ti, kdo mu za jeho rychlost tleskali, si mo\u017en\u00e1 budou za chv\u00edli  tleskat po tv\u00e1\u0159\u00edch. I za to, jak nepromy\u0161len\u011b podpo\u0159ili dobrodru\u017estv\u00ed  zvan\u00e9 p\u0159\u00edm\u00e1 volba prezidenta,\u201c uzav\u0159el Jakl.<\/p>\n<p align=\"JUSTIFY\">Parlamentn\u00edListy.cz vloni upozornily na pr\u00e1vn\u00ed anal\u00fdzy, kter\u00e9  vypracovali \u00fastavn\u00ed pr\u00e1vn\u00edci pro Sen\u00e1t a v nich\u017e varovali p\u0159ed zav\u00e1d\u011bn\u00edm  p\u0159\u00edm\u00e9 volby prezidenta. V\u011bt\u0161ina t\u011bchto pr\u00e1vn\u00edk\u016f psala, \u017ee zm\u011bna \u00dastavy  ve smyslu p\u0159\u00edm\u00e9 volby prezidenta je neod\u016fvodn\u011bn\u00e1. V parlamentn\u00ed  demokracii je b\u011b\u017en\u00e9, \u017ee prezident je volen Parlamentem, p\u0159\u00edm\u00e1 volba u  n\u00e1s nem\u00e1 tradici a prezident s p\u0159\u00edm\u00fdm mand\u00e1tem od ob\u010dan\u016f by mohl naru\u0161it  rovnov\u00e1hu moci, vytv\u00e1\u0159et sv\u00e9 vlastn\u00ed mocensk\u00e9 centrum a ohrozit v\u00fdsadn\u00ed  postaven\u00ed vl\u00e1dy v exekutiv\u011b.<\/p>\n<p align=\"JUSTIFY\">\n<div>\n<div><a href=\"http:\/\/www.parlamentnilisty.cz\/profily\/profil.aspx?id=170\"> <img loading=\"lazy\" decoding=\"async\" src=\"http:\/\/www.parlamentnilisty.cz\/profily-sprava\/user-data\/5EAF242D\/image\/170-3071_profil_top.jpg\" alt=\"\" width=\"161\" height=\"121\" \/><\/a><\/div>\n<div>\n<p><strong><a href=\"http:\/\/www.parlamentnilisty.cz\/profily\/profil.aspx?id=170\">Ing. Miroslav Kalousek<\/a><\/strong><\/p>\n<ul>\n<li>TOP 09<\/li>\n<li>ministr financ\u00ed<\/li>\n<\/ul>\n<\/div>\n<\/div>\n<h4><strong>Prezident s nejsiln\u011bj\u0161\u00ed legitimitou<\/strong><\/h4>\n<p>Marek Anto\u0161 z Katedry \u00fastavn\u00edho pr\u00e1va Pr\u00e1vnick\u00e9 fakulty Univerzity  Karlovy varoval, \u017ee d\u00edky p\u0159\u00edm\u00e9 volb\u011b by se podle n\u011bho pos\u00edlila  legitimita prezidenta a navrhovanou zm\u011bnou nejv\u00edce utrp\u00ed postaven\u00ed  vl\u00e1dy, kter\u00e9 je u\u017e tak v\u00a0\u010cR z\u00a0komparativn\u00edho hlediska neobvykle slab\u00e9,  zejm\u00e9na kv\u016fli tradi\u010dn\u00ed dominanci Poslaneck\u00e9 sn\u011bmovny. \u201eNap\u0159\u00ed\u0161t\u011b by  musela \u010delit je\u0161t\u011b v\u011bt\u0161\u00edmu zasahov\u00e1n\u00ed prezidenta republiky,  disponuj\u00edc\u00edho v\u016fbec nejsiln\u011bj\u0161\u00ed legitimitou ze v\u0161ech \u00fastavn\u00edch org\u00e1n\u016f,  proti \u010demu\u017e nem\u00e1 \u017e\u00e1dn\u00e9 \u00fa\u010dinn\u00e9 n\u00e1stroje. Druh\u00fdm oslaben\u00fdm org\u00e1nem bude  Sen\u00e1t, kter\u00fd ztrat\u00ed jednu ze sv\u00fdch d\u016fle\u017eit\u00fdch funkc\u00ed,\u201c varoval Anto\u0161.<\/p>\n<p>Podle politologa Jana Kub\u00e1\u010dka Zeman \u00dastavu jmenov\u00e1n\u00edm vl\u00e1dy odborn\u00edk\u016f  neporu\u0161il: \u201eVylo\u017eil ji extenzivn\u011b, p\u0159esto jeho postup \u00dastava \u010cR m\u016f\u017ee  akceptovat a akceptovat bude. Zm\u011bna zp\u016fsobu volby prezidenta se nemohla  podepsat do zp\u016fsobu chov\u00e1n\u00ed prezidenta. D\u0159\u00edve byl prezident volen  sn\u011bmovnou a Sen\u00e1tem. Musel tedy br\u00e1t v\u011bt\u0161\u00ed ohled na Parlament, aby mohl  b\u00fdt zvolen a znovuzvolen. \u010cili prezident musel v\u00edce vych\u00e1zet vst\u0159\u00edc  z\u00e1konod\u00e1rc\u016fm a politick\u00fdm stran\u00e1m, proto\u017ee oni rozhodovali, zda bude  zvolen. Milo\u0161 Zeman vych\u00e1z\u00ed z optiky p\u0159\u00edm\u00e9 volby. Byl p\u0159\u00edmo zvolen  ob\u010dany. M\u00e1 siln\u011bj\u0161\u00ed mand\u00e1t a sou\u010dasn\u011b strany ke sv\u00e9mu zvolen\u00ed tolik  nepot\u0159eboval a tolik pot\u0159ebovat nebude.\u201c<\/p>\n<p><a href=\"http:\/\/www.parlamentnilisty.cz\/zpravy\/kauzy\/Klausuv-Jakl-se-vysmal-ubulenemu-zalobnickovani-Kalouska-a-Schwarzenberga-277279\" target=\"_blank\">Zdroj<\/a><\/p>\n","protected":false},"excerpt":{"rendered":"<p>B\u00fdval\u00fd tajemn\u00edk prezidenta republiky Ladislav Jakl se na serveru Protiproud.cz vysm\u00edv\u00e1 v\u0161em t\u011bm, kte\u0159\u00ed podporovali p\u0159\u00edmou volbu prezidenta a nyn\u00ed \u00fato\u010d\u00ed na prezidenta republiky Milo\u0161e Zemana. P\u0159\u00edmou volbou podle Jakla p\u0159estaly platit star\u00e9 \u00fastavn\u00ed zvyklosti a Zeman vyu\u017e\u00edv\u00e1 sv\u00e9ho mand\u00e1tu od lid\u00ed.<\/p>\n","protected":false},"author":1,"featured_media":0,"comment_status":"open","ping_status":"open","sticky":false,"template":"","format":"standard","meta":{"ngg_post_thumbnail":0,"footnotes":""},"categories":[11],"tags":[],"class_list":["post-3997","post","type-post","status-publish","format-standard","hentry","category-ozvena"],"_links":{"self":[{"href":"https:\/\/www.ladislavjakl.cz\/index.php?rest_route=\/wp\/v2\/posts\/3997","targetHints":{"allow":["GET"]}}],"collection":[{"href":"https:\/\/www.ladislavjakl.cz\/index.php?rest_route=\/wp\/v2\/posts"}],"about":[{"href":"https:\/\/www.ladislavjakl.cz\/index.php?rest_route=\/wp\/v2\/types\/post"}],"author":[{"embeddable":true,"href":"https:\/\/www.ladislavjakl.cz\/index.php?rest_route=\/wp\/v2\/users\/1"}],"replies":[{"embeddable":true,"href":"https:\/\/www.ladislavjakl.cz\/index.php?rest_route=%2Fwp%2Fv2%2Fcomments&post=3997"}],"version-history":[{"count":1,"href":"https:\/\/www.ladislavjakl.cz\/index.php?rest_route=\/wp\/v2\/posts\/3997\/revisions"}],"predecessor-version":[{"id":3998,"href":"https:\/\/www.ladislavjakl.cz\/index.php?rest_route=\/wp\/v2\/posts\/3997\/revisions\/3998"}],"wp:attachment":[{"href":"https:\/\/www.ladislavjakl.cz\/index.php?rest_route=%2Fwp%2Fv2%2Fmedia&parent=3997"}],"wp:term":[{"taxonomy":"category","embeddable":true,"href":"https:\/\/www.ladislavjakl.cz\/index.php?rest_route=%2Fwp%2Fv2%2Fcategories&post=3997"},{"taxonomy":"post_tag","embeddable":true,"href":"https:\/\/www.ladislavjakl.cz\/index.php?rest_route=%2Fwp%2Fv2%2Ftags&post=3997"}],"curies":[{"name":"wp","href":"https:\/\/api.w.org\/{rel}","templated":true}]}}