{"id":4000,"date":"2013-07-03T13:03:36","date_gmt":"2013-07-03T11:03:36","guid":{"rendered":"http:\/\/www.ladislavjakl.cz\/?p=4000"},"modified":"2013-07-03T14:36:23","modified_gmt":"2013-07-03T12:36:23","slug":"ladislav-jakl-rozhovor","status":"publish","type":"post","link":"https:\/\/www.ladislavjakl.cz\/?p=4000","title":{"rendered":"Jakl pro Kolektif: Slab\u00fd st\u00e1t neum\u00ed ochr\u00e1nit ani sebe, nato\u017e sv\u00e9 ob\u010dany"},"content":{"rendered":"<p><span style=\"font-family: Arial, sans-serif; font-size: 15px;\">Ladislav Jakl odpov\u00edd\u00e1 na ot\u00e1zku &#8222;Jak vn\u00edm\u00e1te aktu\u00e1ln\u00ed politicko-bezpe\u010dnostn\u011b-ekonomickou situaci \u2013 vnitrost\u00e1tn\u011b a v mezin\u00e1rodn\u00edm kontextu.&#8220;<\/span><\/p>\n<p>Video uvnit\u0159 \u010dl\u00e1nku.<\/p>\n<p><!--more--><\/p>\n<p><iframe loading=\"lazy\" width=\"420\" height=\"315\" src=\"\/\/www.youtube.com\/embed\/jiOffW4TYhM\" frameborder=\"0\" allowfullscreen><\/iframe><\/p>\n","protected":false},"excerpt":{"rendered":"<p>Ladislav Jakl odpov\u00edd\u00e1 na ot\u00e1zku &#8222;Jak vn\u00edm\u00e1te aktu\u00e1ln\u00ed politicko-bezpe\u010dnostn\u011b-ekonomickou situaci \u2013 vnitrost\u00e1tn\u011b a v mezin\u00e1rodn\u00edm kontextu.&#8220; Video uvnit\u0159 \u010dl\u00e1nku.<\/p>\n","protected":false},"author":1,"featured_media":0,"comment_status":"open","ping_status":"open","sticky":false,"template":"","format":"standard","meta":{"ngg_post_thumbnail":0,"footnotes":""},"categories":[13,12],"tags":[],"class_list":["post-4000","post","type-post","status-publish","format-standard","hentry","category-rozhovory","category-video"],"_links":{"self":[{"href":"https:\/\/www.ladislavjakl.cz\/index.php?rest_route=\/wp\/v2\/posts\/4000","targetHints":{"allow":["GET"]}}],"collection":[{"href":"https:\/\/www.ladislavjakl.cz\/index.php?rest_route=\/wp\/v2\/posts"}],"about":[{"href":"https:\/\/www.ladislavjakl.cz\/index.php?rest_route=\/wp\/v2\/types\/post"}],"author":[{"embeddable":true,"href":"https:\/\/www.ladislavjakl.cz\/index.php?rest_route=\/wp\/v2\/users\/1"}],"replies":[{"embeddable":true,"href":"https:\/\/www.ladislavjakl.cz\/index.php?rest_route=%2Fwp%2Fv2%2Fcomments&post=4000"}],"version-history":[{"count":4,"href":"https:\/\/www.ladislavjakl.cz\/index.php?rest_route=\/wp\/v2\/posts\/4000\/revisions"}],"predecessor-version":[{"id":4010,"href":"https:\/\/www.ladislavjakl.cz\/index.php?rest_route=\/wp\/v2\/posts\/4000\/revisions\/4010"}],"wp:attachment":[{"href":"https:\/\/www.ladislavjakl.cz\/index.php?rest_route=%2Fwp%2Fv2%2Fmedia&parent=4000"}],"wp:term":[{"taxonomy":"category","embeddable":true,"href":"https:\/\/www.ladislavjakl.cz\/index.php?rest_route=%2Fwp%2Fv2%2Fcategories&post=4000"},{"taxonomy":"post_tag","embeddable":true,"href":"https:\/\/www.ladislavjakl.cz\/index.php?rest_route=%2Fwp%2Fv2%2Ftags&post=4000"}],"curies":[{"name":"wp","href":"https:\/\/api.w.org\/{rel}","templated":true}]}}