{"id":4003,"date":"2013-07-03T13:06:30","date_gmt":"2013-07-03T11:06:30","guid":{"rendered":"http:\/\/www.ladislavjakl.cz\/?p=4003"},"modified":"2013-07-03T13:06:30","modified_gmt":"2013-07-03T11:06:30","slug":"prezident-ma-pravo-jmenovat-sveho-premiera-hajil-zemana-klausuv-tajemnik-jakl","status":"publish","type":"post","link":"https:\/\/www.ladislavjakl.cz\/?p=4003","title":{"rendered":"Prezident m\u00e1 pr\u00e1vo jmenovat sv\u00e9ho premi\u00e9ra, h\u00e1jil Zemana Klaus\u016fv tajemn\u00edk Jakl"},"content":{"rendered":"<p>Prezident Milo\u0161 Zeman m\u00e1  jako p\u0159\u00edmo zvolen\u00e1 hlava st\u00e1tu pr\u00e1vo na v\u00fdkon sv\u00e9ho mand\u00e1tu, kter\u00fd mu  lid\u00e9 dali, a jmenovat vlastn\u00edho kandid\u00e1ta na premi\u00e9ra v osob\u011b Ji\u0159\u00edho  Rusnoka. V ned\u011bln\u00edm po\u0159adu Partie v televizi Prima Family to \u0159ekl  Ladislav Jakl, b\u00fdval\u00fd tajemn\u00edk Zemanova p\u0159edch\u016fdce v \u00fa\u0159adu V\u00e1clava  Klause.<\/p>\n<p><!--more--><\/p>\n<p><img loading=\"lazy\" decoding=\"async\" id=\"gallPicture\" class=\"alignnone\" title=\"Prezident Milo\u0161 Zeman\" src=\"http:\/\/media.novinky.cz\/424\/374245-top_foto1-r68mc.jpg?1372780806\" alt=\"Prezident Milo\u0161 Zeman\" width=\"421\" height=\"237\" \/><br \/>\nPrezident Milo\u0161 Zeman<br \/>\nFOTO: Jan Handrejch, <a href=\"http:\/\/www.pravo.cz\">Pr\u00e1vo<\/a><\/p>\n<p>Zeman jedn\u00e1 \u201epodle pravidel, kter\u00e1 mu \u00fastava umo\u017e\u0148uje\u201c, h\u00e1jil <a title=\"http:\/\/tema.novinky.cz\/ladislav-jakl\" href=\"http:\/\/tema.novinky.cz\/ladislav-jakl\">Jakl<\/a> Zemana proti kritik\u016fm, kte\u0159\u00ed upozor\u0148uj\u00ed na to, \u017ee prezident poru\u0161uje  \u00fastavn\u00ed zvyklosti, kdy\u017e ignoruje parlamentn\u00ed v\u011bt\u0161inu a navzdory jej\u00edmu  deklarovan\u00e9mu odporu vybral vlastn\u00edho kandid\u00e1ta na p\u0159edsedu vl\u00e1dy.<\/p>\n<p>Podle Jakla na to m\u00e1 Zeman pr\u00e1vo, mand\u00e1t mu k\u00a0tomu dala p\u0159\u00edm\u00e1 volba. \u201ePrezident <a title=\"http:\/\/tema.novinky.cz\/vaclav-klaus\" href=\"http:\/\/tema.novinky.cz\/vaclav-klaus\">Klaus<\/a> kv\u016fli respektu k re\u00e1ln\u011b existuj\u00edc\u00ed v\u011bt\u0161in\u011b v\u00a0parlamentu pov\u011b\u0159il  opakovan\u011b z\u00e1stupce soci\u00e1ln\u00edch demokrat\u016f &#8211; po Vladim\u00edru \u0160pidlovi  Stanislava Grosse a po Grossovi Ji\u0159\u00edho Paroubka. Respektoval parlament a  jeho slo\u017een\u00ed jako obraz p\u0159\u00e1n\u00ed voli\u010de,\u201c p\u0159ipomn\u011bl Jakl a nazna\u010dil, \u017ee to  se Klausovi l\u00edbit nemuselo, ale ud\u011blal to.<\/p>\n<p>\u201eAle co Zeman? M\u00e1 respektovat t\u0159i roky star\u00fd mand\u00e1t voli\u010d\u016f dan\u00fd (odch\u00e1zej\u00edc\u00edmu premi\u00e9rovi) <a title=\"http:\/\/tema.novinky.cz\/petr-necas\" href=\"http:\/\/tema.novinky.cz\/petr-necas\">Ne\u010dasovi<\/a>,  anebo sp\u00ed\u0161 sv\u016fj mand\u00e1t? Zvl\u00e1\u0161\u0165 kdy\u017e kandidoval pod heslem Stop Ne\u010dasov\u011b  vl\u00e1d\u011b,\u201c poznamenal Jakl. Politici podle n\u011bj \u201ehr\u00e1li ne\u010distou hru\u201c, kdy\u017e  p\u0159ipravovali p\u0159\u00edmou volbu prezidenta a p\u0159edpokl\u00e1dali, \u017ee to neprom\u011bn\u00ed  roli hlavy st\u00e1tu. \u201e\u00dastava a cel\u00e1 jej\u00ed architektura se m\u011bn\u00ed,\u201c prohl\u00e1sil  Jakl.<\/p>\n<div>\n<div><a href=\"http:\/\/media.novinky.cz\/449\/374492-original1-wgf0z.jpg\" target=\"_blank\"><img loading=\"lazy\" decoding=\"async\" id=\"singlePic_374492\" title=\"Ladislav Jakl\" src=\"http:\/\/media.novinky.cz\/449\/374492-top_foto2-wgf0z.jpg\" alt=\"Ladislav Jakl\" width=\"400\" height=\"225\" \/><\/a><\/div>\n<\/div>\n<p>Ladislav Jakl<\/p>\n<p>FOTO: Jan Handrejch, <a href=\"http:\/\/www.pravo.cz\">Pr\u00e1vo<\/a><\/p>\n<p>Z\u00e1sadn\u011b  s\u00a0n\u00edm nesouhlasil politolog Bohumil Dole\u017eal. \u201ePan Zeman byl zvolen na  to, aby byl prezident a choval se jako prezident podle \u00fastavy,\u201c \u0159ekl.  Dodal, \u017ee v\u0161echny autoritativn\u00ed re\u017eimy se za\u0161ti\u0165ovaly autoritou lidu a  svou vl\u00e1du prezidentovaly jako kabinet odborn\u00edk\u016f.<\/p>\n<p>Za n\u00e1zor, \u017ee by  se nem\u011bla m\u011bnit \u00fastava, se postavili i dal\u0161\u00ed \u00fa\u010dastn\u00edci debaty, vedouc\u00ed  Katedry \u00fastavn\u00edho pr\u00e1va Pr\u00e1vnick\u00e9 fakulty Univerzity Karlovy v\u00a0Praze  Ale\u0161 Gerloch a politolog Zden\u011bk Zbo\u0159il.<\/p>\n<p><a href=\"http:\/\/www.novinky.cz\/domaci\/306462-prezident-ma-pravo-jmenovat-sveho-premiera-hajil-zemana-klausuv-tajemnik-jakl.html\" target=\"_blank\">Zdroj<\/a><\/p>\n","protected":false},"excerpt":{"rendered":"<p>Prezident Milo\u0161 Zeman m\u00e1 jako p\u0159\u00edmo zvolen\u00e1 hlava st\u00e1tu pr\u00e1vo na v\u00fdkon sv\u00e9ho mand\u00e1tu, kter\u00fd mu lid\u00e9 dali, a jmenovat vlastn\u00edho kandid\u00e1ta na premi\u00e9ra v osob\u011b Ji\u0159\u00edho Rusnoka. V ned\u011bln\u00edm po\u0159adu Partie v televizi Prima Family to \u0159ekl Ladislav Jakl, b\u00fdval\u00fd tajemn\u00edk Zemanova p\u0159edch\u016fdce v \u00fa\u0159adu V\u00e1clava Klause.<\/p>\n","protected":false},"author":1,"featured_media":0,"comment_status":"open","ping_status":"open","sticky":false,"template":"","format":"standard","meta":{"ngg_post_thumbnail":0,"footnotes":""},"categories":[11],"tags":[],"class_list":["post-4003","post","type-post","status-publish","format-standard","hentry","category-ozvena"],"_links":{"self":[{"href":"https:\/\/www.ladislavjakl.cz\/index.php?rest_route=\/wp\/v2\/posts\/4003","targetHints":{"allow":["GET"]}}],"collection":[{"href":"https:\/\/www.ladislavjakl.cz\/index.php?rest_route=\/wp\/v2\/posts"}],"about":[{"href":"https:\/\/www.ladislavjakl.cz\/index.php?rest_route=\/wp\/v2\/types\/post"}],"author":[{"embeddable":true,"href":"https:\/\/www.ladislavjakl.cz\/index.php?rest_route=\/wp\/v2\/users\/1"}],"replies":[{"embeddable":true,"href":"https:\/\/www.ladislavjakl.cz\/index.php?rest_route=%2Fwp%2Fv2%2Fcomments&post=4003"}],"version-history":[{"count":1,"href":"https:\/\/www.ladislavjakl.cz\/index.php?rest_route=\/wp\/v2\/posts\/4003\/revisions"}],"predecessor-version":[{"id":4004,"href":"https:\/\/www.ladislavjakl.cz\/index.php?rest_route=\/wp\/v2\/posts\/4003\/revisions\/4004"}],"wp:attachment":[{"href":"https:\/\/www.ladislavjakl.cz\/index.php?rest_route=%2Fwp%2Fv2%2Fmedia&parent=4003"}],"wp:term":[{"taxonomy":"category","embeddable":true,"href":"https:\/\/www.ladislavjakl.cz\/index.php?rest_route=%2Fwp%2Fv2%2Fcategories&post=4003"},{"taxonomy":"post_tag","embeddable":true,"href":"https:\/\/www.ladislavjakl.cz\/index.php?rest_route=%2Fwp%2Fv2%2Ftags&post=4003"}],"curies":[{"name":"wp","href":"https:\/\/api.w.org\/{rel}","templated":true}]}}