{"id":4005,"date":"2013-07-03T13:07:25","date_gmt":"2013-07-03T11:07:25","guid":{"rendered":"http:\/\/www.ladislavjakl.cz\/?p=4005"},"modified":"2013-07-03T13:07:25","modified_gmt":"2013-07-03T11:07:25","slug":"politici-kvici-zaznela-vyzivna-citace-ladislava-jakla","status":"publish","type":"post","link":"https:\/\/www.ladislavjakl.cz\/?p=4005","title":{"rendered":"Politici kvi\u010d\u00ed &#8211; zazn\u011bla v\u00fd\u017eivn\u00e1 citace Ladislava Jakla"},"content":{"rendered":"<p>Dne\u0161n\u00ed Partie na  Prima family soust\u0159edila relativn\u011b bohatou kolekci zaj\u00edmav\u00fdch debat\u00e9r\u016f:  Ladislava Jakla, Bohumila Dole\u017eala, Zde\u0148ka Zbo\u0159ila a Ale\u0161e Gerlocha,  alespo\u0148 v tomto po\u0159ad\u00ed byli vid\u011bt na obrazovce zleva doprava, jen  profesov Gerloch se \u00fa\u010dastnil prost\u0159ednictv\u00edm obrazovky. T\u00e9ma bylo  p\u0159edpokl\u00e1dan\u00e9.<\/p>\n<p><!--more-->V jeho r\u00e1mci se na p\u0159\u00edpustnosti prezidentova kroku, v\u00edce  m\u00e9n\u011b, shodla v\u011bt\u0161ina p\u0159\u00edtomn\u00fdch, jen Bohumil Dole\u017eal byl vcelku v\u00fdrazn\u011b a  z\u00e1rove\u0148 vzru\u0161en\u011b proti. Podstatn\u00e9 \u0159ekl Jakl hned na po\u010d\u00e1tku, a toti\u017e ve  zkratce to, \u017ee nelze prezidentovi vy\u010d\u00edtat dosud neuplatn\u011bn\u00fd postup,  kdy\u017e jinak nen\u00ed v rozporu s \u00dastavou. \u017de politici &#8222;kvi\u010d\u00ed,&#8220; odvol\u00e1vaj\u00edc\u00ed  se na &#8222;zvyklosti&#8220; je pochopiteln\u00e9, le\u010d irelevantn\u00ed. Dole\u017ealovu  argumentaci, spo\u010d\u00edvaj\u00edc\u00ed na mand\u00e1tu od voli\u010d\u016f zpochyb\u0148ovali ve studiu  oba z\u00fa\u010dastn\u011bn\u00ed, mimo jin\u00e9 i t\u00edm, \u017ee i Zeman m\u00e1 n\u011bjak\u00fd nezpochybniteln\u00fd  mand\u00e1t. Zbo\u0159il se souvislosti se silou sn\u011bmovn\u00edho mand\u00e1tu ptal: <em>Koho, \u017ee to vlastn\u011b zastupuj\u00ed &#8222;p\u0159el\u00e9taj\u00edc\u00ed&#8220; z Lidem, pota\u017emo V\u011bc\u00ed ve\u0159ejn\u00fdch.<\/em><\/p>\n<p>V Ot\u00e1zk\u00e1ch V\u00e1clava  Moravce pojal jejich otec a moder\u00e1tor v \u00favodn\u00edm rozhovoru s designovan\u00fdm  premi\u00e9rem Rusnokem z\u0159eteln\u011b konfronta\u010dn\u011b, zejm\u00e9na v komparaci se stylem  Lenky Pastor\u010d\u00e1kov\u00e9. Na sv\u00e9 si v\u0161ak nep\u0159i\u0161el,  proto\u017ee Rusnok se jednodu\u0161e nenechal vyprovokovat a odpov\u00eddal skoup\u011b a  medi\u00e1ln\u011b a\u017e nez\u00e1\u017eivn\u011b. Trval na tom, \u017ee jeho vl\u00e1da d\u016fv\u011bru dostane a  pok\u00e1ral poslance za to, \u017ee <em>Sn\u011bmovna diskutuje o v\u0161em mo\u017en\u00e9m jen ne o sv\u00e9 pr\u00e1ci<\/em>.  T\u00edm se z\u00e1rove\u0148 p\u0159edem vyvinil z p\u0159\u00edpadn\u00fdch probl\u00e9m\u016f pro futuro,  vznikl\u00fdch v d\u016fsledku neschv\u00e1len\u00ed rozpo\u010dtu nebo nemo\u017enosti uv\u00e9st do praxe  nov\u00fd ob\u010dansk\u00fd <a href=\"http:\/\/zakony.kurzy.cz\/\">z\u00e1kon\u00edk<\/a>.<\/p>\n<p>V dal\u0161\u00ed \u010d\u00e1sti, za  \u00fa\u010dasti m\u00edstop\u0159edsed\u016f \u010cSSD (Zden\u011bk \u0160kromach), ODS (Martin Kuba), TOP 09  (Miroslav Kalousek), KS\u010cM (Miloslava Vostr\u00e1) doch\u00e1zelo k demonstraci  toho, co Ladislav Jakl ozna\u010duje za &#8222;kvi\u010den\u00ed&#8220; (zcela nevyb\u00edrav\u011b proti  hlav\u011b st\u00e1tu vystupoval zejm\u00e9na Kalousek) tak\u017ee ur\u010dit\u00fd klid do debaty  vnesl profesor Ji\u0159\u00ed P\u0159ib\u00e1\u0148, vstupuj\u00edc\u00ed do po\u0159adu z Cardiffu. Sou\u010dasn\u00fd  stav ozna\u010dil za krizi stranick\u00e9 demokracie &#8211; tedy mimo ve\u0159ejn\u00fd z\u00e1jem,  nicm\u00e9n\u011b pro prezidentovo \u0159e\u0161en\u00ed nijak nepl\u00e9doval, ozna\u010dil je za  \u0161kodliv\u00e9. V Parlamentu se podle n\u011bho mus\u00ed naj\u00edt jasn\u00e1 politick\u00e1 v\u016fle,  jin\u00fdmi slovy, p\u0159ed\u010dasn\u00e9 volby, proto\u017ee koali\u010dn\u00ed vl\u00e1da nen\u00ed funk\u010dn\u00ed.<\/p>\n<p><a href=\"http:\/\/zpravy.kurzy.cz\/353711-politici-kvici-zaznela-vyzivna-citace-ladislava-jakla\/\" target=\"_blank\">Zdroj<\/a><\/p>\n","protected":false},"excerpt":{"rendered":"<p>Dne\u0161n\u00ed Partie na Prima family soust\u0159edila relativn\u011b bohatou kolekci zaj\u00edmav\u00fdch debat\u00e9r\u016f: Ladislava Jakla, Bohumila Dole\u017eala, Zde\u0148ka Zbo\u0159ila a Ale\u0161e Gerlocha, alespo\u0148 v tomto po\u0159ad\u00ed byli vid\u011bt na obrazovce zleva doprava, jen profesov Gerloch se \u00fa\u010dastnil prost\u0159ednictv\u00edm obrazovky. T\u00e9ma bylo p\u0159edpokl\u00e1dan\u00e9.<\/p>\n","protected":false},"author":1,"featured_media":0,"comment_status":"open","ping_status":"open","sticky":false,"template":"","format":"standard","meta":{"ngg_post_thumbnail":0,"footnotes":""},"categories":[11],"tags":[],"class_list":["post-4005","post","type-post","status-publish","format-standard","hentry","category-ozvena"],"_links":{"self":[{"href":"https:\/\/www.ladislavjakl.cz\/index.php?rest_route=\/wp\/v2\/posts\/4005","targetHints":{"allow":["GET"]}}],"collection":[{"href":"https:\/\/www.ladislavjakl.cz\/index.php?rest_route=\/wp\/v2\/posts"}],"about":[{"href":"https:\/\/www.ladislavjakl.cz\/index.php?rest_route=\/wp\/v2\/types\/post"}],"author":[{"embeddable":true,"href":"https:\/\/www.ladislavjakl.cz\/index.php?rest_route=\/wp\/v2\/users\/1"}],"replies":[{"embeddable":true,"href":"https:\/\/www.ladislavjakl.cz\/index.php?rest_route=%2Fwp%2Fv2%2Fcomments&post=4005"}],"version-history":[{"count":1,"href":"https:\/\/www.ladislavjakl.cz\/index.php?rest_route=\/wp\/v2\/posts\/4005\/revisions"}],"predecessor-version":[{"id":4006,"href":"https:\/\/www.ladislavjakl.cz\/index.php?rest_route=\/wp\/v2\/posts\/4005\/revisions\/4006"}],"wp:attachment":[{"href":"https:\/\/www.ladislavjakl.cz\/index.php?rest_route=%2Fwp%2Fv2%2Fmedia&parent=4005"}],"wp:term":[{"taxonomy":"category","embeddable":true,"href":"https:\/\/www.ladislavjakl.cz\/index.php?rest_route=%2Fwp%2Fv2%2Fcategories&post=4005"},{"taxonomy":"post_tag","embeddable":true,"href":"https:\/\/www.ladislavjakl.cz\/index.php?rest_route=%2Fwp%2Fv2%2Ftags&post=4005"}],"curies":[{"name":"wp","href":"https:\/\/api.w.org\/{rel}","templated":true}]}}