{"id":4007,"date":"2013-07-03T13:08:13","date_gmt":"2013-07-03T11:08:13","guid":{"rendered":"http:\/\/www.ladislavjakl.cz\/?p=4007"},"modified":"2013-07-03T13:08:13","modified_gmt":"2013-07-03T11:08:13","slug":"vlada-%e2%80%9eodborniku%e2%80%9c","status":"publish","type":"post","link":"https:\/\/www.ladislavjakl.cz\/?p=4007","title":{"rendered":"Vl\u00e1da \u201eodborn\u00edk\u016f\u201c?"},"content":{"rendered":"<div id=\"node-97\">\n<div>\n<p>Sou\u010dasn\u00e1 vl\u00e1dn\u00ed krize a jmenov\u00e1n\u00ed nov\u00e9ho premi\u00e9ra p\u0159inesly do  politick\u00e9ho a novin\u00e1\u0159sk\u00e9ho \u017eargonu divn\u00fd pojem: \u201evl\u00e1da odborn\u00edk\u016f\u201c.  Prezident Zeman tak ozna\u010dil vl\u00e1du, kterou hodl\u00e1 jmenovat bez vazby na  Poslaneckou sn\u011bmovnu a rozlo\u017een\u00ed sil v\u00a0n\u00ed.<\/p>\n<p><!--more-->Jeho term\u00edn s\u00e1m o sob\u011b o  odbornosti budouc\u00edch \u010dlen\u016f vl\u00e1dy nic ne\u0159\u00edk\u00e1, jen zakr\u00fdv\u00e1 podstatu v\u011bci.  Tradi\u010dn\u011b se takov\u00e9 vl\u00e1d\u011b, kter\u00e1 nevych\u00e1z\u00ed z\u00a0norm\u00e1ln\u00edch politick\u00fdch  parlamentn\u00edch struktur, u n\u00e1s \u0159\u00edk\u00e1 vl\u00e1da \u00fa\u0159ednick\u00e1. Je to politologick\u00fd  term\u00edn.<\/p>\n<p>Neznamen\u00e1, \u017ee by v\u00a0n\u00ed a priori a v\u00fdhradn\u011b zasedali  kari\u00e9rn\u00ed vl\u00e1dn\u00ed \u00fa\u0159edn\u00edci, ale proto, \u017ee jej\u00ed mand\u00e1t je omezen\u00fd a  charakter p\u0159echodn\u00fd a do\u010dasn\u00fd. Takov\u00e1 vl\u00e1da m\u00e1 zemi po limitovanou dobu  administrativn\u011b spravovat a nem\u00e1 se pou\u0161t\u011bt do ambici\u00f3zn\u00edch reforem.<\/p>\n<p>Zeman\u016fv  novotvar m\u00e1 zn\u00edt u\u0161\u00edm ve\u0159ejnosti l\u00e9pe, asi jako zn\u00ed l\u00e9pe ozna\u010den\u00ed  expert ne\u017e byrokrat. Obsahuje v\u0161ak v\u00a0sob\u011b nebezpe\u010dn\u00fd prvek. Utvrzuje ve  ve\u0159ejnosti nebezpe\u010dn\u00fd omyl, \u017ee politika je \u0161pinav\u00e1 v\u011bc a vl\u00e1dnout by  m\u011bli pokud mo\u017eno nadstrani\u010dt\u00ed \u201eodborn\u00edci\u201c nezat\u00ed\u017een\u00ed \u017e\u00e1dnou ideologi\u00ed.<\/p>\n<p>\u017d\u00e1dn\u00ed  takov\u00ed odborn\u00edci ov\u0161em neexistuj\u00ed. Politika a spr\u00e1va v\u011bc\u00ed ve\u0159ejn\u00fdch bez  ideov\u00e9ho zakotven\u00ed nem\u016f\u017ee fungovat, proto\u017ee nem\u00e1 pov\u011b\u0159en\u00ed od ob\u010dan\u016f.  T\u00edm pov\u011b\u0159en\u00edm m\u016f\u017ee b\u00fdt jen politick\u00fd mand\u00e1t, vze\u0161l\u00fd z\u00a0voleb.<\/p>\n<p>Politiku  je pot\u0159eba rehabilitovat, nikoliv pop\u0159\u00edt, proto\u017ee bez n\u00ed nem\u016f\u017ee  existovat ani demokracie a lidsk\u00e1 svoboda. Politiku zru\u0161ili i komunist\u00e9,  kdy\u017e ji ozna\u010dili za neplodn\u00fd konflikt r\u016fzn\u00fdch \u010d\u00e1st\u00ed spole\u010dnosti. M\u00edsto  n\u00ed nab\u00edzeli nomenklaturn\u00ed v\u00fdb\u011br k\u00e1dr\u016f.<\/p>\n<p>Politika je a v\u017edy z\u016fstane  legitimn\u00ed sout\u011b\u017e\u00ed r\u016fzn\u00fdch koncept\u016f a soupe\u0159en\u00edm r\u016fzn\u00fdch z\u00e1jm\u016f. Myslet  si, \u017ee ji lze nahradit jak\u00fdmsi konkursem na odborn\u00edky, znamen\u00e1 cht\u00edt  ukr\u00e1st ve\u0159ejn\u00e9 rozhodov\u00e1n\u00ed z\u00a0rukou ve\u0159ejnosti.<\/p>\n<p>Institut V\u00e1clava Klause, 25. \u010dervna 2013<\/p>\n<p><a href=\"http:\/\/www.institutvk.cz\/politicke-komentare\/politicky-komentar-ivk-c-10-vlada-odborniku\" target=\"_blank\">Zdroj<\/a><\/div>\n<\/div>\n","protected":false},"excerpt":{"rendered":"<p>Sou\u010dasn\u00e1 vl\u00e1dn\u00ed krize a jmenov\u00e1n\u00ed nov\u00e9ho premi\u00e9ra p\u0159inesly do politick\u00e9ho a novin\u00e1\u0159sk\u00e9ho \u017eargonu divn\u00fd pojem: \u201evl\u00e1da odborn\u00edk\u016f\u201c. Prezident Zeman tak ozna\u010dil vl\u00e1du, kterou hodl\u00e1 jmenovat bez vazby na Poslaneckou sn\u011bmovnu a rozlo\u017een\u00ed sil v\u00a0n\u00ed.<\/p>\n","protected":false},"author":1,"featured_media":0,"comment_status":"open","ping_status":"open","sticky":false,"template":"","format":"standard","meta":{"ngg_post_thumbnail":0,"footnotes":""},"categories":[1],"tags":[],"class_list":["post-4007","post","type-post","status-publish","format-standard","hentry","category-publikovane-clanky"],"_links":{"self":[{"href":"https:\/\/www.ladislavjakl.cz\/index.php?rest_route=\/wp\/v2\/posts\/4007","targetHints":{"allow":["GET"]}}],"collection":[{"href":"https:\/\/www.ladislavjakl.cz\/index.php?rest_route=\/wp\/v2\/posts"}],"about":[{"href":"https:\/\/www.ladislavjakl.cz\/index.php?rest_route=\/wp\/v2\/types\/post"}],"author":[{"embeddable":true,"href":"https:\/\/www.ladislavjakl.cz\/index.php?rest_route=\/wp\/v2\/users\/1"}],"replies":[{"embeddable":true,"href":"https:\/\/www.ladislavjakl.cz\/index.php?rest_route=%2Fwp%2Fv2%2Fcomments&post=4007"}],"version-history":[{"count":1,"href":"https:\/\/www.ladislavjakl.cz\/index.php?rest_route=\/wp\/v2\/posts\/4007\/revisions"}],"predecessor-version":[{"id":4008,"href":"https:\/\/www.ladislavjakl.cz\/index.php?rest_route=\/wp\/v2\/posts\/4007\/revisions\/4008"}],"wp:attachment":[{"href":"https:\/\/www.ladislavjakl.cz\/index.php?rest_route=%2Fwp%2Fv2%2Fmedia&parent=4007"}],"wp:term":[{"taxonomy":"category","embeddable":true,"href":"https:\/\/www.ladislavjakl.cz\/index.php?rest_route=%2Fwp%2Fv2%2Fcategories&post=4007"},{"taxonomy":"post_tag","embeddable":true,"href":"https:\/\/www.ladislavjakl.cz\/index.php?rest_route=%2Fwp%2Fv2%2Ftags&post=4007"}],"curies":[{"name":"wp","href":"https:\/\/api.w.org\/{rel}","templated":true}]}}