{"id":4018,"date":"2013-07-05T10:25:38","date_gmt":"2013-07-05T08:25:38","guid":{"rendered":"http:\/\/www.ladislavjakl.cz\/?p=4018"},"modified":"2013-07-05T10:25:38","modified_gmt":"2013-07-05T08:25:38","slug":"e15-mynar-neni-hajek-ani-jakl","status":"publish","type":"post","link":"https:\/\/www.ladislavjakl.cz\/?p=4018","title":{"rendered":"E15: Myn\u00e1\u0159 nen\u00ed H\u00e1jek ani Jakl"},"content":{"rendered":"<p>Prezident\u016fv kancl\u00e9\u0159 Vratislav Myn\u00e1\u0159 je \u010d\u00edm d\u00e1l v\u011bt\u0161\u00ed ne\u0161t\u011bst\u00ed. Jeho snaha navazovat na tradici ostr\u00fdch projev\u016f Petra H\u00e1jka a Ladislava Jakla je stejn\u011b okat\u00e1 jako zoufal\u00e1. A ne\u0161\u0165astn\u00e1.<\/p>\n<p><!--more--><\/p>\n<p>H\u00e1jkovy a Jaklovy intelektu\u00e1ln\u00ed klauni\u00e1dy byly sice mnohdy ned\u016fstojn\u00e9, ale v\u017edy vych\u00e1zely ze zvl\u00e1\u0161tn\u00ed, nicm\u00e9n\u011b vyt\u0159\u00edben\u00e9, rigidn\u00ed ideologick\u00e9 z\u00e1kladny, \u0161ly p\u0159es mrtvoly v\u0161ech politick\u00fdch stran i jejich v\u016fdc\u016f.<br \/>\nMyn\u00e1\u0159 naproti tomu lacin\u011b agituje pro svou strani\u010dku, je\u017e nem\u00e1 v\u00edc ne\u017e kult \u010destn\u00e9ho p\u0159edsedy a jen z pozice hradn\u00edho kancl\u00e9\u0159e lacin\u011b ur\u00e1\u017e\u00ed \u0161\u00e9fa konkuren\u010dn\u00edch soci\u00e1ln\u00edch demokrat\u016f, \u017ee \u201eje slab\u00fd, jako je stisk jeho ruky\u201c. Co je v\u0161ak d\u016fle\u017eit\u011bj\u0161\u00ed, Myn\u00e1\u0159ovi unik\u00e1, \u017ee nen\u00ed ani H\u00e1jkem, ani Jaklem, tedy ani vicekancl\u00e9\u0159em, ani \u0161\u00e9fem hradn\u00edho politick\u00e9ho odboru. Je kancl\u00e9\u0159em, co\u017e je funkce vy\u017eaduj\u00edc\u00ed d\u016fstojnost, odstup a ml\u010denlivost. Ty Ji\u0159\u00ed Weigl m\u011bl. Myn\u00e1\u0159 je v sob\u011b ani nehled\u00e1.<\/p>\n<p>(P. S.: \u010caban by si m\u011bl vzpomenout, \u017ee za prezidenta Havla to ale byli pr\u00e1v\u011b kancl\u00e9\u0159ov\u00e9, kdo byli nositeli velmi ostr\u00fdch a velmi politick\u00fdch v\u00fdrok\u016f.)<\/p>\n<p><a href=\"http:\/\/nazory.euro.e15.cz\/komentare\/martin-caban-spatna-volba-tradice-1003015\" target=\"_blank\">Zdroj<\/a><\/p>\n","protected":false},"excerpt":{"rendered":"<p>Prezident\u016fv kancl\u00e9\u0159 Vratislav Myn\u00e1\u0159 je \u010d\u00edm d\u00e1l v\u011bt\u0161\u00ed ne\u0161t\u011bst\u00ed. Jeho snaha navazovat na tradici ostr\u00fdch projev\u016f Petra H\u00e1jka a Ladislava Jakla je stejn\u011b okat\u00e1 jako zoufal\u00e1. A ne\u0161\u0165astn\u00e1.<\/p>\n","protected":false},"author":1,"featured_media":0,"comment_status":"open","ping_status":"open","sticky":false,"template":"","format":"standard","meta":{"ngg_post_thumbnail":0,"footnotes":""},"categories":[11],"tags":[],"class_list":["post-4018","post","type-post","status-publish","format-standard","hentry","category-ozvena"],"_links":{"self":[{"href":"https:\/\/www.ladislavjakl.cz\/index.php?rest_route=\/wp\/v2\/posts\/4018","targetHints":{"allow":["GET"]}}],"collection":[{"href":"https:\/\/www.ladislavjakl.cz\/index.php?rest_route=\/wp\/v2\/posts"}],"about":[{"href":"https:\/\/www.ladislavjakl.cz\/index.php?rest_route=\/wp\/v2\/types\/post"}],"author":[{"embeddable":true,"href":"https:\/\/www.ladislavjakl.cz\/index.php?rest_route=\/wp\/v2\/users\/1"}],"replies":[{"embeddable":true,"href":"https:\/\/www.ladislavjakl.cz\/index.php?rest_route=%2Fwp%2Fv2%2Fcomments&post=4018"}],"version-history":[{"count":1,"href":"https:\/\/www.ladislavjakl.cz\/index.php?rest_route=\/wp\/v2\/posts\/4018\/revisions"}],"predecessor-version":[{"id":4019,"href":"https:\/\/www.ladislavjakl.cz\/index.php?rest_route=\/wp\/v2\/posts\/4018\/revisions\/4019"}],"wp:attachment":[{"href":"https:\/\/www.ladislavjakl.cz\/index.php?rest_route=%2Fwp%2Fv2%2Fmedia&parent=4018"}],"wp:term":[{"taxonomy":"category","embeddable":true,"href":"https:\/\/www.ladislavjakl.cz\/index.php?rest_route=%2Fwp%2Fv2%2Fcategories&post=4018"},{"taxonomy":"post_tag","embeddable":true,"href":"https:\/\/www.ladislavjakl.cz\/index.php?rest_route=%2Fwp%2Fv2%2Ftags&post=4018"}],"curies":[{"name":"wp","href":"https:\/\/api.w.org\/{rel}","templated":true}]}}