{"id":4020,"date":"2013-07-05T10:28:09","date_gmt":"2013-07-05T08:28:09","guid":{"rendered":"http:\/\/www.ladislavjakl.cz\/?p=4020"},"modified":"2013-07-05T10:28:09","modified_gmt":"2013-07-05T08:28:09","slug":"hrozi-nam-autoritativni-vlada-prokuratoru-a-policistu-varoval-jakl-v-partii-a-politolog-chtel-zakvicet","status":"publish","type":"post","link":"https:\/\/www.ladislavjakl.cz\/?p=4020","title":{"rendered":"Hroz\u00ed n\u00e1m autoritativn\u00ed vl\u00e1da prokur\u00e1tor\u016f a policist\u016f, varoval Jakl v Partii. A politolog cht\u011bl zakvi\u010det"},"content":{"rendered":"<p>Novou vl\u00e1du sestavuje designovan\u00fd premi\u00e9r Ji\u0159\u00ed Rusnok. Chov\u00e1 se prezident Milo\u0161 Zeman jako mocn\u00e1\u0159 anebo jako prot\u0159el\u00fd politik? O tom se v po\u0159adu Partie dohadovali d\u011bkan pr\u00e1vnick\u00e9 fakulty Univerzity Karlovy Ale\u0161 Gerloch, kancl\u00e9\u0159 b\u00fdval\u00e9ho prezidenta Ladislav Jakl a politologov\u00e9 Bohumil Dole\u017eal a Zden\u011bk Zbo\u0159il.<br \/>\n<!--more--><br \/>\nZeman podle Jakla nepochybn\u011b jedn\u00e1 p\u0159edev\u0161\u00edm ve sv\u00e9m z\u00e1jmu, co\u017e se samoz\u0159ejm\u011b k\u0159\u00ed\u017e\u00ed se z\u00e1jmy jin\u00fdch hr\u00e1\u010d\u016f na politick\u00e9 sc\u00e9n\u011b. \u201eNebudu tvrdit, zda jedn\u00e1 spr\u00e1vn\u011b, nebo nespr\u00e1vn\u011b. Ale zcela ur\u010dit\u011b jedn\u00e1 podle \u00dastavy,\u201c m\u00edn\u00ed.<\/p>\n<p>Chci zakvi\u010det. Zeman jmenoval vl\u00e1du, kter\u00e1 nem\u00e1 pot\u0159ebnou v\u011bt\u0161inu v Parlamentu<\/p>\n<p>\u201eDovolil bych si zakvi\u010det,\u201c p\u0159ihl\u00e1sil se o slovo politolog Bohumil Dole\u017eal. \u201eMilo\u0161 Zeman jmenoval vl\u00e1du, kter\u00e1 nem\u00e1 zaji\u0161t\u011bnou v\u011bt\u0161inu v Parlamentu. Bude tady vl\u00e1da na z\u00e1klad\u011b n\u011bjak\u00e9ho odbornictv\u00ed, kter\u00e9 nelze objektivn\u011b posoudit,\u201c ob\u00e1v\u00e1 se. Pr\u00fd se jedn\u00e1 o posun k autoritativn\u00edmu zp\u016fsobu veden\u00ed st\u00e1tu.<\/p>\n<p>\u201eZeman hned po volb\u00e1ch do sn\u011bmovny prohl\u00e1sil, \u017ee se t\u011b\u0161\u00ed, jak ta velk\u00e1 v\u011bt\u0161ina bude postupn\u011b rozebr\u00e1na,\u201c p\u0159ipomn\u011bl druh\u00fd politolog Zbo\u0159il a doplnil: \u201eU n\u00e1s v t\u00e9 \u00dastav\u011b je organizace moci zdvojen\u00e1. Proto m\u00e1me sn\u011bmovnu a Sen\u00e1t a m\u00e1me vl\u00e1du a prezidenta. Tou p\u0159\u00edmou volbou se toto trochu vych\u00fdlilo.\u201c<br \/>\nParlament u\u017e nen\u00ed suver\u00e9nem ve sv\u00e9 roli reprezentanta v\u016fle lidu<\/p>\n<p>Mnoz\u00ed politici si podle Jakla cht\u011bli p\u0159i\u010d\u00edst body u voli\u010d\u016f za to, \u017ee zavedli p\u0159\u00edmou volbu. Lidem cht\u011bli d\u00e1t p\u0159i\u010dichnout k pocitu, \u017ee se pod\u00edl\u00ed na moci. \u201eZm\u011bnilo se to, \u017ee Parlament u\u017e nen\u00ed suver\u00e9nem ve sv\u00e9 roli reprezentanta v\u016fle lidu,\u201c vysv\u011btlil Jakl a p\u0159ipomn\u011bl jedn\u00e1n\u00ed V\u00e1clava Klause v dob\u011b, kdy se hroutily socialistick\u00e9 vl\u00e1dy.<\/p>\n<p>Jaklova slova ale odm\u00edtl politolog Dole\u017eal. \u201eS Jaklem absolutn\u011b nesouhlas\u00edm. Zeman dostal mand\u00e1t na to, aby se choval jako prezident podle \u00dastavy,\u201c p\u0159ipomn\u011bl. Vl\u00e1da, kterou sestavuje Rusnok, ov\u0161em bude reprezentovat pouze prezidenta. A to je pr\u00fd velice podez\u0159el\u00e9.<\/p>\n<p>Je nebezpe\u010dn\u00e9, kdo se do \u00fa\u0159ednick\u00e9 vl\u00e1dy dostane<\/p>\n<p>Podle Zbo\u0159ila nen\u00ed nebezpe\u010dn\u00fd princip \u00fa\u0159ednick\u00e9 vl\u00e1dy, ale to, kdo se tam dostane a kdo jej jmenuje.<\/p>\n<p>Jakl si ale h\u00e1jil sv\u016fj n\u00e1zor. Zeptal se, zda nen\u00ed lep\u0161\u00ed, aby prezident vyu\u017eil mo\u017enosti jmenovat premi\u00e9ra, k \u010demu\u017e m\u00e1 pr\u00e1vo podle \u00dastavy.  \u201eParlament se na ni\u010dem nedohodne a to d\u00e1v\u00e1 prezidentovi legitimn\u00ed mo\u017enost jednat,\u201c m\u00edn\u00ed Jakl.<\/p>\n<p>Problematick\u00e9 jsou term\u00edny. Vl\u00e1da Rusnoka bude vl\u00e1dnout i bez d\u016fv\u011bry<\/p>\n<p>Politolog Dole\u017eal se pot\u00e9 znovu pustil do sporn\u00e9ho jmenov\u00e1n\u00ed Rusnoka premi\u00e9rem. \u201eProbl\u00e9m vl\u00e1dy je v term\u00ednech. T\u0159eba nedostane d\u016fv\u011bru, ale m\u016f\u017ee vl\u00e1dnout d\u00e1l. A Zeman m\u016f\u017ee jmenovat stejn\u00e9ho premi\u00e9ra i podruh\u00e9,\u201c ob\u00e1v\u00e1 se. Podle n\u011bj hroz\u00ed autoritativn\u00ed zp\u016fsob vl\u00e1dy.<\/p>\n<p>D\u011bkan Gerloch se pokusil vysv\u011btlit spory ohledn\u011b term\u00edn\u016f. \u201eRozhodn\u00fd je okam\u017eik, kdy se o n\u011b\u010dem hlasuje. Hlasov\u00e1n\u00ed o d\u016fv\u011b\u0159e, hlasov\u00e1n\u00ed o z\u00e1kon\u011b,\u201c uvedl a pokra\u010doval: \u201eLh\u016fty sice nejsou nastaveny. Ale pokud nejsou stanoveny, na co\u017e ukazuje \u00dastavn\u00ed soud, postupuje se bez zbyte\u010dn\u00e9ho odkladu. P\u0159\u00edpadn\u00e9 odklady nesm\u00ed b\u00fdt zbyte\u010dn\u011b dlouh\u00e9. Maxim\u00e1ln\u011b t\u00fddny, sp\u00ed\u0161e dny.\u201c<\/p>\n<p>Hroz\u00ed n\u00e1m autoritativn\u00ed vl\u00e1da prokur\u00e1tor\u016f a policist\u016f, varoval Jakl<\/p>\n<p>Jakl ale pouk\u00e1zal na jin\u00e9 nebezpe\u010d\u00ed, kter\u00e9 v \u010desk\u00e9m st\u00e1t\u011b existuje.  \u201eHroz\u00ed u n\u00e1s autoritativn\u00ed forma vl\u00e1dy a to je vl\u00e1da prokur\u00e1tor\u016f a policist\u016f. Prokur\u00e1to\u0159i velmi nezodpov\u011bdn\u011b poslali stovky policist\u016f. Co je v\u00fdsledkem odhalen\u00ed z\u00e1va\u017en\u00e9 korupce? Jedin\u00fdm v\u00fdsledkem je, \u017ee padla vl\u00e1da, kter\u00e1 n\u011bjakou legitimitu m\u011bla,\u201c m\u00edn\u00ed Jakl.<\/p>\n<p>Dole\u017eal v souvislosti s t\u00edm pouk\u00e1zal na to, \u017ee na svobod\u011b jsou st\u00e1le vlivn\u00ed podnikatel\u00e9 Ivo Rittig a Roman Janou\u0161ek. Ve v\u011bzen\u00ed zat\u00edm sed\u00ed jenom b\u00fdval\u00ed poslanci. Proto by se m\u011bly policejn\u00ed org\u00e1ny a st\u00e1tn\u00ed zastupitelstv\u00ed dostat pod v\u011bt\u0161\u00ed kontrolu.<\/p>\n<p><a href=\"http:\/\/www.parlamentnilisty.cz\/arena\/monitor\/Hrozi-nam-autoritativni-vlada-prokuratoru-a-policistu-varoval-Jakl-v-Partii-A-politolog-chtel-zakvicet-277460\" target=\"_blank\">Zdroj<\/a><\/p>\n","protected":false},"excerpt":{"rendered":"<p>Novou vl\u00e1du sestavuje designovan\u00fd premi\u00e9r Ji\u0159\u00ed Rusnok. Chov\u00e1 se prezident Milo\u0161 Zeman jako mocn\u00e1\u0159 anebo jako prot\u0159el\u00fd politik? O tom se v po\u0159adu Partie dohadovali d\u011bkan pr\u00e1vnick\u00e9 fakulty Univerzity Karlovy Ale\u0161 Gerloch, kancl\u00e9\u0159 b\u00fdval\u00e9ho prezidenta Ladislav Jakl a politologov\u00e9 Bohumil Dole\u017eal a Zden\u011bk Zbo\u0159il.<\/p>\n","protected":false},"author":1,"featured_media":0,"comment_status":"open","ping_status":"open","sticky":false,"template":"","format":"standard","meta":{"ngg_post_thumbnail":0,"footnotes":""},"categories":[11],"tags":[],"class_list":["post-4020","post","type-post","status-publish","format-standard","hentry","category-ozvena"],"_links":{"self":[{"href":"https:\/\/www.ladislavjakl.cz\/index.php?rest_route=\/wp\/v2\/posts\/4020","targetHints":{"allow":["GET"]}}],"collection":[{"href":"https:\/\/www.ladislavjakl.cz\/index.php?rest_route=\/wp\/v2\/posts"}],"about":[{"href":"https:\/\/www.ladislavjakl.cz\/index.php?rest_route=\/wp\/v2\/types\/post"}],"author":[{"embeddable":true,"href":"https:\/\/www.ladislavjakl.cz\/index.php?rest_route=\/wp\/v2\/users\/1"}],"replies":[{"embeddable":true,"href":"https:\/\/www.ladislavjakl.cz\/index.php?rest_route=%2Fwp%2Fv2%2Fcomments&post=4020"}],"version-history":[{"count":1,"href":"https:\/\/www.ladislavjakl.cz\/index.php?rest_route=\/wp\/v2\/posts\/4020\/revisions"}],"predecessor-version":[{"id":4021,"href":"https:\/\/www.ladislavjakl.cz\/index.php?rest_route=\/wp\/v2\/posts\/4020\/revisions\/4021"}],"wp:attachment":[{"href":"https:\/\/www.ladislavjakl.cz\/index.php?rest_route=%2Fwp%2Fv2%2Fmedia&parent=4020"}],"wp:term":[{"taxonomy":"category","embeddable":true,"href":"https:\/\/www.ladislavjakl.cz\/index.php?rest_route=%2Fwp%2Fv2%2Fcategories&post=4020"},{"taxonomy":"post_tag","embeddable":true,"href":"https:\/\/www.ladislavjakl.cz\/index.php?rest_route=%2Fwp%2Fv2%2Ftags&post=4020"}],"curies":[{"name":"wp","href":"https:\/\/api.w.org\/{rel}","templated":true}]}}