{"id":4022,"date":"2013-07-05T10:30:20","date_gmt":"2013-07-05T08:30:20","guid":{"rendered":"http:\/\/www.ladislavjakl.cz\/?p=4022"},"modified":"2013-07-05T10:30:20","modified_gmt":"2013-07-05T08:30:20","slug":"ods-se-chce-omluvit-pehemu-divi-se-nechapave-jakl","status":"publish","type":"post","link":"https:\/\/www.ladislavjakl.cz\/?p=4022","title":{"rendered":"ODS se chce omluvit Pehemu? div\u00ed se nech\u00e1pav\u011b Jakl"},"content":{"rendered":"<p>N\u00e1pad P\u0159emysla Sobotky, aby se ODS omluvila za kauzu, kter\u00e1 vedla k p\u00e1du vl\u00e1dy, vyvolal ve stran\u011b i mimo ni bou\u0159liv\u00e9 reakce. Sobotk\u016fv v\u00fdrok dop\u00e1lil i spolupracovn\u00edka V\u00e1clava Klause Ladislava Jakla.<\/p>\n<p><!--more--><br \/>\n\u201eMysl\u00edm, \u017ee bychom se m\u011bli omluvit, respektive Petr Ne\u010das, kter\u00fd sv\u00e9 osobn\u00ed probl\u00e9my dostal tak daleko, \u017ee v dan\u00e9m okam\u017eiku podal demisi a t\u00edm padla cel\u00e1 vl\u00e1da. Destabilizoval celou situaci, ty d\u016fvody jsou pro n\u00e1s jako pro ODS personifikovateln\u00e9,\u201c \u0159ekl Sobotka pro \u010ceskou televizi.<\/p>\n<p>&#8222;Je jasn\u00e9, kudy se rozhodla ODS vykro\u010dit ze sv\u00e9 dne\u0161n\u00ed krize,&#8220; uvedl v reakci pro Prvnizpravy.cz Ladislav Jakl. Podle n\u011bho by takov\u00e1 omluva mohla pot\u011b\u0161it pouze ty, kte\u0159\u00ed ODS stejn\u011b nikdy nevolili:<\/p>\n<p>&#8222;M\u00edsto toho, aby se &#8218;omluvili&#8216; sv\u00fdm dlouholet\u00fdm voli\u010d\u016fm, jako jsem b\u00fdval t\u0159eba j\u00e1, hodlaj\u00ed se omlouvat lidem typu Pehe, kte\u0159\u00ed ODS nikdy nevolili a nikdy volit nebudou. Tak\u017ee vykro\u010dili od jakl\u016f sm\u011brem k peh\u016fm,\u201c posteskl si Jakl pro Prvnizpravy.cz.<\/p>\n<p>Nebyl s\u00e1m, koho Sobotkovo pokrytectv\u00ed nazlobilo.<\/p>\n<p>&#8222;Navrhovan\u00e9 gesto pova\u017euji za plan\u00e9 moralizov\u00e1n\u00ed od lid\u00ed, kte\u0159\u00ed po l\u00e9ta ve veden\u00ed strany sed\u011bli, pod\u00edleli se na rozhodnut\u00edch a nemohou se p\u0159ece tak snadno a pokrytecky zbavit sv\u00e9 zodpov\u011bdnosti. Bylo to tak v Sobotkov\u011b p\u0159\u00edpad\u011b s p\u0159edsedy Klausem, Topol\u00e1nkem a nyn\u00ed s Ne\u010dasem. Je to bohu\u017eel sm\u011b\u0161n\u00e9,&#8220; uvedl nap\u0159\u00edklad europoslanec ODS Ivo Strej\u010dek pro ParlamentniListy.cz, kter\u00e9 cituj\u00ed i reakce \u0159ady dal\u0161\u00edch politik\u016f t\u00e9to strany.<\/p>\n<p><a href=\"http:\/\/www.prvnizpravy.cz\/zpravy\/politika\/ods-se-chce-omluvit-pehemu-divi-se-nechapave-jakl\/\" target=\"_blank\">Zdroj<\/a><\/p>\n","protected":false},"excerpt":{"rendered":"<p>N\u00e1pad P\u0159emysla Sobotky, aby se ODS omluvila za kauzu, kter\u00e1 vedla k p\u00e1du vl\u00e1dy, vyvolal ve stran\u011b i mimo ni bou\u0159liv\u00e9 reakce. Sobotk\u016fv v\u00fdrok dop\u00e1lil i spolupracovn\u00edka V\u00e1clava Klause Ladislava Jakla.<\/p>\n","protected":false},"author":1,"featured_media":0,"comment_status":"open","ping_status":"open","sticky":false,"template":"","format":"standard","meta":{"ngg_post_thumbnail":0,"footnotes":""},"categories":[11],"tags":[],"class_list":["post-4022","post","type-post","status-publish","format-standard","hentry","category-ozvena"],"_links":{"self":[{"href":"https:\/\/www.ladislavjakl.cz\/index.php?rest_route=\/wp\/v2\/posts\/4022","targetHints":{"allow":["GET"]}}],"collection":[{"href":"https:\/\/www.ladislavjakl.cz\/index.php?rest_route=\/wp\/v2\/posts"}],"about":[{"href":"https:\/\/www.ladislavjakl.cz\/index.php?rest_route=\/wp\/v2\/types\/post"}],"author":[{"embeddable":true,"href":"https:\/\/www.ladislavjakl.cz\/index.php?rest_route=\/wp\/v2\/users\/1"}],"replies":[{"embeddable":true,"href":"https:\/\/www.ladislavjakl.cz\/index.php?rest_route=%2Fwp%2Fv2%2Fcomments&post=4022"}],"version-history":[{"count":1,"href":"https:\/\/www.ladislavjakl.cz\/index.php?rest_route=\/wp\/v2\/posts\/4022\/revisions"}],"predecessor-version":[{"id":4023,"href":"https:\/\/www.ladislavjakl.cz\/index.php?rest_route=\/wp\/v2\/posts\/4022\/revisions\/4023"}],"wp:attachment":[{"href":"https:\/\/www.ladislavjakl.cz\/index.php?rest_route=%2Fwp%2Fv2%2Fmedia&parent=4022"}],"wp:term":[{"taxonomy":"category","embeddable":true,"href":"https:\/\/www.ladislavjakl.cz\/index.php?rest_route=%2Fwp%2Fv2%2Fcategories&post=4022"},{"taxonomy":"post_tag","embeddable":true,"href":"https:\/\/www.ladislavjakl.cz\/index.php?rest_route=%2Fwp%2Fv2%2Ftags&post=4022"}],"curies":[{"name":"wp","href":"https:\/\/api.w.org\/{rel}","templated":true}]}}